{"id":815,"date":"2024-12-12T07:44:11","date_gmt":"2024-12-12T05:44:11","guid":{"rendered":"http:\/\/kaliszczasemmalowany.pl\/?p=815"},"modified":"2024-12-12T10:34:09","modified_gmt":"2024-12-12T08:34:09","slug":"suum-cuique-kazdemu-to-co-mu-sie-nalezy-trybunal-kaliski","status":"publish","type":"post","link":"https:\/\/kaliszczasemmalowany.pl\/index.php\/2024\/suum-cuique-kazdemu-to-co-mu-sie-nalezy-trybunal-kaliski\/","title":{"rendered":"Trybuna\u0142 kaliski SUUM CUIQUE \u2013 KA\u017bDEMU TO, CO MU SI\u0118 NALE\u017bY"},"content":{"rendered":"<p>Trybuna\u0142 kaliski <a href=\"https:\/\/kaliszczasemmalowany.pl\/index.php\/2018\/tu-na-bank-jest-sad\/\" target=\"_blank\" rel=\"nofollow noopener\">s\u0105d<\/a><\/p>\n<p><span style=\"font-size: 10pt;\"><span style=\"font-size: 12pt;\">12 grudnia 1964 roku Wpisano do rejestru zabytk\u00f3w Trybuna\u0142 kaliski<\/span><br \/>\n<\/span><\/p>\n<p><img fetchpriority=\"high\" decoding=\"async\" class=\"alignnone wp-image-820 \" src=\"https:\/\/kaliszczasemmalowany.pl\/wp-content\/uploads\/2017\/07\/trybuna\u0142-tozon.jpg\" alt=\"Trybuna\u0142 kaliski s\u0105d\" width=\"953\" height=\"634\" srcset=\"https:\/\/kaliszczasemmalowany.pl\/wp-content\/uploads\/2017\/07\/trybuna\u0142-tozon.jpg 798w, https:\/\/kaliszczasemmalowany.pl\/wp-content\/uploads\/2017\/07\/trybuna\u0142-tozon-300x200.jpg 300w, https:\/\/kaliszczasemmalowany.pl\/wp-content\/uploads\/2017\/07\/trybuna\u0142-tozon-768x511.jpg 768w\" sizes=\"(max-width: 953px) 100vw, 953px\" \/><\/p>\n<p><span style=\"font-size: 12pt;\">Trybuna\u0142 kaliski wzniesiony w latach 1820-1824 wed\u0142ug projektu architekta Sylwestra Szpilowskiego.<\/span><\/p>\n<p><img decoding=\"async\" class=\"alignnone wp-image-45012\" src=\"https:\/\/kaliszczasemmalowany.pl\/wp-content\/uploads\/2024\/03\/sad-i-most-przedzik.jpg\" alt=\"Trybuna\u0142 kaliski s\u0105d\" width=\"956\" height=\"408\" srcset=\"https:\/\/kaliszczasemmalowany.pl\/wp-content\/uploads\/2024\/03\/sad-i-most-przedzik.jpg 2431w, https:\/\/kaliszczasemmalowany.pl\/wp-content\/uploads\/2024\/03\/sad-i-most-przedzik-768x328.jpg 768w, https:\/\/kaliszczasemmalowany.pl\/wp-content\/uploads\/2024\/03\/sad-i-most-przedzik-1536x656.jpg 1536w, https:\/\/kaliszczasemmalowany.pl\/wp-content\/uploads\/2024\/03\/sad-i-most-przedzik-2048x874.jpg 2048w, https:\/\/kaliszczasemmalowany.pl\/wp-content\/uploads\/2024\/03\/sad-i-most-przedzik-1140x487.jpg 1140w\" sizes=\"(max-width: 956px) 100vw, 956px\" \/><\/p>\n<p><img decoding=\"async\" class=\"alignnone wp-image-808\" src=\"http:\/\/kaliszczasemmalowany.pl\/wp-content\/uploads\/2017\/07\/trybuna-25-1024x683.jpg\" alt=\"Trybuna\u0142 kaliski s\u0105d\" width=\"959\" height=\"639\" srcset=\"https:\/\/kaliszczasemmalowany.pl\/wp-content\/uploads\/2017\/07\/trybuna-25-1024x683.jpg 1024w, https:\/\/kaliszczasemmalowany.pl\/wp-content\/uploads\/2017\/07\/trybuna-25-300x200.jpg 300w, https:\/\/kaliszczasemmalowany.pl\/wp-content\/uploads\/2017\/07\/trybuna-25-768x512.jpg 768w, https:\/\/kaliszczasemmalowany.pl\/wp-content\/uploads\/2017\/07\/trybuna-25-1200x800.jpg 1200w\" sizes=\"(max-width: 959px) 100vw, 959px\" \/><\/p>\n<p><span style=\"font-size: 12pt;\">Na tympanonie, nad kolumnad\u0105 frontow\u0105 umieszczono napis SUUM CUIQUE \u2013 KA\u017bDEMU TO, CO MU SI\u0118 NALE\u017bY (KA\u017bDEMU CO JEGO).<\/span><\/p>\n<p><!--more--><\/p>\n<p><img loading=\"lazy\" decoding=\"async\" class=\"alignnone wp-image-809 size-large\" src=\"https:\/\/kaliszczasemmalowany.pl\/wp-content\/uploads\/2017\/07\/trybunal-06-1024x686.jpg\" alt=\"Trybuna\u0142 kaliski s\u0105d\" width=\"960\" height=\"643\" srcset=\"https:\/\/kaliszczasemmalowany.pl\/wp-content\/uploads\/2017\/07\/trybunal-06-1024x686.jpg 1024w, https:\/\/kaliszczasemmalowany.pl\/wp-content\/uploads\/2017\/07\/trybunal-06-300x201.jpg 300w, https:\/\/kaliszczasemmalowany.pl\/wp-content\/uploads\/2017\/07\/trybunal-06-768x514.jpg 768w, https:\/\/kaliszczasemmalowany.pl\/wp-content\/uploads\/2017\/07\/trybunal-06-1200x803.jpg 1200w, https:\/\/kaliszczasemmalowany.pl\/wp-content\/uploads\/2017\/07\/trybunal-06.jpg 1834w\" sizes=\"(max-width: 960px) 100vw, 960px\" \/><\/p>\n<p><img loading=\"lazy\" decoding=\"async\" class=\"alignnone wp-image-811\" src=\"http:\/\/kaliszczasemmalowany.pl\/wp-content\/uploads\/2017\/07\/trybunal-09-1024x686.jpg\" alt=\"Trybuna\u0142 kaliski s\u0105d\" width=\"962\" height=\"645\" srcset=\"https:\/\/kaliszczasemmalowany.pl\/wp-content\/uploads\/2017\/07\/trybunal-09-1024x686.jpg 1024w, https:\/\/kaliszczasemmalowany.pl\/wp-content\/uploads\/2017\/07\/trybunal-09-300x201.jpg 300w, https:\/\/kaliszczasemmalowany.pl\/wp-content\/uploads\/2017\/07\/trybunal-09-768x514.jpg 768w, https:\/\/kaliszczasemmalowany.pl\/wp-content\/uploads\/2017\/07\/trybunal-09-1200x803.jpg 1200w, https:\/\/kaliszczasemmalowany.pl\/wp-content\/uploads\/2017\/07\/trybunal-09.jpg 1834w\" sizes=\"(max-width: 962px) 100vw, 962px\" \/><\/p>\n<p><img loading=\"lazy\" decoding=\"async\" class=\"alignnone wp-image-813\" src=\"http:\/\/kaliszczasemmalowany.pl\/wp-content\/uploads\/2017\/07\/trybunal-18-1024x686.jpg\" alt=\"Trybuna\u0142 kaliski s\u0105d\" width=\"962\" height=\"645\" srcset=\"https:\/\/kaliszczasemmalowany.pl\/wp-content\/uploads\/2017\/07\/trybunal-18-1024x686.jpg 1024w, https:\/\/kaliszczasemmalowany.pl\/wp-content\/uploads\/2017\/07\/trybunal-18-300x201.jpg 300w, https:\/\/kaliszczasemmalowany.pl\/wp-content\/uploads\/2017\/07\/trybunal-18-768x514.jpg 768w, https:\/\/kaliszczasemmalowany.pl\/wp-content\/uploads\/2017\/07\/trybunal-18-1200x803.jpg 1200w, https:\/\/kaliszczasemmalowany.pl\/wp-content\/uploads\/2017\/07\/trybunal-18.jpg 1834w\" sizes=\"(max-width: 962px) 100vw, 962px\" \/><\/p>\n<p><img loading=\"lazy\" decoding=\"async\" class=\"alignnone wp-image-812\" src=\"http:\/\/kaliszczasemmalowany.pl\/wp-content\/uploads\/2017\/07\/trybunal-15-1024x686.jpg\" alt=\"Trybuna\u0142 kaliski s\u0105d\" width=\"962\" height=\"645\" srcset=\"https:\/\/kaliszczasemmalowany.pl\/wp-content\/uploads\/2017\/07\/trybunal-15-1024x686.jpg 1024w, https:\/\/kaliszczasemmalowany.pl\/wp-content\/uploads\/2017\/07\/trybunal-15-300x201.jpg 300w, https:\/\/kaliszczasemmalowany.pl\/wp-content\/uploads\/2017\/07\/trybunal-15-768x514.jpg 768w, https:\/\/kaliszczasemmalowany.pl\/wp-content\/uploads\/2017\/07\/trybunal-15-1200x803.jpg 1200w, https:\/\/kaliszczasemmalowany.pl\/wp-content\/uploads\/2017\/07\/trybunal-15.jpg 1834w\" sizes=\"(max-width: 962px) 100vw, 962px\" \/><\/p>\n<p><img loading=\"lazy\" decoding=\"async\" class=\"alignnone wp-image-810\" src=\"http:\/\/kaliszczasemmalowany.pl\/wp-content\/uploads\/2017\/07\/trybunal-07-1024x686.jpg\" alt=\"Trybuna\u0142 kaliski s\u0105d\" width=\"961\" height=\"644\" srcset=\"https:\/\/kaliszczasemmalowany.pl\/wp-content\/uploads\/2017\/07\/trybunal-07-1024x686.jpg 1024w, https:\/\/kaliszczasemmalowany.pl\/wp-content\/uploads\/2017\/07\/trybunal-07-300x201.jpg 300w, https:\/\/kaliszczasemmalowany.pl\/wp-content\/uploads\/2017\/07\/trybunal-07-768x514.jpg 768w, https:\/\/kaliszczasemmalowany.pl\/wp-content\/uploads\/2017\/07\/trybunal-07-1200x803.jpg 1200w, https:\/\/kaliszczasemmalowany.pl\/wp-content\/uploads\/2017\/07\/trybunal-07.jpg 1834w\" sizes=\"(max-width: 961px) 100vw, 961px\" \/><\/p>\n<p><img loading=\"lazy\" decoding=\"async\" class=\"alignnone wp-image-814\" src=\"http:\/\/kaliszczasemmalowany.pl\/wp-content\/uploads\/2017\/07\/trybunal-25-1024x681.jpg\" alt=\"Trybuna\u0142 kaliski s\u0105d\" width=\"962\" height=\"640\" srcset=\"https:\/\/kaliszczasemmalowany.pl\/wp-content\/uploads\/2017\/07\/trybunal-25-1024x681.jpg 1024w, https:\/\/kaliszczasemmalowany.pl\/wp-content\/uploads\/2017\/07\/trybunal-25-300x200.jpg 300w, https:\/\/kaliszczasemmalowany.pl\/wp-content\/uploads\/2017\/07\/trybunal-25-768x511.jpg 768w, https:\/\/kaliszczasemmalowany.pl\/wp-content\/uploads\/2017\/07\/trybunal-25-1200x798.jpg 1200w, https:\/\/kaliszczasemmalowany.pl\/wp-content\/uploads\/2017\/07\/trybunal-25.jpg 1846w\" sizes=\"(max-width: 962px) 100vw, 962px\" \/><\/p>\n<p><a href=\"https:\/\/www.kalisz.info\/trybunal.html\" target=\"_blank\" rel=\"noopener\">https:\/\/www.kalisz.info\/trybunal.html<\/a><\/p>\n","protected":false},"excerpt":{"rendered":"<p>Trybuna\u0142 kaliski. Gmach wzniesiony w latach 1820-1824 wed\u0142ug projektu architekta Sylwestra Szpilowskiego.<\/p>\n","protected":false},"author":2,"featured_media":42954,"comment_status":"open","ping_status":"open","sticky":false,"template":"","format":"standard","meta":{"_monsterinsights_skip_tracking":false,"_monsterinsights_sitenote_active":false,"_monsterinsights_sitenote_note":"","_monsterinsights_sitenote_category":0,"footnotes":""},"categories":[2,372],"tags":[12,511,93,254,144],"class_list":["post-815","post","type-post","status-publish","format-standard","has-post-thumbnail","hentry","category-o-kaliszu","category-zabytki","tag-aleja-wolnosci","tag-palac","tag-sad","tag-szpilowski","tag-trybunal"],"aioseo_notices":[],"aioseo_head":"\n\t\t<!-- All in One SEO Pro 4.9.0 - aioseo.com -->\n\t<meta name=\"description\" content=\"Trybuna\u0142 kaliski. Gmach wzniesiony w latach 1820-1824 wed\u0142ug projektu architekta Sylwestra Szpilowskiego. - Kalisz Czasem Malowany\" \/>\n\t<meta name=\"robots\" content=\"max-image-preview:large\" \/>\n\t<meta name=\"author\" content=\"PiK\"\/>\n\t<meta name=\"keywords\" content=\"aleja wolno\u015bci,pa\u0142ac,s\u0105d,szpilowski,trybuna\u0142,o kaliszu,zabytki\" \/>\n\t<link rel=\"canonical\" href=\"https:\/\/kaliszczasemmalowany.pl\/index.php\/2024\/suum-cuique-kazdemu-to-co-mu-sie-nalezy-trybunal-kaliski\/\" \/>\n\t<meta name=\"generator\" content=\"All in One SEO Pro (AIOSEO) 4.9.0\" \/>\n\t\t<meta property=\"og:locale\" content=\"pl_PL\" \/>\n\t\t<meta property=\"og:site_name\" content=\"Kalisz Czasem Malowany - Fotoblog subiektywny\" \/>\n\t\t<meta property=\"og:type\" content=\"activity\" \/>\n\t\t<meta property=\"og:title\" content=\"Trybuna\u0142 kaliski SUUM CUIQUE \u2013 KA\u017bDEMU TO, CO MU SI\u0118 NALE\u017bY - Kalisz Czasem Malowany\" \/>\n\t\t<meta property=\"og:description\" content=\"Trybuna\u0142 kaliski. Gmach wzniesiony w latach 1820-1824 wed\u0142ug projektu architekta Sylwestra Szpilowskiego. - Kalisz Czasem Malowany\" \/>\n\t\t<meta property=\"og:url\" content=\"https:\/\/kaliszczasemmalowany.pl\/index.php\/2024\/suum-cuique-kazdemu-to-co-mu-sie-nalezy-trybunal-kaliski\/\" \/>\n\t\t<meta property=\"fb:app_id\" content=\"1247192616682170\" \/>\n\t\t<meta property=\"fb:admins\" content=\"100003136013596,100070523616841,100004477359982\" \/>\n\t\t<meta property=\"og:image\" content=\"https:\/\/kaliszczasemmalowany.pl\/wp-content\/uploads\/2021\/01\/cropped-DSC_7538-scaled-1.webp\" \/>\n\t\t<meta property=\"og:image:secure_url\" content=\"https:\/\/kaliszczasemmalowany.pl\/wp-content\/uploads\/2021\/01\/cropped-DSC_7538-scaled-1.webp\" \/>\n\t\t<meta property=\"og:image:width\" content=\"1500\" \/>\n\t\t<meta property=\"og:image:height\" content=\"576\" \/>\n\t\t<meta name=\"twitter:card\" content=\"summary_large_image\" \/>\n\t\t<meta name=\"twitter:site\" content=\"@pik1982dil\" \/>\n\t\t<meta name=\"twitter:title\" content=\"Trybuna\u0142 kaliski SUUM CUIQUE \u2013 KA\u017bDEMU TO, CO MU SI\u0118 NALE\u017bY - Kalisz Czasem Malowany\" \/>\n\t\t<meta name=\"twitter:description\" content=\"Trybuna\u0142 kaliski. Gmach wzniesiony w latach 1820-1824 wed\u0142ug projektu architekta Sylwestra Szpilowskiego. - Kalisz Czasem Malowany\" \/>\n\t\t<meta name=\"twitter:creator\" content=\"@pik1982dil\" \/>\n\t\t<meta name=\"twitter:image\" content=\"https:\/\/kaliszczasemmalowany.pl\/wp-content\/uploads\/2021\/01\/cropped-DSC_7538-scaled-1.webp\" \/>\n\t\t<meta name=\"twitter:label1\" content=\"Autor\" \/>\n\t\t<meta name=\"twitter:data1\" content=\"PiK\" \/>\n\t\t<script type=\"application\/ld+json\" class=\"aioseo-schema\">\n\t\t\t{\"@context\":\"https:\\\/\\\/schema.org\",\"@graph\":[{\"@type\":\"BlogPosting\",\"@id\":\"https:\\\/\\\/kaliszczasemmalowany.pl\\\/index.php\\\/2024\\\/suum-cuique-kazdemu-to-co-mu-sie-nalezy-trybunal-kaliski\\\/#blogposting\",\"name\":\"Trybuna\\u0142 kaliski SUUM CUIQUE \\u2013 KA\\u017bDEMU TO, CO MU SI\\u0118 NALE\\u017bY - Kalisz Czasem Malowany\",\"headline\":\"Trybuna\\u0142 kaliski SUUM CUIQUE \\u2013 KA\\u017bDEMU TO, CO MU SI\\u0118 NALE\\u017bY\",\"author\":{\"@id\":\"https:\\\/\\\/kaliszczasemmalowany.pl\\\/index.php\\\/author\\\/krysia\\\/#author\"},\"publisher\":{\"@id\":\"https:\\\/\\\/kaliszczasemmalowany.pl\\\/#person\"},\"image\":{\"@type\":\"ImageObject\",\"url\":\"https:\\\/\\\/kaliszczasemmalowany.pl\\\/wp-content\\\/uploads\\\/2021\\\/01\\\/cropped-DSC_7538-scaled-1.webp\",\"width\":1500,\"height\":576,\"caption\":\"Trybuna\\u0142 kaliski s\\u0105d\"},\"datePublished\":\"2024-12-12T07:44:11+02:00\",\"dateModified\":\"2024-12-12T10:34:09+02:00\",\"inLanguage\":\"pl-PL\",\"commentCount\":1,\"mainEntityOfPage\":{\"@id\":\"https:\\\/\\\/kaliszczasemmalowany.pl\\\/index.php\\\/2024\\\/suum-cuique-kazdemu-to-co-mu-sie-nalezy-trybunal-kaliski\\\/#webpage\"},\"isPartOf\":{\"@id\":\"https:\\\/\\\/kaliszczasemmalowany.pl\\\/index.php\\\/2024\\\/suum-cuique-kazdemu-to-co-mu-sie-nalezy-trybunal-kaliski\\\/#webpage\"},\"articleSection\":\"O Kaliszu, zabytki, Aleja Wolno\\u015bci, pa\\u0142ac, s\\u0105d, Szpilowski, trybuna\\u0142\"},{\"@type\":\"BreadcrumbList\",\"@id\":\"https:\\\/\\\/kaliszczasemmalowany.pl\\\/index.php\\\/2024\\\/suum-cuique-kazdemu-to-co-mu-sie-nalezy-trybunal-kaliski\\\/#breadcrumblist\",\"itemListElement\":[{\"@type\":\"ListItem\",\"@id\":\"https:\\\/\\\/kaliszczasemmalowany.pl#listItem\",\"position\":1,\"name\":\"Strona g\\u0142\\u00f3wna\",\"item\":\"https:\\\/\\\/kaliszczasemmalowany.pl\",\"nextItem\":{\"@type\":\"ListItem\",\"@id\":\"https:\\\/\\\/kaliszczasemmalowany.pl\\\/index.php\\\/category\\\/o-kaliszu\\\/#listItem\",\"name\":\"O Kaliszu\"}},{\"@type\":\"ListItem\",\"@id\":\"https:\\\/\\\/kaliszczasemmalowany.pl\\\/index.php\\\/category\\\/o-kaliszu\\\/#listItem\",\"position\":2,\"name\":\"O Kaliszu\",\"item\":\"https:\\\/\\\/kaliszczasemmalowany.pl\\\/index.php\\\/category\\\/o-kaliszu\\\/\",\"nextItem\":{\"@type\":\"ListItem\",\"@id\":\"https:\\\/\\\/kaliszczasemmalowany.pl\\\/index.php\\\/2024\\\/suum-cuique-kazdemu-to-co-mu-sie-nalezy-trybunal-kaliski\\\/#listItem\",\"name\":\"Trybuna\\u0142 kaliski SUUM CUIQUE \\u2013 KA\\u017bDEMU TO, CO MU SI\\u0118 NALE\\u017bY\"},\"previousItem\":{\"@type\":\"ListItem\",\"@id\":\"https:\\\/\\\/kaliszczasemmalowany.pl#listItem\",\"name\":\"Strona g\\u0142\\u00f3wna\"}},{\"@type\":\"ListItem\",\"@id\":\"https:\\\/\\\/kaliszczasemmalowany.pl\\\/index.php\\\/2024\\\/suum-cuique-kazdemu-to-co-mu-sie-nalezy-trybunal-kaliski\\\/#listItem\",\"position\":3,\"name\":\"Trybuna\\u0142 kaliski SUUM CUIQUE \\u2013 KA\\u017bDEMU TO, CO MU SI\\u0118 NALE\\u017bY\",\"previousItem\":{\"@type\":\"ListItem\",\"@id\":\"https:\\\/\\\/kaliszczasemmalowany.pl\\\/index.php\\\/category\\\/o-kaliszu\\\/#listItem\",\"name\":\"O Kaliszu\"}}]},{\"@type\":\"Person\",\"@id\":\"https:\\\/\\\/kaliszczasemmalowany.pl\\\/#person\",\"name\":\"Pawe\\u0142 Liszewski\",\"image\":{\"@type\":\"ImageObject\",\"@id\":\"https:\\\/\\\/kaliszczasemmalowany.pl\\\/index.php\\\/2024\\\/suum-cuique-kazdemu-to-co-mu-sie-nalezy-trybunal-kaliski\\\/#personImage\",\"url\":\"https:\\\/\\\/secure.gravatar.com\\\/avatar\\\/5a5afc29e8abe93f415ca15abf21395d6303ab000250220121432e5aab91966e?s=96&d=mm&r=g\",\"width\":96,\"height\":96,\"caption\":\"Pawe\\u0142 Liszewski\"}},{\"@type\":\"Person\",\"@id\":\"https:\\\/\\\/kaliszczasemmalowany.pl\\\/index.php\\\/author\\\/krysia\\\/#author\",\"url\":\"https:\\\/\\\/kaliszczasemmalowany.pl\\\/index.php\\\/author\\\/krysia\\\/\",\"name\":\"PiK\",\"image\":{\"@type\":\"ImageObject\",\"url\":\"https:\\\/\\\/secure.gravatar.com\\\/avatar\\\/a01eefe17b2143fe4c87c80742bc7ae8a193169eeebde9de8373aab5f31e2654?s=96&d=mm&r=g\"}},{\"@type\":\"WebPage\",\"@id\":\"https:\\\/\\\/kaliszczasemmalowany.pl\\\/index.php\\\/2024\\\/suum-cuique-kazdemu-to-co-mu-sie-nalezy-trybunal-kaliski\\\/#webpage\",\"url\":\"https:\\\/\\\/kaliszczasemmalowany.pl\\\/index.php\\\/2024\\\/suum-cuique-kazdemu-to-co-mu-sie-nalezy-trybunal-kaliski\\\/\",\"name\":\"Trybuna\\u0142 kaliski SUUM CUIQUE \\u2013 KA\\u017bDEMU TO, CO MU SI\\u0118 NALE\\u017bY - Kalisz Czasem Malowany\",\"description\":\"Trybuna\\u0142 kaliski. Gmach wzniesiony w latach 1820-1824 wed\\u0142ug projektu architekta Sylwestra Szpilowskiego. - Kalisz Czasem Malowany\",\"inLanguage\":\"pl-PL\",\"isPartOf\":{\"@id\":\"https:\\\/\\\/kaliszczasemmalowany.pl\\\/#website\"},\"breadcrumb\":{\"@id\":\"https:\\\/\\\/kaliszczasemmalowany.pl\\\/index.php\\\/2024\\\/suum-cuique-kazdemu-to-co-mu-sie-nalezy-trybunal-kaliski\\\/#breadcrumblist\"},\"author\":{\"@id\":\"https:\\\/\\\/kaliszczasemmalowany.pl\\\/index.php\\\/author\\\/krysia\\\/#author\"},\"creator\":{\"@id\":\"https:\\\/\\\/kaliszczasemmalowany.pl\\\/index.php\\\/author\\\/krysia\\\/#author\"},\"image\":{\"@type\":\"ImageObject\",\"url\":\"https:\\\/\\\/kaliszczasemmalowany.pl\\\/wp-content\\\/uploads\\\/2021\\\/01\\\/cropped-DSC_7538-scaled-1.webp\",\"@id\":\"https:\\\/\\\/kaliszczasemmalowany.pl\\\/index.php\\\/2024\\\/suum-cuique-kazdemu-to-co-mu-sie-nalezy-trybunal-kaliski\\\/#mainImage\",\"width\":1500,\"height\":576,\"caption\":\"Trybuna\\u0142 kaliski s\\u0105d\"},\"primaryImageOfPage\":{\"@id\":\"https:\\\/\\\/kaliszczasemmalowany.pl\\\/index.php\\\/2024\\\/suum-cuique-kazdemu-to-co-mu-sie-nalezy-trybunal-kaliski\\\/#mainImage\"},\"datePublished\":\"2024-12-12T07:44:11+02:00\",\"dateModified\":\"2024-12-12T10:34:09+02:00\"},{\"@type\":\"WebSite\",\"@id\":\"https:\\\/\\\/kaliszczasemmalowany.pl\\\/#website\",\"url\":\"https:\\\/\\\/kaliszczasemmalowany.pl\\\/\",\"name\":\"Kalisz Czasem Malowany\",\"description\":\"Fotoblog subiektywny\",\"inLanguage\":\"pl-PL\",\"publisher\":{\"@id\":\"https:\\\/\\\/kaliszczasemmalowany.pl\\\/#person\"}}]}\n\t\t<\/script>\n\t\t<!-- All in One SEO Pro -->\r\n\t\t<title>Trybuna\u0142 kaliski SUUM CUIQUE \u2013 KA\u017bDEMU TO, CO MU SI\u0118 NALE\u017bY - Kalisz Czasem Malowany<\/title>\n\n","aioseo_head_json":{"title":"Trybuna\u0142 kaliski SUUM CUIQUE \u2013 KA\u017bDEMU TO, CO MU SI\u0118 NALE\u017bY - Kalisz Czasem Malowany","description":"Trybuna\u0142 kaliski. Gmach wzniesiony w latach 1820-1824 wed\u0142ug projektu architekta Sylwestra Szpilowskiego. - Kalisz Czasem Malowany","canonical_url":"https:\/\/kaliszczasemmalowany.pl\/index.php\/2024\/suum-cuique-kazdemu-to-co-mu-sie-nalezy-trybunal-kaliski\/","robots":"max-image-preview:large","keywords":"aleja wolno\u015bci,pa\u0142ac,s\u0105d,szpilowski,trybuna\u0142,o kaliszu,zabytki","webmasterTools":{"miscellaneous":""},"schema":{"@context":"https:\/\/schema.org","@graph":[{"@type":"BlogPosting","@id":"https:\/\/kaliszczasemmalowany.pl\/index.php\/2024\/suum-cuique-kazdemu-to-co-mu-sie-nalezy-trybunal-kaliski\/#blogposting","name":"Trybuna\u0142 kaliski SUUM CUIQUE \u2013 KA\u017bDEMU TO, CO MU SI\u0118 NALE\u017bY - Kalisz Czasem Malowany","headline":"Trybuna\u0142 kaliski SUUM CUIQUE \u2013 KA\u017bDEMU TO, CO MU SI\u0118 NALE\u017bY","author":{"@id":"https:\/\/kaliszczasemmalowany.pl\/index.php\/author\/krysia\/#author"},"publisher":{"@id":"https:\/\/kaliszczasemmalowany.pl\/#person"},"image":{"@type":"ImageObject","url":"https:\/\/kaliszczasemmalowany.pl\/wp-content\/uploads\/2021\/01\/cropped-DSC_7538-scaled-1.webp","width":1500,"height":576,"caption":"Trybuna\u0142 kaliski s\u0105d"},"datePublished":"2024-12-12T07:44:11+02:00","dateModified":"2024-12-12T10:34:09+02:00","inLanguage":"pl-PL","commentCount":1,"mainEntityOfPage":{"@id":"https:\/\/kaliszczasemmalowany.pl\/index.php\/2024\/suum-cuique-kazdemu-to-co-mu-sie-nalezy-trybunal-kaliski\/#webpage"},"isPartOf":{"@id":"https:\/\/kaliszczasemmalowany.pl\/index.php\/2024\/suum-cuique-kazdemu-to-co-mu-sie-nalezy-trybunal-kaliski\/#webpage"},"articleSection":"O Kaliszu, zabytki, Aleja Wolno\u015bci, pa\u0142ac, s\u0105d, Szpilowski, trybuna\u0142"},{"@type":"BreadcrumbList","@id":"https:\/\/kaliszczasemmalowany.pl\/index.php\/2024\/suum-cuique-kazdemu-to-co-mu-sie-nalezy-trybunal-kaliski\/#breadcrumblist","itemListElement":[{"@type":"ListItem","@id":"https:\/\/kaliszczasemmalowany.pl#listItem","position":1,"name":"Strona g\u0142\u00f3wna","item":"https:\/\/kaliszczasemmalowany.pl","nextItem":{"@type":"ListItem","@id":"https:\/\/kaliszczasemmalowany.pl\/index.php\/category\/o-kaliszu\/#listItem","name":"O Kaliszu"}},{"@type":"ListItem","@id":"https:\/\/kaliszczasemmalowany.pl\/index.php\/category\/o-kaliszu\/#listItem","position":2,"name":"O Kaliszu","item":"https:\/\/kaliszczasemmalowany.pl\/index.php\/category\/o-kaliszu\/","nextItem":{"@type":"ListItem","@id":"https:\/\/kaliszczasemmalowany.pl\/index.php\/2024\/suum-cuique-kazdemu-to-co-mu-sie-nalezy-trybunal-kaliski\/#listItem","name":"Trybuna\u0142 kaliski SUUM CUIQUE \u2013 KA\u017bDEMU TO, CO MU SI\u0118 NALE\u017bY"},"previousItem":{"@type":"ListItem","@id":"https:\/\/kaliszczasemmalowany.pl#listItem","name":"Strona g\u0142\u00f3wna"}},{"@type":"ListItem","@id":"https:\/\/kaliszczasemmalowany.pl\/index.php\/2024\/suum-cuique-kazdemu-to-co-mu-sie-nalezy-trybunal-kaliski\/#listItem","position":3,"name":"Trybuna\u0142 kaliski SUUM CUIQUE \u2013 KA\u017bDEMU TO, CO MU SI\u0118 NALE\u017bY","previousItem":{"@type":"ListItem","@id":"https:\/\/kaliszczasemmalowany.pl\/index.php\/category\/o-kaliszu\/#listItem","name":"O Kaliszu"}}]},{"@type":"Person","@id":"https:\/\/kaliszczasemmalowany.pl\/#person","name":"Pawe\u0142 Liszewski","image":{"@type":"ImageObject","@id":"https:\/\/kaliszczasemmalowany.pl\/index.php\/2024\/suum-cuique-kazdemu-to-co-mu-sie-nalezy-trybunal-kaliski\/#personImage","url":"https:\/\/secure.gravatar.com\/avatar\/5a5afc29e8abe93f415ca15abf21395d6303ab000250220121432e5aab91966e?s=96&d=mm&r=g","width":96,"height":96,"caption":"Pawe\u0142 Liszewski"}},{"@type":"Person","@id":"https:\/\/kaliszczasemmalowany.pl\/index.php\/author\/krysia\/#author","url":"https:\/\/kaliszczasemmalowany.pl\/index.php\/author\/krysia\/","name":"PiK","image":{"@type":"ImageObject","url":"https:\/\/secure.gravatar.com\/avatar\/a01eefe17b2143fe4c87c80742bc7ae8a193169eeebde9de8373aab5f31e2654?s=96&d=mm&r=g"}},{"@type":"WebPage","@id":"https:\/\/kaliszczasemmalowany.pl\/index.php\/2024\/suum-cuique-kazdemu-to-co-mu-sie-nalezy-trybunal-kaliski\/#webpage","url":"https:\/\/kaliszczasemmalowany.pl\/index.php\/2024\/suum-cuique-kazdemu-to-co-mu-sie-nalezy-trybunal-kaliski\/","name":"Trybuna\u0142 kaliski SUUM CUIQUE \u2013 KA\u017bDEMU TO, CO MU SI\u0118 NALE\u017bY - Kalisz Czasem Malowany","description":"Trybuna\u0142 kaliski. Gmach wzniesiony w latach 1820-1824 wed\u0142ug projektu architekta Sylwestra Szpilowskiego. - Kalisz Czasem Malowany","inLanguage":"pl-PL","isPartOf":{"@id":"https:\/\/kaliszczasemmalowany.pl\/#website"},"breadcrumb":{"@id":"https:\/\/kaliszczasemmalowany.pl\/index.php\/2024\/suum-cuique-kazdemu-to-co-mu-sie-nalezy-trybunal-kaliski\/#breadcrumblist"},"author":{"@id":"https:\/\/kaliszczasemmalowany.pl\/index.php\/author\/krysia\/#author"},"creator":{"@id":"https:\/\/kaliszczasemmalowany.pl\/index.php\/author\/krysia\/#author"},"image":{"@type":"ImageObject","url":"https:\/\/kaliszczasemmalowany.pl\/wp-content\/uploads\/2021\/01\/cropped-DSC_7538-scaled-1.webp","@id":"https:\/\/kaliszczasemmalowany.pl\/index.php\/2024\/suum-cuique-kazdemu-to-co-mu-sie-nalezy-trybunal-kaliski\/#mainImage","width":1500,"height":576,"caption":"Trybuna\u0142 kaliski s\u0105d"},"primaryImageOfPage":{"@id":"https:\/\/kaliszczasemmalowany.pl\/index.php\/2024\/suum-cuique-kazdemu-to-co-mu-sie-nalezy-trybunal-kaliski\/#mainImage"},"datePublished":"2024-12-12T07:44:11+02:00","dateModified":"2024-12-12T10:34:09+02:00"},{"@type":"WebSite","@id":"https:\/\/kaliszczasemmalowany.pl\/#website","url":"https:\/\/kaliszczasemmalowany.pl\/","name":"Kalisz Czasem Malowany","description":"Fotoblog subiektywny","inLanguage":"pl-PL","publisher":{"@id":"https:\/\/kaliszczasemmalowany.pl\/#person"}}]},"og:locale":"pl_PL","og:site_name":"Kalisz Czasem Malowany - Fotoblog subiektywny","og:type":"activity","og:title":"Trybuna\u0142 kaliski SUUM CUIQUE \u2013 KA\u017bDEMU TO, CO MU SI\u0118 NALE\u017bY - Kalisz Czasem Malowany","og:description":"Trybuna\u0142 kaliski. Gmach wzniesiony w latach 1820-1824 wed\u0142ug projektu architekta Sylwestra Szpilowskiego. - Kalisz Czasem Malowany","og:url":"https:\/\/kaliszczasemmalowany.pl\/index.php\/2024\/suum-cuique-kazdemu-to-co-mu-sie-nalezy-trybunal-kaliski\/","fb:app_id":"1247192616682170","fb:admins":"100003136013596,100070523616841,100004477359982","og:image":"https:\/\/kaliszczasemmalowany.pl\/wp-content\/uploads\/2021\/01\/cropped-DSC_7538-scaled-1.webp","og:image:secure_url":"https:\/\/kaliszczasemmalowany.pl\/wp-content\/uploads\/2021\/01\/cropped-DSC_7538-scaled-1.webp","og:image:width":1500,"og:image:height":576,"twitter:card":"summary_large_image","twitter:site":"@pik1982dil","twitter:title":"Trybuna\u0142 kaliski SUUM CUIQUE \u2013 KA\u017bDEMU TO, CO MU SI\u0118 NALE\u017bY - Kalisz Czasem Malowany","twitter:description":"Trybuna\u0142 kaliski. Gmach wzniesiony w latach 1820-1824 wed\u0142ug projektu architekta Sylwestra Szpilowskiego. - Kalisz Czasem Malowany","twitter:creator":"@pik1982dil","twitter:image":"https:\/\/kaliszczasemmalowany.pl\/wp-content\/uploads\/2021\/01\/cropped-DSC_7538-scaled-1.webp","twitter:label1":"Autor","twitter:data1":"PiK"},"aioseo_meta_data":{"post_id":"815","title":null,"description":"#post_excerpt #separator_sa #site_title","keywords":null,"keyphrases":{"focus":{"keyphrase":"Trybuna\u0142 kaliski","score":85,"analysis":{"keyphraseInTitle":{"score":9,"maxScore":9,"error":0},"keyphraseInDescription":{"score":9,"maxScore":9,"error":0},"keyphraseLength":{"score":9,"maxScore":9,"error":0,"length":2},"keyphraseInURL":{"score":5,"maxScore":5,"error":0},"keyphraseInIntroduction":{"score":9,"maxScore":9,"error":0},"keyphraseInSubHeadings":[],"keyphraseInImageAlt":{"score":9,"maxScore":9,"error":0},"keywordDensity":{"type":"high","score":0,"maxScore":9,"error":1}}},"additional":[]},"primary_term":null,"canonical_url":null,"og_title":null,"og_description":null,"og_object_type":"default","og_image_type":"default","og_image_url":null,"og_image_width":null,"og_image_height":null,"og_image_custom_url":null,"og_image_custom_fields":null,"og_video":"","og_custom_url":null,"og_article_section":null,"og_article_tags":null,"twitter_use_og":true,"twitter_card":"default","twitter_image_type":"default","twitter_image_url":null,"twitter_image_custom_url":null,"twitter_image_custom_fields":null,"twitter_title":null,"twitter_description":null,"schema":{"blockGraphs":[],"customGraphs":[],"default":{"data":{"Article":[],"Course":[],"Dataset":[],"FAQPage":[],"Movie":[],"Person":[],"Product":[],"ProductReview":[],"Car":[],"Recipe":[],"Service":[],"SoftwareApplication":[],"WebPage":[]},"graphName":"BlogPosting","isEnabled":true},"graphs":[]},"schema_type":"default","schema_type_options":null,"pillar_content":false,"robots_default":true,"robots_noindex":false,"robots_noarchive":false,"robots_nosnippet":false,"robots_nofollow":false,"robots_noimageindex":false,"robots_noodp":false,"robots_notranslate":false,"robots_max_snippet":"-1","robots_max_videopreview":"-1","robots_max_imagepreview":"large","priority":null,"frequency":"default","local_seo":null,"seo_analyzer_scan_date":"2025-11-28 15:01:29","breadcrumb_settings":null,"limit_modified_date":false,"reviewed_by":null,"open_ai":"{\"title\":{\"suggestions\":[],\"usage\":0},\"description\":{\"suggestions\":[],\"usage\":0}}","ai":null,"created":"2023-08-16 17:52:31","updated":"2025-11-28 15:01:29"},"aioseo_breadcrumb":"<div class=\"aioseo-breadcrumbs\"><span class=\"aioseo-breadcrumb\">\n\t<a href=\"https:\/\/kaliszczasemmalowany.pl\" title=\"Strona g\u0142\u00f3wna\">Strona g\u0142\u00f3wna<\/a>\n<\/span><span class=\"aioseo-breadcrumb-separator\">\u00bb<\/span><span class=\"aioseo-breadcrumb\">\n\t<a href=\"https:\/\/kaliszczasemmalowany.pl\/index.php\/category\/o-kaliszu\/\" title=\"O Kaliszu\">O Kaliszu<\/a>\n<\/span><span class=\"aioseo-breadcrumb-separator\">\u00bb<\/span><span class=\"aioseo-breadcrumb\">\n\tTrybuna\u0142 kaliski SUUM CUIQUE \u2013 KA\u017bDEMU TO, CO MU SI\u0118 NALE\u017bY\n<\/span><\/div>","aioseo_breadcrumb_json":[{"label":"Strona g\u0142\u00f3wna","link":"https:\/\/kaliszczasemmalowany.pl"},{"label":"O Kaliszu","link":"https:\/\/kaliszczasemmalowany.pl\/index.php\/category\/o-kaliszu\/"},{"label":"Trybuna\u0142 kaliski SUUM CUIQUE \u2013 KA\u017bDEMU TO, CO MU SI\u0118 NALE\u017bY","link":"https:\/\/kaliszczasemmalowany.pl\/index.php\/2024\/suum-cuique-kazdemu-to-co-mu-sie-nalezy-trybunal-kaliski\/"}],"acf":[],"_links":{"self":[{"href":"https:\/\/kaliszczasemmalowany.pl\/index.php\/wp-json\/wp\/v2\/posts\/815","targetHints":{"allow":["GET"]}}],"collection":[{"href":"https:\/\/kaliszczasemmalowany.pl\/index.php\/wp-json\/wp\/v2\/posts"}],"about":[{"href":"https:\/\/kaliszczasemmalowany.pl\/index.php\/wp-json\/wp\/v2\/types\/post"}],"author":[{"embeddable":true,"href":"https:\/\/kaliszczasemmalowany.pl\/index.php\/wp-json\/wp\/v2\/users\/2"}],"replies":[{"embeddable":true,"href":"https:\/\/kaliszczasemmalowany.pl\/index.php\/wp-json\/wp\/v2\/comments?post=815"}],"version-history":[{"count":15,"href":"https:\/\/kaliszczasemmalowany.pl\/index.php\/wp-json\/wp\/v2\/posts\/815\/revisions"}],"predecessor-version":[{"id":46236,"href":"https:\/\/kaliszczasemmalowany.pl\/index.php\/wp-json\/wp\/v2\/posts\/815\/revisions\/46236"}],"wp:featuredmedia":[{"embeddable":true,"href":"https:\/\/kaliszczasemmalowany.pl\/index.php\/wp-json\/wp\/v2\/media\/42954"}],"wp:attachment":[{"href":"https:\/\/kaliszczasemmalowany.pl\/index.php\/wp-json\/wp\/v2\/media?parent=815"}],"wp:term":[{"taxonomy":"category","embeddable":true,"href":"https:\/\/kaliszczasemmalowany.pl\/index.php\/wp-json\/wp\/v2\/categories?post=815"},{"taxonomy":"post_tag","embeddable":true,"href":"https:\/\/kaliszczasemmalowany.pl\/index.php\/wp-json\/wp\/v2\/tags?post=815"}],"curies":[{"name":"wp","href":"https:\/\/api.w.org\/{rel}","templated":true}]}}