{"id":47921,"date":"2026-04-23T16:40:02","date_gmt":"2026-04-23T14:40:02","guid":{"rendered":"urn:uuid:3a4ada34-d786-402a-b1ae-a101678a5ada"},"modified":"2026-04-28T21:01:40","modified_gmt":"2026-04-28T19:01:40","slug":"michal-maka-i-jego-oko-na-swiat","status":"publish","type":"post","link":"https:\/\/kaliszczasemmalowany.pl\/index.php\/2026\/michal-maka-i-jego-oko-na-swiat\/","title":{"rendered":"Micha\u0142 M\u0105ka i jego oko na \u015bwiat"},"content":{"rendered":"<p><a href=\"https:\/\/kaliszczasemmalowany.pl\/index.php\/tag\/kaliszanie\/\" target=\"_blank\" rel=\"noopener\">Micha\u0142 M\u0105ka<\/a> realizuje swoje prace w przestrzeni publicznej. Jego dzia\u0142ania artystyczne mo\u017cemy cz\u0119sto odnale\u017a\u0107 na murach kaliskich obiekt\u00f3w. Artysta jest kaliszaninem, absolwentem studi\u00f3w magisterskich na kierunku edukacja artystyczna w zakresie sztuk plastycznych na Wydziale Pedagogiczno-Artystycznym UAM w Kaliszu. Zajmuje si\u0119 malarstwem, grafik\u0105 warsztatow\u0105, plakatem, fotografi\u0105, sztuk\u0105 ulicy. Zdarza si\u0119, \u017ce umieszcza prace w opuszczonych, postindustrialnych budynkach, kt\u00f3re pragnie o\u017cywi\u0107.<\/p>\n<figure id=\"attachment_47927\" aria-describedby=\"caption-attachment-47927\" style=\"width: 2048px\" class=\"wp-caption alignnone\"><img fetchpriority=\"high\" decoding=\"async\" class=\"wp-image-47927 size-full\" src=\"https:\/\/kaliszczasemmalowany.pl\/wp-content\/uploads\/2026\/04\/DSC_7928.jpg\" alt=\"Micha\u0142 M\u0105ka \" width=\"2048\" height=\"1145\" srcset=\"https:\/\/kaliszczasemmalowany.pl\/wp-content\/uploads\/2026\/04\/DSC_7928.jpg 2048w, https:\/\/kaliszczasemmalowany.pl\/wp-content\/uploads\/2026\/04\/DSC_7928-768x429.jpg 768w, https:\/\/kaliszczasemmalowany.pl\/wp-content\/uploads\/2026\/04\/DSC_7928-1536x859.jpg 1536w, https:\/\/kaliszczasemmalowany.pl\/wp-content\/uploads\/2026\/04\/DSC_7928-1140x637.jpg 1140w\" sizes=\"(max-width: 2048px) 100vw, 2048px\" \/><figcaption id=\"caption-attachment-47927\" class=\"wp-caption-text\">IMAGO &#8211; motyl dla FLY ART &#8211; pracowni tw\u00f3rczego rozwoju. Mural mo\u017cna ogl\u0105da\u0107 na ul. Stanis\u0142awa B\u0105ka 3 w Skalmierzycach<\/figcaption><\/figure>\n<p><!--more--><\/p>\n<figure id=\"attachment_47925\" aria-describedby=\"caption-attachment-47925\" style=\"width: 1367px\" class=\"wp-caption alignnone\"><img decoding=\"async\" class=\"wp-image-47925 size-full\" src=\"https:\/\/kaliszczasemmalowany.pl\/wp-content\/uploads\/2026\/04\/DSC_7459.jpg\" alt=\"Micha\u0142 M\u0105ka\" width=\"1367\" height=\"2048\" srcset=\"https:\/\/kaliszczasemmalowany.pl\/wp-content\/uploads\/2026\/04\/DSC_7459.jpg 1367w, https:\/\/kaliszczasemmalowany.pl\/wp-content\/uploads\/2026\/04\/DSC_7459-513x768.jpg 513w, https:\/\/kaliszczasemmalowany.pl\/wp-content\/uploads\/2026\/04\/DSC_7459-768x1151.jpg 768w, https:\/\/kaliszczasemmalowany.pl\/wp-content\/uploads\/2026\/04\/DSC_7459-1025x1536.jpg 1025w, https:\/\/kaliszczasemmalowany.pl\/wp-content\/uploads\/2026\/04\/DSC_7459-1140x1708.jpg 1140w\" sizes=\"(max-width: 1367px) 100vw, 1367px\" \/><figcaption id=\"caption-attachment-47925\" class=\"wp-caption-text\">FLY AWAY &#8211; mural mo\u017cna zobaczy\u0107 na terenie powstaj\u0105cego osiedla Nowo\u017cytne, na \u017bytniej 4 w Kaliszu. Realizacja, stworzona dla Prime Finance. Powsta\u0142a na podstawie obrazu o tym samym tytule przeniesionego w skal\u0119 miejsk\u0105.<\/figcaption><\/figure>\n<figure id=\"attachment_47930\" aria-describedby=\"caption-attachment-47930\" style=\"width: 2048px\" class=\"wp-caption alignnone\"><img decoding=\"async\" class=\"wp-image-47930 size-full\" src=\"https:\/\/kaliszczasemmalowany.pl\/wp-content\/uploads\/2026\/04\/DSC_7975.jpg\" alt=\"Micha\u0142 M\u0105ka\" width=\"2048\" height=\"1334\" srcset=\"https:\/\/kaliszczasemmalowany.pl\/wp-content\/uploads\/2026\/04\/DSC_7975.jpg 2048w, https:\/\/kaliszczasemmalowany.pl\/wp-content\/uploads\/2026\/04\/DSC_7975-768x500.jpg 768w, https:\/\/kaliszczasemmalowany.pl\/wp-content\/uploads\/2026\/04\/DSC_7975-1536x1001.jpg 1536w, https:\/\/kaliszczasemmalowany.pl\/wp-content\/uploads\/2026\/04\/DSC_7975-1140x743.jpg 1140w\" sizes=\"(max-width: 2048px) 100vw, 2048px\" \/><figcaption id=\"caption-attachment-47930\" class=\"wp-caption-text\">LOOK AROUND czyli ROZEJRZYJ SI\u0118 to dzie\u0142o kaliskiego artysty Micha\u0142a M\u0105ki. Mural powsta\u0142 na bazie obrazu.<\/figcaption><\/figure>\n<p>Micha\u0142 M\u0105ka tak m\u00f3wi o tym muralu: &#8211; <em>Stwierdzi\u0142em, \u017ce odrestaurowany kompleks po by\u0142ej fabryce fortepian\u00f3w to idealne miejsce na ten obraz. Nie chcia\u0142em tutaj malowa\u0107 niczego oczywistego, \u017cadnych fortepian\u00f3w czy te\u017c portretu pana Fibigera<\/em> &#8211; t\u0142umaczy artysta. &#8211; <em>M\u0142oda kobieta symbolizuje nowe spojrzenie na fabryk\u0119 i jej nowe \u017cycie<\/em>.<\/p>\n<figure id=\"attachment_47931\" aria-describedby=\"caption-attachment-47931\" style=\"width: 2048px\" class=\"wp-caption alignnone\"><img loading=\"lazy\" decoding=\"async\" class=\"wp-image-47931 size-full\" src=\"https:\/\/kaliszczasemmalowany.pl\/wp-content\/uploads\/2026\/04\/DSC_7977.jpg\" alt=\"Micha\u0142 M\u0105ka\" width=\"2048\" height=\"1324\" srcset=\"https:\/\/kaliszczasemmalowany.pl\/wp-content\/uploads\/2026\/04\/DSC_7977.jpg 2048w, https:\/\/kaliszczasemmalowany.pl\/wp-content\/uploads\/2026\/04\/DSC_7977-768x497.jpg 768w, https:\/\/kaliszczasemmalowany.pl\/wp-content\/uploads\/2026\/04\/DSC_7977-1536x993.jpg 1536w, https:\/\/kaliszczasemmalowany.pl\/wp-content\/uploads\/2026\/04\/DSC_7977-1140x737.jpg 1140w\" sizes=\"(max-width: 2048px) 100vw, 2048px\" \/><figcaption id=\"caption-attachment-47931\" class=\"wp-caption-text\">Dziedziniec Calisii One<\/figcaption><\/figure>\n<figure id=\"attachment_47929\" aria-describedby=\"caption-attachment-47929\" style=\"width: 1376px\" class=\"wp-caption alignnone\"><img loading=\"lazy\" decoding=\"async\" class=\"wp-image-47929 size-full\" src=\"https:\/\/kaliszczasemmalowany.pl\/wp-content\/uploads\/2026\/04\/DSC_7938.jpg\" alt=\"Micha\u0142 M\u0105ka\" width=\"1376\" height=\"2048\" srcset=\"https:\/\/kaliszczasemmalowany.pl\/wp-content\/uploads\/2026\/04\/DSC_7938.jpg 1376w, https:\/\/kaliszczasemmalowany.pl\/wp-content\/uploads\/2026\/04\/DSC_7938-516x768.jpg 516w, https:\/\/kaliszczasemmalowany.pl\/wp-content\/uploads\/2026\/04\/DSC_7938-768x1143.jpg 768w, https:\/\/kaliszczasemmalowany.pl\/wp-content\/uploads\/2026\/04\/DSC_7938-1032x1536.jpg 1032w, https:\/\/kaliszczasemmalowany.pl\/wp-content\/uploads\/2026\/04\/DSC_7938-1140x1697.jpg 1140w\" sizes=\"(max-width: 1376px) 100vw, 1376px\" \/><figcaption id=\"caption-attachment-47929\" class=\"wp-caption-text\">Mural znajduje si\u0119 na murze kamienicy przy Majkowskiej 6<\/figcaption><\/figure>\n<p>Uwzgl\u0119dniaj\u0105c sugestie Wojew\u00f3dzkiego Konserwatora Zabytk\u00f3w, kolorystyka muralu b\u0119dzie stonowana, monochromatyczna i sp\u00f3jna z s\u0105siaduj\u0105cymi budynkami.<\/p>\n<figure id=\"attachment_47928\" aria-describedby=\"caption-attachment-47928\" style=\"width: 2048px\" class=\"wp-caption alignnone\"><img loading=\"lazy\" decoding=\"async\" class=\"wp-image-47928 size-full\" src=\"https:\/\/kaliszczasemmalowany.pl\/wp-content\/uploads\/2026\/04\/DSC_7931.jpg\" alt=\"Micha\u0142 M\u0105ka\" width=\"2048\" height=\"1636\" srcset=\"https:\/\/kaliszczasemmalowany.pl\/wp-content\/uploads\/2026\/04\/DSC_7931.jpg 2048w, https:\/\/kaliszczasemmalowany.pl\/wp-content\/uploads\/2026\/04\/DSC_7931-768x614.jpg 768w, https:\/\/kaliszczasemmalowany.pl\/wp-content\/uploads\/2026\/04\/DSC_7931-1536x1227.jpg 1536w, https:\/\/kaliszczasemmalowany.pl\/wp-content\/uploads\/2026\/04\/DSC_7931-1140x911.jpg 1140w\" sizes=\"(max-width: 2048px) 100vw, 2048px\" \/><figcaption id=\"caption-attachment-47928\" class=\"wp-caption-text\">Przestrze\u0144 na p\u0142aszczy\u017anie \u015bciany 2017; ulica Garbarska<\/figcaption><\/figure>\n<p>Artysta zosta\u0142 uhonorowany Nagrod\u0105 Prezydenta Miasta Kalisza za osi\u0105gni\u0119cia w dziedzinie tw\u00f3rczo\u015bci artystycznej w sezonie kulturalnym 2017\/2018.<\/p>\n<figure id=\"attachment_47924\" aria-describedby=\"caption-attachment-47924\" style=\"width: 2048px\" class=\"wp-caption alignnone\"><img loading=\"lazy\" decoding=\"async\" class=\"wp-image-47924 size-full\" src=\"https:\/\/kaliszczasemmalowany.pl\/wp-content\/uploads\/2026\/04\/DSC_2606.jpg\" alt=\"Micha\u0142 M\u0105ka\" width=\"2048\" height=\"1470\" srcset=\"https:\/\/kaliszczasemmalowany.pl\/wp-content\/uploads\/2026\/04\/DSC_2606.jpg 2048w, https:\/\/kaliszczasemmalowany.pl\/wp-content\/uploads\/2026\/04\/DSC_2606-768x551.jpg 768w, https:\/\/kaliszczasemmalowany.pl\/wp-content\/uploads\/2026\/04\/DSC_2606-1536x1103.jpg 1536w, https:\/\/kaliszczasemmalowany.pl\/wp-content\/uploads\/2026\/04\/DSC_2606-1140x818.jpg 1140w\" sizes=\"(max-width: 2048px) 100vw, 2048px\" \/><figcaption id=\"caption-attachment-47924\" class=\"wp-caption-text\">Micha\u0142 M\u0105ka tak m\u00f3wi o swoich dzia\u0142aniach &#8211; Najbli\u017csza jest mi sztuka ulicy, z kt\u00f3rej si\u0119 wywodz\u0119. Zaczyna\u0142em we wczesnych latach 2000 swoj\u0105 przygod\u0119 z graffiti, z tagowaniem. Kilka projekt\u00f3w zrealizowa\u0142em w pustostanach.<\/figcaption><\/figure>\n<p>Podg\u00f3rze; zrujnowany dom, kt\u00f3ry zosta\u0142 opuszczony przez lokator\u00f3w.<\/p>\n<figure id=\"attachment_47923\" aria-describedby=\"caption-attachment-47923\" style=\"width: 2048px\" class=\"wp-caption alignnone\"><img loading=\"lazy\" decoding=\"async\" class=\"wp-image-47923 size-full\" src=\"https:\/\/kaliszczasemmalowany.pl\/wp-content\/uploads\/2026\/04\/DSC_0313.jpg\" alt=\"Micha\u0142 M\u0105ka\" width=\"2048\" height=\"1608\" srcset=\"https:\/\/kaliszczasemmalowany.pl\/wp-content\/uploads\/2026\/04\/DSC_0313.jpg 2048w, https:\/\/kaliszczasemmalowany.pl\/wp-content\/uploads\/2026\/04\/DSC_0313-768x603.jpg 768w, https:\/\/kaliszczasemmalowany.pl\/wp-content\/uploads\/2026\/04\/DSC_0313-1536x1206.jpg 1536w, https:\/\/kaliszczasemmalowany.pl\/wp-content\/uploads\/2026\/04\/DSC_0313-1140x895.jpg 1140w\" sizes=\"(max-width: 2048px) 100vw, 2048px\" \/><figcaption id=\"caption-attachment-47923\" class=\"wp-caption-text\">Opuszczony dom na ulicy Mieczys\u0142awa Starego 4; Na wielu pracach widzimy postaci z antyku wpisane w uk\u0142ady prostych, wyrazistych linii.<\/figcaption><\/figure>\n<figure id=\"attachment_47939\" aria-describedby=\"caption-attachment-47939\" style=\"width: 2048px\" class=\"wp-caption alignnone\"><img loading=\"lazy\" decoding=\"async\" class=\"wp-image-47939 size-full\" src=\"https:\/\/kaliszczasemmalowany.pl\/wp-content\/uploads\/2026\/04\/DSC_8052.jpg\" alt=\"Micha\u0142 M\u0105ka\" width=\"2048\" height=\"1317\" srcset=\"https:\/\/kaliszczasemmalowany.pl\/wp-content\/uploads\/2026\/04\/DSC_8052.jpg 2048w, https:\/\/kaliszczasemmalowany.pl\/wp-content\/uploads\/2026\/04\/DSC_8052-768x494.jpg 768w, https:\/\/kaliszczasemmalowany.pl\/wp-content\/uploads\/2026\/04\/DSC_8052-1536x988.jpg 1536w, https:\/\/kaliszczasemmalowany.pl\/wp-content\/uploads\/2026\/04\/DSC_8052-1140x733.jpg 1140w\" sizes=\"(max-width: 2048px) 100vw, 2048px\" \/><figcaption id=\"caption-attachment-47939\" class=\"wp-caption-text\">Praca namalowana w tunelu pod wiaduktem na Zagorzynku.<\/figcaption><\/figure>\n<figure id=\"attachment_47938\" aria-describedby=\"caption-attachment-47938\" style=\"width: 2048px\" class=\"wp-caption alignnone\"><img loading=\"lazy\" decoding=\"async\" class=\"wp-image-47938 size-full\" src=\"https:\/\/kaliszczasemmalowany.pl\/wp-content\/uploads\/2026\/04\/DSC_8045.jpg\" alt=\"Micha\u0142 M\u0105ka\" width=\"2048\" height=\"1600\" srcset=\"https:\/\/kaliszczasemmalowany.pl\/wp-content\/uploads\/2026\/04\/DSC_8045.jpg 2048w, https:\/\/kaliszczasemmalowany.pl\/wp-content\/uploads\/2026\/04\/DSC_8045-768x600.jpg 768w, https:\/\/kaliszczasemmalowany.pl\/wp-content\/uploads\/2026\/04\/DSC_8045-1536x1200.jpg 1536w, https:\/\/kaliszczasemmalowany.pl\/wp-content\/uploads\/2026\/04\/DSC_8045-1140x891.jpg 1140w\" sizes=\"(max-width: 2048px) 100vw, 2048px\" \/><figcaption id=\"caption-attachment-47938\" class=\"wp-caption-text\">Artysta Street Artu powiedzia\u0142; Planowa\u0142em o\u017cywi\u0107 ten tunel. Pami\u0119tam go z dzieci\u0144stwa, zawsze by\u0142 ciemny, ponury i brudny. Ka\u017cdy si\u0119 tam ba\u0142 przechodzi\u0107. Chcia\u0142em to miejsce odczarowa\u0107, pokaza\u0107, \u017ce mo\u017ce by\u0107 kolorowe, przyjazne mieszka\u0144com.<\/figcaption><\/figure>\n<figure id=\"attachment_47940\" aria-describedby=\"caption-attachment-47940\" style=\"width: 2048px\" class=\"wp-caption alignnone\"><img loading=\"lazy\" decoding=\"async\" class=\"wp-image-47940 size-full\" src=\"https:\/\/kaliszczasemmalowany.pl\/wp-content\/uploads\/2026\/04\/DSC_8055.jpg\" alt=\"Micha\u0142 M\u0105ka\" width=\"2048\" height=\"1365\" srcset=\"https:\/\/kaliszczasemmalowany.pl\/wp-content\/uploads\/2026\/04\/DSC_8055.jpg 2048w, https:\/\/kaliszczasemmalowany.pl\/wp-content\/uploads\/2026\/04\/DSC_8055-768x512.jpg 768w, https:\/\/kaliszczasemmalowany.pl\/wp-content\/uploads\/2026\/04\/DSC_8055-1536x1024.jpg 1536w, https:\/\/kaliszczasemmalowany.pl\/wp-content\/uploads\/2026\/04\/DSC_8055-1140x760.jpg 1140w\" sizes=\"(max-width: 2048px) 100vw, 2048px\" \/><figcaption id=\"caption-attachment-47940\" class=\"wp-caption-text\">Sztuka uliczna Micha\u0142a Maki \u017cyje w\u0142asnym \u017cyciem. Do jego dzie\u0142a przy\u0142\u0105cza si\u0119 wielu graficiarzy wzbogacaj\u0105c prac\u0119 artysty .<\/figcaption><\/figure>\n<p>\u017ar\u00f3d\u0142a:<br \/>\n<a href=\"https:\/\/kalisz.naszemiasto.pl\/murale-w-kaliszu-nowe-malowidlo-zdobi-tunel-pod-wiaduktem\/gh\/c13-9030613\" target=\"_blank\" rel=\"nofollow noopener\">https:\/\/kalisz.naszemiasto.pl\/murale-w-kaliszu-nowe-malowidlo-zdobi-tunel-pod-wiaduktem\/gh\/c13-9030613<br \/>\n<\/a><a href=\"https:\/\/kalisz.naszemiasto.pl\/najblizsza-jest-mi-sztuka-ulicy-rozmawiamy-z-kaliskim\/ar\/c13-9142755\" target=\"_blank\" rel=\"nofollow noopener\">https:\/\/kalisz.naszemiasto.pl\/najblizsza-jest-mi-sztuka-ulicy-rozmawiamy-z-kaliskim\/ar\/c13-9142755<\/a><br \/>\n<a href=\"https:\/\/www.artvip.pl\/artysta-michal-maka\/\" target=\"_blank\" rel=\"nofollow noopener\">https:\/\/www.artvip.pl\/artysta-michal-maka\/<\/a><\/p>\n","protected":false},"excerpt":{"rendered":"<p>Micha\u0142 M\u0105ka realizuje swoje prace w przestrzeni publicznej. Jego dzia\u0142ania artystyczne mo\u017cemy cz\u0119sto odnale\u017a\u0107 na murach kaliskich obiekt\u00f3w.<\/p>\n","protected":false},"author":2,"featured_media":47926,"comment_status":"open","ping_status":"closed","sticky":false,"template":"","format":"standard","meta":{"_monsterinsights_skip_tracking":false,"_monsterinsights_sitenote_active":false,"_monsterinsights_sitenote_note":"","_monsterinsights_sitenote_category":0,"footnotes":""},"categories":[39,2],"tags":[326,341,446,462,218,1137,1135,1136,185,1138,1120],"class_list":["post-47921","post","type-post","status-publish","format-standard","has-post-thumbnail","hentry","category-kaliszanie","category-o-kaliszu","tag-calisiaone","tag-garbarska","tag-majkowska","tag-michal-maka","tag-podgorze","tag-skalmierzyce","tag-stare-miasto","tag-street-art","tag-szopena","tag-zagorzynek","tag-zytnia"],"aioseo_notices":[],"aioseo_head":"\n\t\t<!-- All in One SEO Pro 4.9.0 - aioseo.com -->\n\t<meta name=\"description\" content=\"Micha\u0142 M\u0105ka realizuje swoje prace w przestrzeni publicznej. Jego dzia\u0142ania artystyczne mo\u017cemy cz\u0119sto odnale\u017a\u0107 na murach kaliskich obiekt\u00f3w.\" \/>\n\t<meta name=\"robots\" content=\"max-image-preview:large\" \/>\n\t<meta name=\"author\" content=\"PiK\"\/>\n\t<meta name=\"keywords\" content=\"calisiaone,garbarska,majkowska,micha\u0142 m\u0105ka,podg\u00f3rze,skalmierzyce,stare miasto,street art,szopena,zagorzynek,\u017cytnia,kaliszanie,o kaliszu\" \/>\n\t<link rel=\"canonical\" href=\"https:\/\/kaliszczasemmalowany.pl\/index.php\/2026\/michal-maka-i-jego-oko-na-swiat\/\" \/>\n\t<meta name=\"generator\" content=\"All in One SEO Pro (AIOSEO) 4.9.0\" \/>\n\t\t<meta property=\"og:locale\" content=\"pl_PL\" \/>\n\t\t<meta property=\"og:site_name\" content=\"Kalisz Czasem Malowany - Fotoblog subiektywny\" \/>\n\t\t<meta property=\"og:type\" content=\"activity\" \/>\n\t\t<meta property=\"og:title\" content=\"Micha\u0142 M\u0105ka i jego oko na \u015bwiat - Kalisz Czasem Malowany\" \/>\n\t\t<meta property=\"og:description\" content=\"Micha\u0142 M\u0105ka realizuje swoje prace w przestrzeni publicznej. Jego dzia\u0142ania artystyczne mo\u017cemy cz\u0119sto odnale\u017a\u0107 na murach kaliskich obiekt\u00f3w.\" \/>\n\t\t<meta property=\"og:url\" content=\"https:\/\/kaliszczasemmalowany.pl\/index.php\/2026\/michal-maka-i-jego-oko-na-swiat\/\" \/>\n\t\t<meta property=\"fb:app_id\" content=\"1247192616682170\" \/>\n\t\t<meta property=\"fb:admins\" content=\"100003136013596,100070523616841,100004477359982\" \/>\n\t\t<meta property=\"og:image\" content=\"https:\/\/kaliszczasemmalowany.pl\/wp-content\/uploads\/2026\/04\/DSC_7926.jpg\" \/>\n\t\t<meta property=\"og:image:secure_url\" content=\"https:\/\/kaliszczasemmalowany.pl\/wp-content\/uploads\/2026\/04\/DSC_7926.jpg\" \/>\n\t\t<meta property=\"og:image:width\" content=\"2048\" \/>\n\t\t<meta property=\"og:image:height\" content=\"1732\" \/>\n\t\t<meta name=\"twitter:card\" content=\"summary_large_image\" \/>\n\t\t<meta name=\"twitter:site\" content=\"@pik1982dil\" \/>\n\t\t<meta name=\"twitter:title\" content=\"Micha\u0142 M\u0105ka i jego oko na \u015bwiat - Kalisz Czasem Malowany\" \/>\n\t\t<meta name=\"twitter:description\" content=\"Micha\u0142 M\u0105ka realizuje swoje prace w przestrzeni publicznej. Jego dzia\u0142ania artystyczne mo\u017cemy cz\u0119sto odnale\u017a\u0107 na murach kaliskich obiekt\u00f3w.\" \/>\n\t\t<meta name=\"twitter:creator\" content=\"@pik1982dil\" \/>\n\t\t<meta name=\"twitter:image\" content=\"https:\/\/kaliszczasemmalowany.pl\/wp-content\/uploads\/2026\/04\/DSC_7926.jpg\" \/>\n\t\t<meta name=\"twitter:label1\" content=\"Autor\" \/>\n\t\t<meta name=\"twitter:data1\" content=\"PiK\" \/>\n\t\t<meta name=\"twitter:label2\" content=\"Szac. czas czytania\" \/>\n\t\t<meta name=\"twitter:data2\" content=\"3 minuty\" \/>\n\t\t<script type=\"application\/ld+json\" class=\"aioseo-schema\">\n\t\t\t{\"@context\":\"https:\\\/\\\/schema.org\",\"@graph\":[{\"@type\":\"BlogPosting\",\"@id\":\"https:\\\/\\\/kaliszczasemmalowany.pl\\\/index.php\\\/2026\\\/michal-maka-i-jego-oko-na-swiat\\\/#blogposting\",\"name\":\"Micha\\u0142 M\\u0105ka i jego oko na \\u015bwiat - Kalisz Czasem Malowany\",\"headline\":\"Micha\\u0142 M\\u0105ka i jego oko na \\u015bwiat\",\"author\":{\"@id\":\"https:\\\/\\\/kaliszczasemmalowany.pl\\\/index.php\\\/author\\\/krysia\\\/#author\"},\"publisher\":{\"@id\":\"https:\\\/\\\/kaliszczasemmalowany.pl\\\/#person\"},\"image\":{\"@type\":\"ImageObject\",\"url\":\"https:\\\/\\\/kaliszczasemmalowany.pl\\\/wp-content\\\/uploads\\\/2026\\\/04\\\/DSC_7926.jpg\",\"width\":2048,\"height\":1732},\"datePublished\":\"2026-04-23T16:40:02+02:00\",\"dateModified\":\"2026-04-28T21:01:40+02:00\",\"inLanguage\":\"pl-PL\",\"mainEntityOfPage\":{\"@id\":\"https:\\\/\\\/kaliszczasemmalowany.pl\\\/index.php\\\/2026\\\/michal-maka-i-jego-oko-na-swiat\\\/#webpage\"},\"isPartOf\":{\"@id\":\"https:\\\/\\\/kaliszczasemmalowany.pl\\\/index.php\\\/2026\\\/michal-maka-i-jego-oko-na-swiat\\\/#webpage\"},\"articleSection\":\"kaliszanie, O Kaliszu, CalisiaOne, Garbarska, Majkowska, Micha\\u0142 M\\u0105ka, Podg\\u00f3rze, Skalmierzyce, Stare Miasto, Street Art, Szopena, Zagorzynek, \\u017bytnia\"},{\"@type\":\"BreadcrumbList\",\"@id\":\"https:\\\/\\\/kaliszczasemmalowany.pl\\\/index.php\\\/2026\\\/michal-maka-i-jego-oko-na-swiat\\\/#breadcrumblist\",\"itemListElement\":[{\"@type\":\"ListItem\",\"@id\":\"https:\\\/\\\/kaliszczasemmalowany.pl#listItem\",\"position\":1,\"name\":\"Strona g\\u0142\\u00f3wna\",\"item\":\"https:\\\/\\\/kaliszczasemmalowany.pl\",\"nextItem\":{\"@type\":\"ListItem\",\"@id\":\"https:\\\/\\\/kaliszczasemmalowany.pl\\\/index.php\\\/category\\\/o-kaliszu\\\/#listItem\",\"name\":\"O Kaliszu\"}},{\"@type\":\"ListItem\",\"@id\":\"https:\\\/\\\/kaliszczasemmalowany.pl\\\/index.php\\\/category\\\/o-kaliszu\\\/#listItem\",\"position\":2,\"name\":\"O Kaliszu\",\"item\":\"https:\\\/\\\/kaliszczasemmalowany.pl\\\/index.php\\\/category\\\/o-kaliszu\\\/\",\"nextItem\":{\"@type\":\"ListItem\",\"@id\":\"https:\\\/\\\/kaliszczasemmalowany.pl\\\/index.php\\\/2026\\\/michal-maka-i-jego-oko-na-swiat\\\/#listItem\",\"name\":\"Micha\\u0142 M\\u0105ka i jego oko na \\u015bwiat\"},\"previousItem\":{\"@type\":\"ListItem\",\"@id\":\"https:\\\/\\\/kaliszczasemmalowany.pl#listItem\",\"name\":\"Strona g\\u0142\\u00f3wna\"}},{\"@type\":\"ListItem\",\"@id\":\"https:\\\/\\\/kaliszczasemmalowany.pl\\\/index.php\\\/2026\\\/michal-maka-i-jego-oko-na-swiat\\\/#listItem\",\"position\":3,\"name\":\"Micha\\u0142 M\\u0105ka i jego oko na \\u015bwiat\",\"previousItem\":{\"@type\":\"ListItem\",\"@id\":\"https:\\\/\\\/kaliszczasemmalowany.pl\\\/index.php\\\/category\\\/o-kaliszu\\\/#listItem\",\"name\":\"O Kaliszu\"}}]},{\"@type\":\"Person\",\"@id\":\"https:\\\/\\\/kaliszczasemmalowany.pl\\\/#person\",\"name\":\"Pawe\\u0142 Liszewski\",\"image\":{\"@type\":\"ImageObject\",\"@id\":\"https:\\\/\\\/kaliszczasemmalowany.pl\\\/index.php\\\/2026\\\/michal-maka-i-jego-oko-na-swiat\\\/#personImage\",\"url\":\"https:\\\/\\\/secure.gravatar.com\\\/avatar\\\/5a5afc29e8abe93f415ca15abf21395d6303ab000250220121432e5aab91966e?s=96&d=mm&r=g\",\"width\":96,\"height\":96,\"caption\":\"Pawe\\u0142 Liszewski\"}},{\"@type\":\"Person\",\"@id\":\"https:\\\/\\\/kaliszczasemmalowany.pl\\\/index.php\\\/author\\\/krysia\\\/#author\",\"url\":\"https:\\\/\\\/kaliszczasemmalowany.pl\\\/index.php\\\/author\\\/krysia\\\/\",\"name\":\"PiK\",\"image\":{\"@type\":\"ImageObject\",\"url\":\"https:\\\/\\\/secure.gravatar.com\\\/avatar\\\/a01eefe17b2143fe4c87c80742bc7ae8a193169eeebde9de8373aab5f31e2654?s=96&d=mm&r=g\"}},{\"@type\":\"WebPage\",\"@id\":\"https:\\\/\\\/kaliszczasemmalowany.pl\\\/index.php\\\/2026\\\/michal-maka-i-jego-oko-na-swiat\\\/#webpage\",\"url\":\"https:\\\/\\\/kaliszczasemmalowany.pl\\\/index.php\\\/2026\\\/michal-maka-i-jego-oko-na-swiat\\\/\",\"name\":\"Micha\\u0142 M\\u0105ka i jego oko na \\u015bwiat - Kalisz Czasem Malowany\",\"description\":\"Micha\\u0142 M\\u0105ka realizuje swoje prace w przestrzeni publicznej. Jego dzia\\u0142ania artystyczne mo\\u017cemy cz\\u0119sto odnale\\u017a\\u0107 na murach kaliskich obiekt\\u00f3w.\",\"inLanguage\":\"pl-PL\",\"isPartOf\":{\"@id\":\"https:\\\/\\\/kaliszczasemmalowany.pl\\\/#website\"},\"breadcrumb\":{\"@id\":\"https:\\\/\\\/kaliszczasemmalowany.pl\\\/index.php\\\/2026\\\/michal-maka-i-jego-oko-na-swiat\\\/#breadcrumblist\"},\"author\":{\"@id\":\"https:\\\/\\\/kaliszczasemmalowany.pl\\\/index.php\\\/author\\\/krysia\\\/#author\"},\"creator\":{\"@id\":\"https:\\\/\\\/kaliszczasemmalowany.pl\\\/index.php\\\/author\\\/krysia\\\/#author\"},\"image\":{\"@type\":\"ImageObject\",\"url\":\"https:\\\/\\\/kaliszczasemmalowany.pl\\\/wp-content\\\/uploads\\\/2026\\\/04\\\/DSC_7926.jpg\",\"@id\":\"https:\\\/\\\/kaliszczasemmalowany.pl\\\/index.php\\\/2026\\\/michal-maka-i-jego-oko-na-swiat\\\/#mainImage\",\"width\":2048,\"height\":1732},\"primaryImageOfPage\":{\"@id\":\"https:\\\/\\\/kaliszczasemmalowany.pl\\\/index.php\\\/2026\\\/michal-maka-i-jego-oko-na-swiat\\\/#mainImage\"},\"datePublished\":\"2026-04-23T16:40:02+02:00\",\"dateModified\":\"2026-04-28T21:01:40+02:00\"},{\"@type\":\"WebSite\",\"@id\":\"https:\\\/\\\/kaliszczasemmalowany.pl\\\/#website\",\"url\":\"https:\\\/\\\/kaliszczasemmalowany.pl\\\/\",\"name\":\"Kalisz Czasem Malowany\",\"description\":\"Fotoblog subiektywny\",\"inLanguage\":\"pl-PL\",\"publisher\":{\"@id\":\"https:\\\/\\\/kaliszczasemmalowany.pl\\\/#person\"}}]}\n\t\t<\/script>\n\t\t<!-- All in One SEO Pro -->\r\n\t\t<title>Micha\u0142 M\u0105ka i jego oko na \u015bwiat - Kalisz Czasem Malowany<\/title>\n\n","aioseo_head_json":{"title":"Micha\u0142 M\u0105ka i jego oko na \u015bwiat - Kalisz Czasem Malowany","description":"Micha\u0142 M\u0105ka realizuje swoje prace w przestrzeni publicznej. Jego dzia\u0142ania artystyczne mo\u017cemy cz\u0119sto odnale\u017a\u0107 na murach kaliskich obiekt\u00f3w.","canonical_url":"https:\/\/kaliszczasemmalowany.pl\/index.php\/2026\/michal-maka-i-jego-oko-na-swiat\/","robots":"max-image-preview:large","keywords":"calisiaone,garbarska,majkowska,micha\u0142 m\u0105ka,podg\u00f3rze,skalmierzyce,stare miasto,street art,szopena,zagorzynek,\u017cytnia,kaliszanie,o kaliszu","webmasterTools":{"miscellaneous":""},"schema":{"@context":"https:\/\/schema.org","@graph":[{"@type":"BlogPosting","@id":"https:\/\/kaliszczasemmalowany.pl\/index.php\/2026\/michal-maka-i-jego-oko-na-swiat\/#blogposting","name":"Micha\u0142 M\u0105ka i jego oko na \u015bwiat - Kalisz Czasem Malowany","headline":"Micha\u0142 M\u0105ka i jego oko na \u015bwiat","author":{"@id":"https:\/\/kaliszczasemmalowany.pl\/index.php\/author\/krysia\/#author"},"publisher":{"@id":"https:\/\/kaliszczasemmalowany.pl\/#person"},"image":{"@type":"ImageObject","url":"https:\/\/kaliszczasemmalowany.pl\/wp-content\/uploads\/2026\/04\/DSC_7926.jpg","width":2048,"height":1732},"datePublished":"2026-04-23T16:40:02+02:00","dateModified":"2026-04-28T21:01:40+02:00","inLanguage":"pl-PL","mainEntityOfPage":{"@id":"https:\/\/kaliszczasemmalowany.pl\/index.php\/2026\/michal-maka-i-jego-oko-na-swiat\/#webpage"},"isPartOf":{"@id":"https:\/\/kaliszczasemmalowany.pl\/index.php\/2026\/michal-maka-i-jego-oko-na-swiat\/#webpage"},"articleSection":"kaliszanie, O Kaliszu, CalisiaOne, Garbarska, Majkowska, Micha\u0142 M\u0105ka, Podg\u00f3rze, Skalmierzyce, Stare Miasto, Street Art, Szopena, Zagorzynek, \u017bytnia"},{"@type":"BreadcrumbList","@id":"https:\/\/kaliszczasemmalowany.pl\/index.php\/2026\/michal-maka-i-jego-oko-na-swiat\/#breadcrumblist","itemListElement":[{"@type":"ListItem","@id":"https:\/\/kaliszczasemmalowany.pl#listItem","position":1,"name":"Strona g\u0142\u00f3wna","item":"https:\/\/kaliszczasemmalowany.pl","nextItem":{"@type":"ListItem","@id":"https:\/\/kaliszczasemmalowany.pl\/index.php\/category\/o-kaliszu\/#listItem","name":"O Kaliszu"}},{"@type":"ListItem","@id":"https:\/\/kaliszczasemmalowany.pl\/index.php\/category\/o-kaliszu\/#listItem","position":2,"name":"O Kaliszu","item":"https:\/\/kaliszczasemmalowany.pl\/index.php\/category\/o-kaliszu\/","nextItem":{"@type":"ListItem","@id":"https:\/\/kaliszczasemmalowany.pl\/index.php\/2026\/michal-maka-i-jego-oko-na-swiat\/#listItem","name":"Micha\u0142 M\u0105ka i jego oko na \u015bwiat"},"previousItem":{"@type":"ListItem","@id":"https:\/\/kaliszczasemmalowany.pl#listItem","name":"Strona g\u0142\u00f3wna"}},{"@type":"ListItem","@id":"https:\/\/kaliszczasemmalowany.pl\/index.php\/2026\/michal-maka-i-jego-oko-na-swiat\/#listItem","position":3,"name":"Micha\u0142 M\u0105ka i jego oko na \u015bwiat","previousItem":{"@type":"ListItem","@id":"https:\/\/kaliszczasemmalowany.pl\/index.php\/category\/o-kaliszu\/#listItem","name":"O Kaliszu"}}]},{"@type":"Person","@id":"https:\/\/kaliszczasemmalowany.pl\/#person","name":"Pawe\u0142 Liszewski","image":{"@type":"ImageObject","@id":"https:\/\/kaliszczasemmalowany.pl\/index.php\/2026\/michal-maka-i-jego-oko-na-swiat\/#personImage","url":"https:\/\/secure.gravatar.com\/avatar\/5a5afc29e8abe93f415ca15abf21395d6303ab000250220121432e5aab91966e?s=96&d=mm&r=g","width":96,"height":96,"caption":"Pawe\u0142 Liszewski"}},{"@type":"Person","@id":"https:\/\/kaliszczasemmalowany.pl\/index.php\/author\/krysia\/#author","url":"https:\/\/kaliszczasemmalowany.pl\/index.php\/author\/krysia\/","name":"PiK","image":{"@type":"ImageObject","url":"https:\/\/secure.gravatar.com\/avatar\/a01eefe17b2143fe4c87c80742bc7ae8a193169eeebde9de8373aab5f31e2654?s=96&d=mm&r=g"}},{"@type":"WebPage","@id":"https:\/\/kaliszczasemmalowany.pl\/index.php\/2026\/michal-maka-i-jego-oko-na-swiat\/#webpage","url":"https:\/\/kaliszczasemmalowany.pl\/index.php\/2026\/michal-maka-i-jego-oko-na-swiat\/","name":"Micha\u0142 M\u0105ka i jego oko na \u015bwiat - Kalisz Czasem Malowany","description":"Micha\u0142 M\u0105ka realizuje swoje prace w przestrzeni publicznej. Jego dzia\u0142ania artystyczne mo\u017cemy cz\u0119sto odnale\u017a\u0107 na murach kaliskich obiekt\u00f3w.","inLanguage":"pl-PL","isPartOf":{"@id":"https:\/\/kaliszczasemmalowany.pl\/#website"},"breadcrumb":{"@id":"https:\/\/kaliszczasemmalowany.pl\/index.php\/2026\/michal-maka-i-jego-oko-na-swiat\/#breadcrumblist"},"author":{"@id":"https:\/\/kaliszczasemmalowany.pl\/index.php\/author\/krysia\/#author"},"creator":{"@id":"https:\/\/kaliszczasemmalowany.pl\/index.php\/author\/krysia\/#author"},"image":{"@type":"ImageObject","url":"https:\/\/kaliszczasemmalowany.pl\/wp-content\/uploads\/2026\/04\/DSC_7926.jpg","@id":"https:\/\/kaliszczasemmalowany.pl\/index.php\/2026\/michal-maka-i-jego-oko-na-swiat\/#mainImage","width":2048,"height":1732},"primaryImageOfPage":{"@id":"https:\/\/kaliszczasemmalowany.pl\/index.php\/2026\/michal-maka-i-jego-oko-na-swiat\/#mainImage"},"datePublished":"2026-04-23T16:40:02+02:00","dateModified":"2026-04-28T21:01:40+02:00"},{"@type":"WebSite","@id":"https:\/\/kaliszczasemmalowany.pl\/#website","url":"https:\/\/kaliszczasemmalowany.pl\/","name":"Kalisz Czasem Malowany","description":"Fotoblog subiektywny","inLanguage":"pl-PL","publisher":{"@id":"https:\/\/kaliszczasemmalowany.pl\/#person"}}]},"og:locale":"pl_PL","og:site_name":"Kalisz Czasem Malowany - Fotoblog subiektywny","og:type":"activity","og:title":"Micha\u0142 M\u0105ka i jego oko na \u015bwiat - Kalisz Czasem Malowany","og:description":"Micha\u0142 M\u0105ka realizuje swoje prace w przestrzeni publicznej. Jego dzia\u0142ania artystyczne mo\u017cemy cz\u0119sto odnale\u017a\u0107 na murach kaliskich obiekt\u00f3w.","og:url":"https:\/\/kaliszczasemmalowany.pl\/index.php\/2026\/michal-maka-i-jego-oko-na-swiat\/","fb:app_id":"1247192616682170","fb:admins":"100003136013596,100070523616841,100004477359982","og:image":"https:\/\/kaliszczasemmalowany.pl\/wp-content\/uploads\/2026\/04\/DSC_7926.jpg","og:image:secure_url":"https:\/\/kaliszczasemmalowany.pl\/wp-content\/uploads\/2026\/04\/DSC_7926.jpg","og:image:width":2048,"og:image:height":1732,"twitter:card":"summary_large_image","twitter:site":"@pik1982dil","twitter:title":"Micha\u0142 M\u0105ka i jego oko na \u015bwiat - Kalisz Czasem Malowany","twitter:description":"Micha\u0142 M\u0105ka realizuje swoje prace w przestrzeni publicznej. Jego dzia\u0142ania artystyczne mo\u017cemy cz\u0119sto odnale\u017a\u0107 na murach kaliskich obiekt\u00f3w.","twitter:creator":"@pik1982dil","twitter:image":"https:\/\/kaliszczasemmalowany.pl\/wp-content\/uploads\/2026\/04\/DSC_7926.jpg","twitter:label1":"Autor","twitter:data1":"PiK","twitter:label2":"Szac. czas czytania","twitter:data2":"3 minuty"},"aioseo_meta_data":{"post_id":"47921","title":null,"description":null,"keywords":null,"keyphrases":{"focus":{"keyphrase":"Micha\u0142 M\u0105ka","score":100,"analysis":{"keyphraseInTitle":{"score":9,"maxScore":9,"error":0},"keyphraseInDescription":{"score":9,"maxScore":9,"error":0},"keyphraseLength":{"score":9,"maxScore":9,"error":0,"length":3},"keyphraseInURL":{"score":5,"maxScore":5,"error":0},"keyphraseInIntroduction":{"score":9,"maxScore":9,"error":0},"keyphraseInSubHeadings":[],"keyphraseInImageAlt":{"score":9,"maxScore":9,"error":0},"keywordDensity":{"type":"best","score":9,"maxScore":9,"error":0}}},"additional":[]},"primary_term":null,"canonical_url":null,"og_title":null,"og_description":null,"og_object_type":"default","og_image_type":"default","og_image_url":null,"og_image_width":null,"og_image_height":null,"og_image_custom_url":null,"og_image_custom_fields":null,"og_video":"","og_custom_url":null,"og_article_section":null,"og_article_tags":null,"twitter_use_og":true,"twitter_card":"default","twitter_image_type":"default","twitter_image_url":null,"twitter_image_custom_url":null,"twitter_image_custom_fields":null,"twitter_title":null,"twitter_description":null,"schema":{"blockGraphs":[],"customGraphs":[],"default":{"data":{"Article":[],"Course":[],"Dataset":[],"FAQPage":[],"Movie":[],"Person":[],"Product":[],"ProductReview":[],"Car":[],"Recipe":[],"Service":[],"SoftwareApplication":[],"WebPage":[]},"graphName":"BlogPosting","isEnabled":true},"graphs":[]},"schema_type":"default","schema_type_options":null,"pillar_content":false,"robots_default":true,"robots_noindex":false,"robots_noarchive":false,"robots_nosnippet":false,"robots_nofollow":false,"robots_noimageindex":false,"robots_noodp":false,"robots_notranslate":false,"robots_max_snippet":"-1","robots_max_videopreview":"-1","robots_max_imagepreview":"large","priority":null,"frequency":"default","local_seo":null,"seo_analyzer_scan_date":"2026-04-28 19:10:41","breadcrumb_settings":null,"limit_modified_date":false,"reviewed_by":"0","open_ai":null,"ai":{"faqs":[],"keyPoints":[],"titles":[],"descriptions":[],"socialPosts":{"email":[],"linkedin":[],"twitter":[],"facebook":[],"instagram":[]}},"created":"2026-04-23 06:49:14","updated":"2026-04-28 19:10:41"},"aioseo_breadcrumb":"<div class=\"aioseo-breadcrumbs\"><span class=\"aioseo-breadcrumb\">\n\t<a href=\"https:\/\/kaliszczasemmalowany.pl\" title=\"Strona g\u0142\u00f3wna\">Strona g\u0142\u00f3wna<\/a>\n<\/span><span class=\"aioseo-breadcrumb-separator\">\u00bb<\/span><span class=\"aioseo-breadcrumb\">\n\t<a href=\"https:\/\/kaliszczasemmalowany.pl\/index.php\/category\/o-kaliszu\/\" title=\"O Kaliszu\">O Kaliszu<\/a>\n<\/span><span class=\"aioseo-breadcrumb-separator\">\u00bb<\/span><span class=\"aioseo-breadcrumb\">\n\tMicha\u0142 M\u0105ka i jego oko na \u015bwiat\n<\/span><\/div>","aioseo_breadcrumb_json":[{"label":"Strona g\u0142\u00f3wna","link":"https:\/\/kaliszczasemmalowany.pl"},{"label":"O Kaliszu","link":"https:\/\/kaliszczasemmalowany.pl\/index.php\/category\/o-kaliszu\/"},{"label":"Micha\u0142 M\u0105ka i jego oko na \u015bwiat","link":"https:\/\/kaliszczasemmalowany.pl\/index.php\/2026\/michal-maka-i-jego-oko-na-swiat\/"}],"acf":[],"_links":{"self":[{"href":"https:\/\/kaliszczasemmalowany.pl\/index.php\/wp-json\/wp\/v2\/posts\/47921","targetHints":{"allow":["GET"]}}],"collection":[{"href":"https:\/\/kaliszczasemmalowany.pl\/index.php\/wp-json\/wp\/v2\/posts"}],"about":[{"href":"https:\/\/kaliszczasemmalowany.pl\/index.php\/wp-json\/wp\/v2\/types\/post"}],"author":[{"embeddable":true,"href":"https:\/\/kaliszczasemmalowany.pl\/index.php\/wp-json\/wp\/v2\/users\/2"}],"replies":[{"embeddable":true,"href":"https:\/\/kaliszczasemmalowany.pl\/index.php\/wp-json\/wp\/v2\/comments?post=47921"}],"version-history":[{"count":11,"href":"https:\/\/kaliszczasemmalowany.pl\/index.php\/wp-json\/wp\/v2\/posts\/47921\/revisions"}],"predecessor-version":[{"id":47945,"href":"https:\/\/kaliszczasemmalowany.pl\/index.php\/wp-json\/wp\/v2\/posts\/47921\/revisions\/47945"}],"wp:featuredmedia":[{"embeddable":true,"href":"https:\/\/kaliszczasemmalowany.pl\/index.php\/wp-json\/wp\/v2\/media\/47926"}],"wp:attachment":[{"href":"https:\/\/kaliszczasemmalowany.pl\/index.php\/wp-json\/wp\/v2\/media?parent=47921"}],"wp:term":[{"taxonomy":"category","embeddable":true,"href":"https:\/\/kaliszczasemmalowany.pl\/index.php\/wp-json\/wp\/v2\/categories?post=47921"},{"taxonomy":"post_tag","embeddable":true,"href":"https:\/\/kaliszczasemmalowany.pl\/index.php\/wp-json\/wp\/v2\/tags?post=47921"}],"curies":[{"name":"wp","href":"https:\/\/api.w.org\/{rel}","templated":true}]}}