{"id":47585,"date":"2026-01-03T15:04:27","date_gmt":"2026-01-03T13:04:27","guid":{"rendered":"urn:uuid:a2d0dae1-8389-4bc9-8cce-4a9d6b6b826d"},"modified":"2026-01-10T11:22:34","modified_gmt":"2026-01-10T09:22:34","slug":"blog-kaliszczasemmalowany-zegna-rok-2025","status":"publish","type":"post","link":"https:\/\/kaliszczasemmalowany.pl\/index.php\/2026\/blog-kaliszczasemmalowany-zegna-rok-2025\/","title":{"rendered":"KaliszCzasemMalowany \u017cegna rok 2025"},"content":{"rendered":"<p>Kaliszczasemmalowany.pl\u00a0 \u017cegna rok 2025<\/p>\n<p>Stary rok 2025 obdarzy\u0142 Kalisz <a href=\"https:\/\/kaliszczasemmalowany.pl\/index.php\/2025\/ii-liceum-ogolnoksztalcace-w-kaliszu\/\" target=\"_blank\" rel=\"noopener\">pi\u0119knymi muralami<\/a>, odnowieniem ruin zamku, okaza\u0142\u0105 siedzib\u0105 Uniwersytetu Kaliskiego, dzia\u0142aniami z <a href=\"https:\/\/bo.kalisz.pl\/budzet-obywatelski-2025\" target=\"_blank\" rel=\"nofollow noopener\">bud\u017cetu obywatelskiego<\/a>.<\/p>\n<figure id=\"attachment_47595\" aria-describedby=\"caption-attachment-47595\" style=\"width: 1460px\" class=\"wp-caption alignnone\"><img fetchpriority=\"high\" decoding=\"async\" class=\"wp-image-47595 size-full\" src=\"https:\/\/kaliszczasemmalowany.pl\/wp-content\/uploads\/2026\/01\/DSC_6952.jpg\" alt=\"Rok 2025\" width=\"1460\" height=\"2048\" srcset=\"https:\/\/kaliszczasemmalowany.pl\/wp-content\/uploads\/2026\/01\/DSC_6952.jpg 1460w, https:\/\/kaliszczasemmalowany.pl\/wp-content\/uploads\/2026\/01\/DSC_6952-548x768.jpg 548w, https:\/\/kaliszczasemmalowany.pl\/wp-content\/uploads\/2026\/01\/DSC_6952-768x1077.jpg 768w, https:\/\/kaliszczasemmalowany.pl\/wp-content\/uploads\/2026\/01\/DSC_6952-1095x1536.jpg 1095w, https:\/\/kaliszczasemmalowany.pl\/wp-content\/uploads\/2026\/01\/DSC_6952-1140x1599.jpg 1140w\" sizes=\"(max-width: 1460px) 100vw, 1460px\" \/><figcaption id=\"caption-attachment-47595\" class=\"wp-caption-text\">Autorem projektu muralu jest artysta Micha\u0142 Szarko ze Szczecina, natomiast realizacj\u0105 zaj\u0119li si\u0119 Zuzanna Wojczakowska i Tomasz Teodorow. Kompozycja \u0142\u0105czy fotorealistyczny portret Asnyka z fragmentami jego poezji oraz zestawieniem osiedlowej architektury \u2013 od starych kamienic po wsp\u00f3\u0142czesne budynki. Arty\u015bci w ten spos\u00f3b chcieli nawi\u0105za\u0107 do samego osiedla i historii miasta.<\/figcaption><\/figure>\n<p><!--more--><\/p>\n<p>Na jednym z blok\u00f3w na osiedlu Asnyka zako\u0144czono prace nad muralem z fotograficznym portretem Adama Asnyka. Na \u015bcianie bloku u zbiegu ulic Marii Konopnickiej i Kresowej powsta\u0142 mural po\u015bwi\u0119cony Adamowi Asnykowi \u2013 jednemu z najwybitniejszych polskich poet\u00f3w XIX wieku, kt\u00f3rego losy nierozerwalnie \u0142\u0105cz\u0105 si\u0119 z grodem nad Prosn\u0105.<\/p>\n<figure id=\"attachment_47597\" aria-describedby=\"caption-attachment-47597\" style=\"width: 2048px\" class=\"wp-caption alignnone\"><img decoding=\"async\" class=\"wp-image-47597 size-full\" src=\"https:\/\/kaliszczasemmalowany.pl\/wp-content\/uploads\/2026\/01\/DSC_7161.jpg\" alt=\"rok 2025\" width=\"2048\" height=\"1398\" srcset=\"https:\/\/kaliszczasemmalowany.pl\/wp-content\/uploads\/2026\/01\/DSC_7161.jpg 2048w, https:\/\/kaliszczasemmalowany.pl\/wp-content\/uploads\/2026\/01\/DSC_7161-768x524.jpg 768w, https:\/\/kaliszczasemmalowany.pl\/wp-content\/uploads\/2026\/01\/DSC_7161-1536x1049.jpg 1536w, https:\/\/kaliszczasemmalowany.pl\/wp-content\/uploads\/2026\/01\/DSC_7161-1140x778.jpg 1140w\" sizes=\"(max-width: 2048px) 100vw, 2048px\" \/><figcaption id=\"caption-attachment-47597\" class=\"wp-caption-text\">Znakomity artysta Wojciech Brewka, namalowa\u0142 na \u015bcianie II Liceum Og\u00f3lnokszta\u0142c\u0105cego w Kaliszu posta\u0107 patrona szko\u0142y &#8211; Tadeusza Ko\u015bciuszki.<\/figcaption><\/figure>\n<p>Obchody 120 zjazdu absolwent\u00f3w \u00a0rozpocz\u0119\u0142y si\u0119 w pi\u0105tek, 19 wrze\u015bnia otwarciem wystawy \u201eOsi\u0105gni\u0119cia artystyczne\u00a0 wychowank\u00f3w Liceum im. T. Ko\u015bciuszki\u201d w\u00a0 Muzeum Okr\u0119gowym Ziemi Kaliskiej. P\u00f3\u017aniej odby\u0142 si\u0119 mecz koszyk\u00f3wki Absolwenci \u2013 Uczniowie. By\u0142o te\u017c kole\u017ce\u0144skie spotkanie. Natomiast w sobot\u0119 odby\u0142a si\u0119 msza \u015bwi\u0119ta w intencji profesor\u00f3w i wychowank\u00f3w. Po niej odby\u0142a si\u0119 inauguracja Zjazdu na terenie szko\u0142y i ods\u0142oni\u0119cie muralu projektu absolwenta szko\u0142y &#8211; Wojciecha Brewki, kt\u00f3ry przedstawia Tadeusza Ko\u015bciuszk\u0119.<\/p>\n<figure id=\"attachment_47601\" aria-describedby=\"caption-attachment-47601\" style=\"width: 1398px\" class=\"wp-caption alignnone\"><img decoding=\"async\" class=\"wp-image-47601 \" src=\"https:\/\/kaliszczasemmalowany.pl\/wp-content\/uploads\/2026\/01\/DSC_7461.jpg\" alt=\"Rok 2025\" width=\"1398\" height=\"2298\" srcset=\"https:\/\/kaliszczasemmalowany.pl\/wp-content\/uploads\/2026\/01\/DSC_7461.jpg 1246w, https:\/\/kaliszczasemmalowany.pl\/wp-content\/uploads\/2026\/01\/DSC_7461-467x768.jpg 467w, https:\/\/kaliszczasemmalowany.pl\/wp-content\/uploads\/2026\/01\/DSC_7461-768x1262.jpg 768w, https:\/\/kaliszczasemmalowany.pl\/wp-content\/uploads\/2026\/01\/DSC_7461-935x1536.jpg 935w, https:\/\/kaliszczasemmalowany.pl\/wp-content\/uploads\/2026\/01\/DSC_7461-1140x1874.jpg 1140w\" sizes=\"(max-width: 1398px) 100vw, 1398px\" \/><figcaption id=\"caption-attachment-47601\" class=\"wp-caption-text\">Mural Micha\u0142a M\u0105ki powsta\u0142 na podstawie obrazu Fly Away przeniesionego w skal\u0119 miejsk\u0105 na \u015bcian\u0119 domu osiedla Nowo\u017cytnego przy \u017bytniej 4.<\/figcaption><\/figure>\n<p>Osiedle Nowo\u017cytne i mural Fly Away Kaliszanina Micha\u0142a M\u0105ki<\/p>\n<figure id=\"attachment_47587\" aria-describedby=\"caption-attachment-47587\" style=\"width: 2048px\" class=\"wp-caption alignnone\"><img loading=\"lazy\" decoding=\"async\" class=\"wp-image-47587 size-full\" src=\"https:\/\/kaliszczasemmalowany.pl\/wp-content\/uploads\/2026\/01\/DSC_6574.jpg\" alt=\"Rok 2025\" width=\"2048\" height=\"1436\" srcset=\"https:\/\/kaliszczasemmalowany.pl\/wp-content\/uploads\/2026\/01\/DSC_6574.jpg 2048w, https:\/\/kaliszczasemmalowany.pl\/wp-content\/uploads\/2026\/01\/DSC_6574-768x539.jpg 768w, https:\/\/kaliszczasemmalowany.pl\/wp-content\/uploads\/2026\/01\/DSC_6574-1536x1077.jpg 1536w, https:\/\/kaliszczasemmalowany.pl\/wp-content\/uploads\/2026\/01\/DSC_6574-1140x799.jpg 1140w\" sizes=\"(max-width: 2048px) 100vw, 2048px\" \/><figcaption id=\"caption-attachment-47587\" class=\"wp-caption-text\">Rok 2025 to r\u00f3wnie\u017c zako\u0144czenie renowacji pozosta\u0142o\u015bci zamku kazimierzowskiego, kt\u00f3ry w czasach \u015bwietno\u015bci by\u0142 jednym z najwi\u0119kszych w Wielkopolsce. Wygl\u0105d obiektu obrazuje ustawiona obok makieta.<\/figcaption><\/figure>\n<p>W XIV wieku z inicjatywy Kazimierza III Wielkiego niedaleko dawnej Bramy Toru\u0144skiej powsta\u0142 murowany zamek. Kaliski zamek to by\u0142a czteroskrzyd\u0142owa konstrukcja zbudowana na planie czworoboku z dziedzi\u0144cami po\u015brodku. Prowadzi\u0142a do niego brama wjazdowa, kt\u00f3ra znajdowa\u0142a si\u0119 od strony miasta w skrzydle p\u00f3\u0142nocnym. G\u0142\u00f3wny dom mieszkalny mia\u0142 cztery kondygnacje, pozosta\u0142e zabudowania trzy.<\/p>\n<figure id=\"attachment_47594\" aria-describedby=\"caption-attachment-47594\" style=\"width: 2048px\" class=\"wp-caption alignnone\"><img loading=\"lazy\" decoding=\"async\" class=\"wp-image-47594 size-full\" src=\"https:\/\/kaliszczasemmalowany.pl\/wp-content\/uploads\/2026\/01\/DSC_6881.jpg\" alt=\"Nowy rok 2025\" width=\"2048\" height=\"1365\" srcset=\"https:\/\/kaliszczasemmalowany.pl\/wp-content\/uploads\/2026\/01\/DSC_6881.jpg 2048w, https:\/\/kaliszczasemmalowany.pl\/wp-content\/uploads\/2026\/01\/DSC_6881-768x512.jpg 768w, https:\/\/kaliszczasemmalowany.pl\/wp-content\/uploads\/2026\/01\/DSC_6881-1536x1024.jpg 1536w, https:\/\/kaliszczasemmalowany.pl\/wp-content\/uploads\/2026\/01\/DSC_6881-1140x760.jpg 1140w\" sizes=\"(max-width: 2048px) 100vw, 2048px\" \/><figcaption id=\"caption-attachment-47594\" class=\"wp-caption-text\">Uniwersytet Kaliski przeszed\u0142 znacz\u0105c\u0105 renowacj\u0119 historycznego gmachu przy Placu Bogus\u0142awskiego 2, kt\u00f3ry sta\u0142 si\u0119 jego rektoratem, zyskuj\u0105c nagrod\u0119 \u201eModernizacja Roku\u201d w kategorii obiekt\u00f3w zabytkowych za adaptacj\u0119 dawnego budynku banku na potrzeby uczelni, \u0142\u0105cz\u0105c histori\u0119 z nowoczesno\u015bci\u0105 i funkcjonalno\u015bci\u0105.<\/figcaption><\/figure>\n<p>Nagrodzony obiekt stanowi per\u0142\u0119 architektury. Zosta\u0142 wybudowany na podstawie projektu Mariana Lalewicza w latach 1919-1922 roku w stylu neoklasycystycznym. Ca\u0142o\u015b\u0107 stanowi\u0105 trzy budynki po\u0142\u0105czone dwiema galeriami i ogrodzenie posesji z dwiema bramami, kt\u00f3re zosta\u0142y wpisane do rejestru zabytk\u00f3w wojew\u00f3dztwa kaliskiego. Ca\u0142kowita powierzchnia zabudowy to 1116 m2, powierzchni\u0119 u\u017cytkow\u0105 stanowi 1815,27 m2. Ca\u0142o\u015b\u0107 jest umieszczona na dzia\u0142ce o powierzchni 4495 m2. Obecnie w budynku mie\u015bci si\u0119 rektorat Uniwersytetu Kaliskiego, ale r\u00f3wnie\u017c administracja uczelni, Centrum Spraw Akademickich oraz sale wyk\u0142adowe i konferencyjne.<\/p>\n<figure id=\"attachment_47638\" aria-describedby=\"caption-attachment-47638\" style=\"width: 2048px\" class=\"wp-caption alignnone\"><img loading=\"lazy\" decoding=\"async\" class=\"wp-image-47638 size-full\" src=\"https:\/\/kaliszczasemmalowany.pl\/wp-content\/uploads\/2026\/01\/Rogatka-Koscielniak-Cyprian.jpg\" alt=\"Rok 2025\" width=\"2048\" height=\"1965\" srcset=\"https:\/\/kaliszczasemmalowany.pl\/wp-content\/uploads\/2026\/01\/Rogatka-Koscielniak-Cyprian.jpg 2048w, https:\/\/kaliszczasemmalowany.pl\/wp-content\/uploads\/2026\/01\/Rogatka-Koscielniak-Cyprian-768x737.jpg 768w, https:\/\/kaliszczasemmalowany.pl\/wp-content\/uploads\/2026\/01\/Rogatka-Koscielniak-Cyprian-1536x1474.jpg 1536w, https:\/\/kaliszczasemmalowany.pl\/wp-content\/uploads\/2026\/01\/Rogatka-Koscielniak-Cyprian-1140x1094.jpg 1140w\" sizes=\"(max-width: 2048px) 100vw, 2048px\" \/><figcaption id=\"caption-attachment-47638\" class=\"wp-caption-text\">Obraz ROGATKA to opis si\u0142y, jak\u0105 maj\u0105 wspomnienia z dzieci\u0144stwa i ich wp\u0142yw na nasze \u017cycie.<\/figcaption><\/figure>\n<p>Obraz Cypriana Ko\u015bcielniaka ROGATKA zosta\u0142 wyeksponowany w 100-letnim budynku Rektoratu Uniwersytetu Kaliskiego. W\u0142a\u015bcicielem obrazu jest Kalisz.<\/p>\n<figure id=\"attachment_47590\" aria-describedby=\"caption-attachment-47590\" style=\"width: 2048px\" class=\"wp-caption alignnone\"><img loading=\"lazy\" decoding=\"async\" class=\"wp-image-47590 size-full\" src=\"https:\/\/kaliszczasemmalowany.pl\/wp-content\/uploads\/2026\/01\/DSC_6741.jpg\" alt=\"Rok 2025\" width=\"2048\" height=\"1365\" srcset=\"https:\/\/kaliszczasemmalowany.pl\/wp-content\/uploads\/2026\/01\/DSC_6741.jpg 2048w, https:\/\/kaliszczasemmalowany.pl\/wp-content\/uploads\/2026\/01\/DSC_6741-768x512.jpg 768w, https:\/\/kaliszczasemmalowany.pl\/wp-content\/uploads\/2026\/01\/DSC_6741-1536x1024.jpg 1536w, https:\/\/kaliszczasemmalowany.pl\/wp-content\/uploads\/2026\/01\/DSC_6741-1140x760.jpg 1140w\" sizes=\"(max-width: 2048px) 100vw, 2048px\" \/><figcaption id=\"caption-attachment-47590\" class=\"wp-caption-text\">Jezioro Grono jest popularnym miejsce wypoczynku dla Kaliszan.<\/figcaption><\/figure>\n<p>Jezioro Grono jest popularnym miejsce wypoczynku dla Kaliszan. Ze \u015brodk\u00f3w bud\u017cetu obywatelskiego wybudowano drewniane schody prowadz\u0105ce z wschodniej skarpy w kierunku jeziora. Wykonana zostanie r\u00f3wnie\u017c nawierzchnia pod stanowiska dla w\u0119dkarzy (pla\u017ca piaszczysta) od strony skarpy wschodniej. Na skarpie zostanie wysiana trawa. Wybudowano tak\u017ce pomost dla w\u0119dkarzy od strony ul. Sulis\u0142awickiej oraz prowadz\u0105ce do niego drewniane.<\/p>\n<figure id=\"attachment_47598\" aria-describedby=\"caption-attachment-47598\" style=\"width: 2048px\" class=\"wp-caption alignnone\"><img loading=\"lazy\" decoding=\"async\" class=\"wp-image-47598 size-full\" src=\"https:\/\/kaliszczasemmalowany.pl\/wp-content\/uploads\/2026\/01\/DSC_7241.jpg\" alt=\"rok 2025\" width=\"2048\" height=\"1421\" srcset=\"https:\/\/kaliszczasemmalowany.pl\/wp-content\/uploads\/2026\/01\/DSC_7241.jpg 2048w, https:\/\/kaliszczasemmalowany.pl\/wp-content\/uploads\/2026\/01\/DSC_7241-768x533.jpg 768w, https:\/\/kaliszczasemmalowany.pl\/wp-content\/uploads\/2026\/01\/DSC_7241-1536x1066.jpg 1536w, https:\/\/kaliszczasemmalowany.pl\/wp-content\/uploads\/2026\/01\/DSC_7241-1140x791.jpg 1140w\" sizes=\"(max-width: 2048px) 100vw, 2048px\" \/><figcaption id=\"caption-attachment-47598\" class=\"wp-caption-text\">Miasto przebudowa\u0142o schody prowadz\u0105cych na Cmentarz grecko \u2013 prawos\u0142awny w Kaliszu. Inwestycja obj\u0119\u0142a roboty budowlane polegaj\u0105ce na przebudowie schod\u00f3w wraz murami oporowymi. U\u0142o\u017cono p\u0142yty z granitu p\u0142omieniowego w kolorze szarym w ciep\u0142ym odcieniu, o d\u0142ugo\u015bci 1,2 m.<\/figcaption><\/figure>\n<figure id=\"attachment_47591\" aria-describedby=\"caption-attachment-47591\" style=\"width: 2048px\" class=\"wp-caption alignnone\"><img loading=\"lazy\" decoding=\"async\" class=\"wp-image-47591 size-full\" src=\"https:\/\/kaliszczasemmalowany.pl\/wp-content\/uploads\/2026\/01\/DSC_6775-Edytuj.jpg\" alt=\"rok 2025\" width=\"2048\" height=\"1365\" srcset=\"https:\/\/kaliszczasemmalowany.pl\/wp-content\/uploads\/2026\/01\/DSC_6775-Edytuj.jpg 2048w, https:\/\/kaliszczasemmalowany.pl\/wp-content\/uploads\/2026\/01\/DSC_6775-Edytuj-768x512.jpg 768w, https:\/\/kaliszczasemmalowany.pl\/wp-content\/uploads\/2026\/01\/DSC_6775-Edytuj-1536x1024.jpg 1536w, https:\/\/kaliszczasemmalowany.pl\/wp-content\/uploads\/2026\/01\/DSC_6775-Edytuj-1140x760.jpg 1140w\" sizes=\"(max-width: 2048px) 100vw, 2048px\" \/><figcaption id=\"caption-attachment-47591\" class=\"wp-caption-text\">Klon jawor w Parku Miejskim<\/figcaption><\/figure>\n<figure id=\"attachment_47593\" aria-describedby=\"caption-attachment-47593\" style=\"width: 2048px\" class=\"wp-caption alignnone\"><img loading=\"lazy\" decoding=\"async\" class=\"wp-image-47593 size-full\" src=\"https:\/\/kaliszczasemmalowany.pl\/wp-content\/uploads\/2026\/01\/DSC_6866.jpg\" alt=\"Rok 2025\" width=\"2048\" height=\"1365\" srcset=\"https:\/\/kaliszczasemmalowany.pl\/wp-content\/uploads\/2026\/01\/DSC_6866.jpg 2048w, https:\/\/kaliszczasemmalowany.pl\/wp-content\/uploads\/2026\/01\/DSC_6866-768x512.jpg 768w, https:\/\/kaliszczasemmalowany.pl\/wp-content\/uploads\/2026\/01\/DSC_6866-1536x1024.jpg 1536w, https:\/\/kaliszczasemmalowany.pl\/wp-content\/uploads\/2026\/01\/DSC_6866-1140x760.jpg 1140w\" sizes=\"(max-width: 2048px) 100vw, 2048px\" \/><figcaption id=\"caption-attachment-47593\" class=\"wp-caption-text\">Bujna ziele\u0144 nad Prosn\u0105<\/figcaption><\/figure>\n<figure id=\"attachment_47589\" aria-describedby=\"caption-attachment-47589\" style=\"width: 2048px\" class=\"wp-caption alignnone\"><img loading=\"lazy\" decoding=\"async\" class=\"wp-image-47589 size-full\" src=\"https:\/\/kaliszczasemmalowany.pl\/wp-content\/uploads\/2026\/01\/DSC_6662.jpg\" alt=\"Rok 2025\" width=\"2048\" height=\"1365\" srcset=\"https:\/\/kaliszczasemmalowany.pl\/wp-content\/uploads\/2026\/01\/DSC_6662.jpg 2048w, https:\/\/kaliszczasemmalowany.pl\/wp-content\/uploads\/2026\/01\/DSC_6662-768x512.jpg 768w, https:\/\/kaliszczasemmalowany.pl\/wp-content\/uploads\/2026\/01\/DSC_6662-1536x1024.jpg 1536w, https:\/\/kaliszczasemmalowany.pl\/wp-content\/uploads\/2026\/01\/DSC_6662-1140x760.jpg 1140w\" sizes=\"(max-width: 2048px) 100vw, 2048px\" \/><figcaption id=\"caption-attachment-47589\" class=\"wp-caption-text\">Magnolie wok\u00f3\u0142 Flory<\/figcaption><\/figure>\n<figure id=\"attachment_47599\" aria-describedby=\"caption-attachment-47599\" style=\"width: 2048px\" class=\"wp-caption alignnone\"><img loading=\"lazy\" decoding=\"async\" class=\"wp-image-47599 size-full\" src=\"https:\/\/kaliszczasemmalowany.pl\/wp-content\/uploads\/2026\/01\/DSC_7362.jpg\" alt=\"Rok 2025\" width=\"2048\" height=\"1365\" srcset=\"https:\/\/kaliszczasemmalowany.pl\/wp-content\/uploads\/2026\/01\/DSC_7362.jpg 2048w, https:\/\/kaliszczasemmalowany.pl\/wp-content\/uploads\/2026\/01\/DSC_7362-768x512.jpg 768w, https:\/\/kaliszczasemmalowany.pl\/wp-content\/uploads\/2026\/01\/DSC_7362-1536x1024.jpg 1536w, https:\/\/kaliszczasemmalowany.pl\/wp-content\/uploads\/2026\/01\/DSC_7362-1140x760.jpg 1140w\" sizes=\"(max-width: 2048px) 100vw, 2048px\" \/><figcaption id=\"caption-attachment-47599\" class=\"wp-caption-text\">Rok 2025 to r\u00f3wnie\u017c pocz\u0105tek ko\u0144ca targowiska na Nowym Rynku. Cz\u0119\u015b\u0107 wiat i stragan\u00f3w na fragmencie od ulicy 3 maja zosta\u0142a rozebrana, ale nie znikn\u0105\u0142 handel. Kupcy, kt\u00f3rzy nadal prowadz\u0105 swoje stoiska przenie\u015bli si\u0119 na pozosta\u0142\u0105 cz\u0119\u015b\u0107. W miejscu rozebranych wiat powsta\u0142 parking.<\/figcaption><\/figure>\n<p>Po zlikwidowaniu cz\u0119\u015bci wiat odkryta te\u017c zosta\u0142a fontanna. Miasto planuje rewitalizacj\u0119 tego miejsca. W planach jest wybudowanie schronu okrytego zieleni\u0105.<\/p>\n<p><a href=\"https:\/\/kalisz.naszemiasto.pl\/mural-z-adamem-asnykiem-ozdobil-kaliskie-osiedle-zdjecia\/ar\/c1p2-27930877\" target=\"_blank\" rel=\"nofollow noopener\">https:\/\/kalisz.naszemiasto.pl\/mural-z-adamem-asnykiem-ozdobil-kaliskie-osiedle-zdjecia\/ar\/c1p2-27930877<\/a><br \/>\n<a href=\"https:\/\/calisia.pl\/nowy-mural-powstal-w-kaliszu-na-ii-lo-namalowal-go-absolwent-tej-szkoly-zdjecia,73732\" target=\"_blank\" rel=\"nofollow noopener\">https:\/\/calisia.pl\/nowy-mural-powstal-w-kaliszu-na-ii-lo-namalowal-go-absolwent-tej-szkoly-zdjecia,73732<\/a><br \/>\n<a href=\"https:\/\/kalisz.naszemiasto.pl\/ruiny-zamku-kazimierzowskiego-w-kaliszu-po-renowacji-zobaczcie-efekty-prac\/ar\/c1p2-27131381\" target=\"_blank\" rel=\"nofollow noopener\">https:\/\/kalisz.naszemiasto.pl\/ruiny-zamku-kazimierzowskiego-w-kaliszu-po-renowacji-zobaczcie-efekty-prac\/ar\/c1p2-27131381<\/a><br \/>\n<a href=\"https:\/\/kalisz.naszemiasto.pl\/rektorat-uniwersytetu-kaliskiego-z-tytulem-modernizacja-roku\/ar\/c1p2-27956659\" target=\"_blank\" rel=\"nofollow noopener\">https:\/\/kalisz.naszemiasto.pl\/rektorat-uniwersytetu-kaliskiego-z-tytulem-modernizacja-roku\/ar\/c1p2-27956659<\/a><br \/>\n<a href=\"https:\/\/tarasin.pl\/rogatka-cypriana-koscielnika-w-rektoracie-uniwersytetu-kaliskiego\/\" target=\"_blank\" rel=\"nofollow noopener\">https:\/\/tarasin.pl\/rogatka-cypriana-koscielnika-w-rektoracie-uniwersytetu-kaliskiego\/<\/a><br \/>\n<a href=\"https:\/\/kalisz.naszemiasto.pl\/jezioro-grona-w-kaliszu-tak-wyglada-dzisiaj-miejsce\/ar\/c1-7731411\" target=\"_blank\" rel=\"nofollow noopener\">https:\/\/kalisz.naszemiasto.pl\/jezioro-grona-w-kaliszu-tak-wyglada-dzisiaj-miejsce\/ar\/c1-7731411<\/a><br \/>\n<a href=\"https:\/\/calisia.pl\/schody-przed-cmentarzem-prawoslawnym-doczekaja-sie-remontu-miasto-oglosilo-przetarg,65882\" target=\"_blank\" rel=\"nofollow noopener\">https:\/\/calisia.pl\/schody-przed-cmentarzem-prawoslawnym-doczekaja-sie-remontu-miasto-oglosilo-przetarg,65882<\/a><br \/>\n<a href=\"https:\/\/kalisz.naszemiasto.pl\/rynek-przy-teczy-funkcjonuje-w-nowych-realiach-zobaczcie-jak-zmienilo-sie-to-miejsce-zdjecia\/ar\/c1p2-28242649\" target=\"_blank\" rel=\"nofollow noopener\">https:\/\/kalisz.naszemiasto.pl\/rynek-przy-teczy-funkcjonuje-w-nowych-realiach-zobaczcie-jak-zmienilo-sie-to-miejsce-zdjecia\/ar\/c1p2-28242649<\/a><\/p>\n","protected":false},"excerpt":{"rendered":"<p>Kaliszczasemmalowany.pl\u00a0 \u017cegna rok 2025. Stary rok 2025 obdarzy\u0142 Kalisz pi\u0119knymi muralami, odnowieniem ruin zamku, pi\u0119kn\u0105 siedzib\u0105 Uniwersytetu Kaliskiego<\/p>\n","protected":false},"author":2,"featured_media":47592,"comment_status":"open","ping_status":"closed","sticky":false,"template":"","format":"standard","meta":{"_monsterinsights_skip_tracking":false,"_monsterinsights_sitenote_active":false,"_monsterinsights_sitenote_note":"","_monsterinsights_sitenote_category":0,"footnotes":""},"categories":[39,2],"tags":[273,152,1122,148,1121,1119,13,236,64,172,85,445,274,1118,1117,1120],"class_list":["post-47585","post","type-post","status-publish","format-standard","has-post-thumbnail","hentry","category-kaliszanie","category-o-kaliszu","tag-adam-asnyk","tag-cmentarze","tag-cyprian-koscielniak","tag-flora","tag-fly-away","tag-ii-lo","tag-kalisz","tag-koscielniak","tag-mury-obronne","tag-osiedla","tag-park-miejski","tag-plac-boguslawskiego","tag-szkoly","tag-tomasz-brewka","tag-uniwersytet-kaliski","tag-zytnia"],"aioseo_notices":[],"aioseo_head":"\n\t\t<!-- All in One SEO Pro 4.9.0 - aioseo.com -->\n\t<meta name=\"description\" content=\"Kaliszczasemmalowany.pl \u017cegna rok 2025. Stary rok 2025 obdarzy\u0142 Kalisz pi\u0119knymi muralami, odnowieniem ruin zamku, pi\u0119kn\u0105 siedzib\u0105 Uniwersytetu Kaliskiego\" \/>\n\t<meta name=\"robots\" content=\"max-image-preview:large\" \/>\n\t<meta name=\"author\" content=\"PiK\"\/>\n\t<meta name=\"keywords\" content=\"adam asnyk,cmentarze,cyprian ko\u015bcielniak,flora,fly away,ii lo,kalisz,ko\u015bcielniak,mury obronne,osiedla,park miejski,plac bogus\u0142awskiego,szko\u0142y,tomasz brewka,uniwersytet kaliski,\u017cytnia,kaliszanie,o kaliszu\" \/>\n\t<link rel=\"canonical\" href=\"https:\/\/kaliszczasemmalowany.pl\/index.php\/2026\/blog-kaliszczasemmalowany-zegna-rok-2025\/\" \/>\n\t<meta name=\"generator\" content=\"All in One SEO Pro (AIOSEO) 4.9.0\" \/>\n\t\t<meta property=\"og:locale\" content=\"pl_PL\" \/>\n\t\t<meta property=\"og:site_name\" content=\"Kalisz Czasem Malowany - Fotoblog subiektywny\" \/>\n\t\t<meta property=\"og:type\" content=\"activity\" \/>\n\t\t<meta property=\"og:title\" content=\"KaliszCzasemMalowany \u017cegna rok 2025 - Kalisz Czasem Malowany\" \/>\n\t\t<meta property=\"og:description\" content=\"Kaliszczasemmalowany.pl \u017cegna rok 2025. Stary rok 2025 obdarzy\u0142 Kalisz pi\u0119knymi muralami, odnowieniem ruin zamku, pi\u0119kn\u0105 siedzib\u0105 Uniwersytetu Kaliskiego\" \/>\n\t\t<meta property=\"og:url\" content=\"https:\/\/kaliszczasemmalowany.pl\/index.php\/2026\/blog-kaliszczasemmalowany-zegna-rok-2025\/\" \/>\n\t\t<meta property=\"fb:app_id\" content=\"1247192616682170\" \/>\n\t\t<meta property=\"fb:admins\" content=\"100003136013596,100070523616841,100004477359982\" \/>\n\t\t<meta property=\"og:image\" content=\"https:\/\/kaliszczasemmalowany.pl\/wp-content\/uploads\/2026\/01\/DSC_6864.jpg\" \/>\n\t\t<meta property=\"og:image:secure_url\" content=\"https:\/\/kaliszczasemmalowany.pl\/wp-content\/uploads\/2026\/01\/DSC_6864.jpg\" \/>\n\t\t<meta property=\"og:image:width\" content=\"2048\" \/>\n\t\t<meta property=\"og:image:height\" content=\"1416\" \/>\n\t\t<meta name=\"twitter:card\" content=\"summary_large_image\" \/>\n\t\t<meta name=\"twitter:site\" content=\"@pik1982dil\" \/>\n\t\t<meta name=\"twitter:title\" content=\"KaliszCzasemMalowany \u017cegna rok 2025 - Kalisz Czasem Malowany\" \/>\n\t\t<meta name=\"twitter:description\" content=\"Kaliszczasemmalowany.pl \u017cegna rok 2025. Stary rok 2025 obdarzy\u0142 Kalisz pi\u0119knymi muralami, odnowieniem ruin zamku, pi\u0119kn\u0105 siedzib\u0105 Uniwersytetu Kaliskiego\" \/>\n\t\t<meta name=\"twitter:creator\" content=\"@pik1982dil\" \/>\n\t\t<meta name=\"twitter:image\" content=\"https:\/\/kaliszczasemmalowany.pl\/wp-content\/uploads\/2026\/01\/DSC_6864.jpg\" \/>\n\t\t<meta name=\"twitter:label1\" content=\"Autor\" \/>\n\t\t<meta name=\"twitter:data1\" content=\"PiK\" \/>\n\t\t<meta name=\"twitter:label2\" content=\"Szac. czas czytania\" \/>\n\t\t<meta name=\"twitter:data2\" content=\"4 minuty\" \/>\n\t\t<script type=\"application\/ld+json\" class=\"aioseo-schema\">\n\t\t\t{\"@context\":\"https:\\\/\\\/schema.org\",\"@graph\":[{\"@type\":\"BlogPosting\",\"@id\":\"https:\\\/\\\/kaliszczasemmalowany.pl\\\/index.php\\\/2026\\\/blog-kaliszczasemmalowany-zegna-rok-2025\\\/#blogposting\",\"name\":\"KaliszCzasemMalowany \\u017cegna rok 2025 - Kalisz Czasem Malowany\",\"headline\":\"KaliszCzasemMalowany \\u017cegna rok 2025\",\"author\":{\"@id\":\"https:\\\/\\\/kaliszczasemmalowany.pl\\\/index.php\\\/author\\\/krysia\\\/#author\"},\"publisher\":{\"@id\":\"https:\\\/\\\/kaliszczasemmalowany.pl\\\/#person\"},\"image\":{\"@type\":\"ImageObject\",\"url\":\"https:\\\/\\\/kaliszczasemmalowany.pl\\\/wp-content\\\/uploads\\\/2026\\\/01\\\/DSC_6864.jpg\",\"width\":2048,\"height\":1416,\"caption\":\"rok 2025\"},\"datePublished\":\"2026-01-03T15:04:27+02:00\",\"dateModified\":\"2026-01-10T11:22:34+02:00\",\"inLanguage\":\"pl-PL\",\"mainEntityOfPage\":{\"@id\":\"https:\\\/\\\/kaliszczasemmalowany.pl\\\/index.php\\\/2026\\\/blog-kaliszczasemmalowany-zegna-rok-2025\\\/#webpage\"},\"isPartOf\":{\"@id\":\"https:\\\/\\\/kaliszczasemmalowany.pl\\\/index.php\\\/2026\\\/blog-kaliszczasemmalowany-zegna-rok-2025\\\/#webpage\"},\"articleSection\":\"kaliszanie, O Kaliszu, Adam Asnyk, cmentarze, Cyprian Ko\\u015bcielniak, flora, Fly Away, II LO, Kalisz, Ko\\u015bcielniak, mury obronne, osiedla, Park Miejski, Plac Bogus\\u0142awskiego, szko\\u0142y, Tomasz Brewka, Uniwersytet Kaliski, \\u017bytnia\"},{\"@type\":\"BreadcrumbList\",\"@id\":\"https:\\\/\\\/kaliszczasemmalowany.pl\\\/index.php\\\/2026\\\/blog-kaliszczasemmalowany-zegna-rok-2025\\\/#breadcrumblist\",\"itemListElement\":[{\"@type\":\"ListItem\",\"@id\":\"https:\\\/\\\/kaliszczasemmalowany.pl#listItem\",\"position\":1,\"name\":\"Strona g\\u0142\\u00f3wna\",\"item\":\"https:\\\/\\\/kaliszczasemmalowany.pl\",\"nextItem\":{\"@type\":\"ListItem\",\"@id\":\"https:\\\/\\\/kaliszczasemmalowany.pl\\\/index.php\\\/category\\\/o-kaliszu\\\/#listItem\",\"name\":\"O Kaliszu\"}},{\"@type\":\"ListItem\",\"@id\":\"https:\\\/\\\/kaliszczasemmalowany.pl\\\/index.php\\\/category\\\/o-kaliszu\\\/#listItem\",\"position\":2,\"name\":\"O Kaliszu\",\"item\":\"https:\\\/\\\/kaliszczasemmalowany.pl\\\/index.php\\\/category\\\/o-kaliszu\\\/\",\"nextItem\":{\"@type\":\"ListItem\",\"@id\":\"https:\\\/\\\/kaliszczasemmalowany.pl\\\/index.php\\\/2026\\\/blog-kaliszczasemmalowany-zegna-rok-2025\\\/#listItem\",\"name\":\"KaliszCzasemMalowany \\u017cegna rok 2025\"},\"previousItem\":{\"@type\":\"ListItem\",\"@id\":\"https:\\\/\\\/kaliszczasemmalowany.pl#listItem\",\"name\":\"Strona g\\u0142\\u00f3wna\"}},{\"@type\":\"ListItem\",\"@id\":\"https:\\\/\\\/kaliszczasemmalowany.pl\\\/index.php\\\/2026\\\/blog-kaliszczasemmalowany-zegna-rok-2025\\\/#listItem\",\"position\":3,\"name\":\"KaliszCzasemMalowany \\u017cegna rok 2025\",\"previousItem\":{\"@type\":\"ListItem\",\"@id\":\"https:\\\/\\\/kaliszczasemmalowany.pl\\\/index.php\\\/category\\\/o-kaliszu\\\/#listItem\",\"name\":\"O Kaliszu\"}}]},{\"@type\":\"Person\",\"@id\":\"https:\\\/\\\/kaliszczasemmalowany.pl\\\/#person\",\"name\":\"Pawe\\u0142 Liszewski\",\"image\":{\"@type\":\"ImageObject\",\"@id\":\"https:\\\/\\\/kaliszczasemmalowany.pl\\\/index.php\\\/2026\\\/blog-kaliszczasemmalowany-zegna-rok-2025\\\/#personImage\",\"url\":\"https:\\\/\\\/secure.gravatar.com\\\/avatar\\\/5a5afc29e8abe93f415ca15abf21395d6303ab000250220121432e5aab91966e?s=96&d=mm&r=g\",\"width\":96,\"height\":96,\"caption\":\"Pawe\\u0142 Liszewski\"}},{\"@type\":\"Person\",\"@id\":\"https:\\\/\\\/kaliszczasemmalowany.pl\\\/index.php\\\/author\\\/krysia\\\/#author\",\"url\":\"https:\\\/\\\/kaliszczasemmalowany.pl\\\/index.php\\\/author\\\/krysia\\\/\",\"name\":\"PiK\",\"image\":{\"@type\":\"ImageObject\",\"url\":\"https:\\\/\\\/secure.gravatar.com\\\/avatar\\\/a01eefe17b2143fe4c87c80742bc7ae8a193169eeebde9de8373aab5f31e2654?s=96&d=mm&r=g\"}},{\"@type\":\"WebPage\",\"@id\":\"https:\\\/\\\/kaliszczasemmalowany.pl\\\/index.php\\\/2026\\\/blog-kaliszczasemmalowany-zegna-rok-2025\\\/#webpage\",\"url\":\"https:\\\/\\\/kaliszczasemmalowany.pl\\\/index.php\\\/2026\\\/blog-kaliszczasemmalowany-zegna-rok-2025\\\/\",\"name\":\"KaliszCzasemMalowany \\u017cegna rok 2025 - Kalisz Czasem Malowany\",\"description\":\"Kaliszczasemmalowany.pl \\u017cegna rok 2025. Stary rok 2025 obdarzy\\u0142 Kalisz pi\\u0119knymi muralami, odnowieniem ruin zamku, pi\\u0119kn\\u0105 siedzib\\u0105 Uniwersytetu Kaliskiego\",\"inLanguage\":\"pl-PL\",\"isPartOf\":{\"@id\":\"https:\\\/\\\/kaliszczasemmalowany.pl\\\/#website\"},\"breadcrumb\":{\"@id\":\"https:\\\/\\\/kaliszczasemmalowany.pl\\\/index.php\\\/2026\\\/blog-kaliszczasemmalowany-zegna-rok-2025\\\/#breadcrumblist\"},\"author\":{\"@id\":\"https:\\\/\\\/kaliszczasemmalowany.pl\\\/index.php\\\/author\\\/krysia\\\/#author\"},\"creator\":{\"@id\":\"https:\\\/\\\/kaliszczasemmalowany.pl\\\/index.php\\\/author\\\/krysia\\\/#author\"},\"image\":{\"@type\":\"ImageObject\",\"url\":\"https:\\\/\\\/kaliszczasemmalowany.pl\\\/wp-content\\\/uploads\\\/2026\\\/01\\\/DSC_6864.jpg\",\"@id\":\"https:\\\/\\\/kaliszczasemmalowany.pl\\\/index.php\\\/2026\\\/blog-kaliszczasemmalowany-zegna-rok-2025\\\/#mainImage\",\"width\":2048,\"height\":1416,\"caption\":\"rok 2025\"},\"primaryImageOfPage\":{\"@id\":\"https:\\\/\\\/kaliszczasemmalowany.pl\\\/index.php\\\/2026\\\/blog-kaliszczasemmalowany-zegna-rok-2025\\\/#mainImage\"},\"datePublished\":\"2026-01-03T15:04:27+02:00\",\"dateModified\":\"2026-01-10T11:22:34+02:00\"},{\"@type\":\"WebSite\",\"@id\":\"https:\\\/\\\/kaliszczasemmalowany.pl\\\/#website\",\"url\":\"https:\\\/\\\/kaliszczasemmalowany.pl\\\/\",\"name\":\"Kalisz Czasem Malowany\",\"description\":\"Fotoblog subiektywny\",\"inLanguage\":\"pl-PL\",\"publisher\":{\"@id\":\"https:\\\/\\\/kaliszczasemmalowany.pl\\\/#person\"}}]}\n\t\t<\/script>\n\t\t<!-- All in One SEO Pro -->\r\n\t\t<title>KaliszCzasemMalowany \u017cegna rok 2025 - Kalisz Czasem Malowany<\/title>\n\n","aioseo_head_json":{"title":"KaliszCzasemMalowany \u017cegna rok 2025 - Kalisz Czasem Malowany","description":"Kaliszczasemmalowany.pl \u017cegna rok 2025. Stary rok 2025 obdarzy\u0142 Kalisz pi\u0119knymi muralami, odnowieniem ruin zamku, pi\u0119kn\u0105 siedzib\u0105 Uniwersytetu Kaliskiego","canonical_url":"https:\/\/kaliszczasemmalowany.pl\/index.php\/2026\/blog-kaliszczasemmalowany-zegna-rok-2025\/","robots":"max-image-preview:large","keywords":"adam asnyk,cmentarze,cyprian ko\u015bcielniak,flora,fly away,ii lo,kalisz,ko\u015bcielniak,mury obronne,osiedla,park miejski,plac bogus\u0142awskiego,szko\u0142y,tomasz brewka,uniwersytet kaliski,\u017cytnia,kaliszanie,o kaliszu","webmasterTools":{"miscellaneous":""},"schema":{"@context":"https:\/\/schema.org","@graph":[{"@type":"BlogPosting","@id":"https:\/\/kaliszczasemmalowany.pl\/index.php\/2026\/blog-kaliszczasemmalowany-zegna-rok-2025\/#blogposting","name":"KaliszCzasemMalowany \u017cegna rok 2025 - Kalisz Czasem Malowany","headline":"KaliszCzasemMalowany \u017cegna rok 2025","author":{"@id":"https:\/\/kaliszczasemmalowany.pl\/index.php\/author\/krysia\/#author"},"publisher":{"@id":"https:\/\/kaliszczasemmalowany.pl\/#person"},"image":{"@type":"ImageObject","url":"https:\/\/kaliszczasemmalowany.pl\/wp-content\/uploads\/2026\/01\/DSC_6864.jpg","width":2048,"height":1416,"caption":"rok 2025"},"datePublished":"2026-01-03T15:04:27+02:00","dateModified":"2026-01-10T11:22:34+02:00","inLanguage":"pl-PL","mainEntityOfPage":{"@id":"https:\/\/kaliszczasemmalowany.pl\/index.php\/2026\/blog-kaliszczasemmalowany-zegna-rok-2025\/#webpage"},"isPartOf":{"@id":"https:\/\/kaliszczasemmalowany.pl\/index.php\/2026\/blog-kaliszczasemmalowany-zegna-rok-2025\/#webpage"},"articleSection":"kaliszanie, O Kaliszu, Adam Asnyk, cmentarze, Cyprian Ko\u015bcielniak, flora, Fly Away, II LO, Kalisz, Ko\u015bcielniak, mury obronne, osiedla, Park Miejski, Plac Bogus\u0142awskiego, szko\u0142y, Tomasz Brewka, Uniwersytet Kaliski, \u017bytnia"},{"@type":"BreadcrumbList","@id":"https:\/\/kaliszczasemmalowany.pl\/index.php\/2026\/blog-kaliszczasemmalowany-zegna-rok-2025\/#breadcrumblist","itemListElement":[{"@type":"ListItem","@id":"https:\/\/kaliszczasemmalowany.pl#listItem","position":1,"name":"Strona g\u0142\u00f3wna","item":"https:\/\/kaliszczasemmalowany.pl","nextItem":{"@type":"ListItem","@id":"https:\/\/kaliszczasemmalowany.pl\/index.php\/category\/o-kaliszu\/#listItem","name":"O Kaliszu"}},{"@type":"ListItem","@id":"https:\/\/kaliszczasemmalowany.pl\/index.php\/category\/o-kaliszu\/#listItem","position":2,"name":"O Kaliszu","item":"https:\/\/kaliszczasemmalowany.pl\/index.php\/category\/o-kaliszu\/","nextItem":{"@type":"ListItem","@id":"https:\/\/kaliszczasemmalowany.pl\/index.php\/2026\/blog-kaliszczasemmalowany-zegna-rok-2025\/#listItem","name":"KaliszCzasemMalowany \u017cegna rok 2025"},"previousItem":{"@type":"ListItem","@id":"https:\/\/kaliszczasemmalowany.pl#listItem","name":"Strona g\u0142\u00f3wna"}},{"@type":"ListItem","@id":"https:\/\/kaliszczasemmalowany.pl\/index.php\/2026\/blog-kaliszczasemmalowany-zegna-rok-2025\/#listItem","position":3,"name":"KaliszCzasemMalowany \u017cegna rok 2025","previousItem":{"@type":"ListItem","@id":"https:\/\/kaliszczasemmalowany.pl\/index.php\/category\/o-kaliszu\/#listItem","name":"O Kaliszu"}}]},{"@type":"Person","@id":"https:\/\/kaliszczasemmalowany.pl\/#person","name":"Pawe\u0142 Liszewski","image":{"@type":"ImageObject","@id":"https:\/\/kaliszczasemmalowany.pl\/index.php\/2026\/blog-kaliszczasemmalowany-zegna-rok-2025\/#personImage","url":"https:\/\/secure.gravatar.com\/avatar\/5a5afc29e8abe93f415ca15abf21395d6303ab000250220121432e5aab91966e?s=96&d=mm&r=g","width":96,"height":96,"caption":"Pawe\u0142 Liszewski"}},{"@type":"Person","@id":"https:\/\/kaliszczasemmalowany.pl\/index.php\/author\/krysia\/#author","url":"https:\/\/kaliszczasemmalowany.pl\/index.php\/author\/krysia\/","name":"PiK","image":{"@type":"ImageObject","url":"https:\/\/secure.gravatar.com\/avatar\/a01eefe17b2143fe4c87c80742bc7ae8a193169eeebde9de8373aab5f31e2654?s=96&d=mm&r=g"}},{"@type":"WebPage","@id":"https:\/\/kaliszczasemmalowany.pl\/index.php\/2026\/blog-kaliszczasemmalowany-zegna-rok-2025\/#webpage","url":"https:\/\/kaliszczasemmalowany.pl\/index.php\/2026\/blog-kaliszczasemmalowany-zegna-rok-2025\/","name":"KaliszCzasemMalowany \u017cegna rok 2025 - Kalisz Czasem Malowany","description":"Kaliszczasemmalowany.pl \u017cegna rok 2025. Stary rok 2025 obdarzy\u0142 Kalisz pi\u0119knymi muralami, odnowieniem ruin zamku, pi\u0119kn\u0105 siedzib\u0105 Uniwersytetu Kaliskiego","inLanguage":"pl-PL","isPartOf":{"@id":"https:\/\/kaliszczasemmalowany.pl\/#website"},"breadcrumb":{"@id":"https:\/\/kaliszczasemmalowany.pl\/index.php\/2026\/blog-kaliszczasemmalowany-zegna-rok-2025\/#breadcrumblist"},"author":{"@id":"https:\/\/kaliszczasemmalowany.pl\/index.php\/author\/krysia\/#author"},"creator":{"@id":"https:\/\/kaliszczasemmalowany.pl\/index.php\/author\/krysia\/#author"},"image":{"@type":"ImageObject","url":"https:\/\/kaliszczasemmalowany.pl\/wp-content\/uploads\/2026\/01\/DSC_6864.jpg","@id":"https:\/\/kaliszczasemmalowany.pl\/index.php\/2026\/blog-kaliszczasemmalowany-zegna-rok-2025\/#mainImage","width":2048,"height":1416,"caption":"rok 2025"},"primaryImageOfPage":{"@id":"https:\/\/kaliszczasemmalowany.pl\/index.php\/2026\/blog-kaliszczasemmalowany-zegna-rok-2025\/#mainImage"},"datePublished":"2026-01-03T15:04:27+02:00","dateModified":"2026-01-10T11:22:34+02:00"},{"@type":"WebSite","@id":"https:\/\/kaliszczasemmalowany.pl\/#website","url":"https:\/\/kaliszczasemmalowany.pl\/","name":"Kalisz Czasem Malowany","description":"Fotoblog subiektywny","inLanguage":"pl-PL","publisher":{"@id":"https:\/\/kaliszczasemmalowany.pl\/#person"}}]},"og:locale":"pl_PL","og:site_name":"Kalisz Czasem Malowany - Fotoblog subiektywny","og:type":"activity","og:title":"KaliszCzasemMalowany \u017cegna rok 2025 - Kalisz Czasem Malowany","og:description":"Kaliszczasemmalowany.pl \u017cegna rok 2025. Stary rok 2025 obdarzy\u0142 Kalisz pi\u0119knymi muralami, odnowieniem ruin zamku, pi\u0119kn\u0105 siedzib\u0105 Uniwersytetu Kaliskiego","og:url":"https:\/\/kaliszczasemmalowany.pl\/index.php\/2026\/blog-kaliszczasemmalowany-zegna-rok-2025\/","fb:app_id":"1247192616682170","fb:admins":"100003136013596,100070523616841,100004477359982","og:image":"https:\/\/kaliszczasemmalowany.pl\/wp-content\/uploads\/2026\/01\/DSC_6864.jpg","og:image:secure_url":"https:\/\/kaliszczasemmalowany.pl\/wp-content\/uploads\/2026\/01\/DSC_6864.jpg","og:image:width":2048,"og:image:height":1416,"twitter:card":"summary_large_image","twitter:site":"@pik1982dil","twitter:title":"KaliszCzasemMalowany \u017cegna rok 2025 - Kalisz Czasem Malowany","twitter:description":"Kaliszczasemmalowany.pl \u017cegna rok 2025. Stary rok 2025 obdarzy\u0142 Kalisz pi\u0119knymi muralami, odnowieniem ruin zamku, pi\u0119kn\u0105 siedzib\u0105 Uniwersytetu Kaliskiego","twitter:creator":"@pik1982dil","twitter:image":"https:\/\/kaliszczasemmalowany.pl\/wp-content\/uploads\/2026\/01\/DSC_6864.jpg","twitter:label1":"Autor","twitter:data1":"PiK","twitter:label2":"Szac. czas czytania","twitter:data2":"4 minuty"},"aioseo_meta_data":{"post_id":"47585","title":null,"description":null,"keywords":null,"keyphrases":{"focus":{"keyphrase":"Rok 2025","score":100,"analysis":{"keyphraseInTitle":{"score":9,"maxScore":9,"error":0},"keyphraseInDescription":{"score":9,"maxScore":9,"error":0},"keyphraseLength":{"score":9,"maxScore":9,"error":0,"length":2},"keyphraseInURL":{"score":5,"maxScore":5,"error":0},"keyphraseInIntroduction":{"score":9,"maxScore":9,"error":0},"keyphraseInSubHeadings":[],"keyphraseInImageAlt":{"score":9,"maxScore":9,"error":0},"keywordDensity":{"type":"best","score":9,"maxScore":9,"error":0}}},"additional":[]},"primary_term":null,"canonical_url":null,"og_title":null,"og_description":null,"og_object_type":"default","og_image_type":"default","og_image_url":null,"og_image_width":null,"og_image_height":null,"og_image_custom_url":null,"og_image_custom_fields":null,"og_video":"","og_custom_url":null,"og_article_section":null,"og_article_tags":null,"twitter_use_og":true,"twitter_card":"default","twitter_image_type":"default","twitter_image_url":null,"twitter_image_custom_url":null,"twitter_image_custom_fields":null,"twitter_title":null,"twitter_description":null,"schema":{"blockGraphs":[],"customGraphs":[],"default":{"data":{"Article":[],"Course":[],"Dataset":[],"FAQPage":[],"Movie":[],"Person":[],"Product":[],"ProductReview":[],"Car":[],"Recipe":[],"Service":[],"SoftwareApplication":[],"WebPage":[]},"graphName":"BlogPosting","isEnabled":true},"graphs":[]},"schema_type":"default","schema_type_options":null,"pillar_content":false,"robots_default":true,"robots_noindex":false,"robots_noarchive":false,"robots_nosnippet":false,"robots_nofollow":false,"robots_noimageindex":false,"robots_noodp":false,"robots_notranslate":false,"robots_max_snippet":"-1","robots_max_videopreview":"-1","robots_max_imagepreview":"large","priority":null,"frequency":"default","local_seo":null,"seo_analyzer_scan_date":"2026-01-10 09:35:33","breadcrumb_settings":null,"limit_modified_date":false,"reviewed_by":"0","open_ai":null,"ai":{"faqs":[],"keyPoints":[],"titles":[],"descriptions":[],"socialPosts":{"email":[],"linkedin":[],"twitter":[],"facebook":[],"instagram":[]}},"created":"2026-01-03 11:18:57","updated":"2026-01-10 09:35:33"},"aioseo_breadcrumb":"<div class=\"aioseo-breadcrumbs\"><span class=\"aioseo-breadcrumb\">\n\t<a href=\"https:\/\/kaliszczasemmalowany.pl\" title=\"Strona g\u0142\u00f3wna\">Strona g\u0142\u00f3wna<\/a>\n<\/span><span class=\"aioseo-breadcrumb-separator\">\u00bb<\/span><span class=\"aioseo-breadcrumb\">\n\t<a href=\"https:\/\/kaliszczasemmalowany.pl\/index.php\/category\/o-kaliszu\/\" title=\"O Kaliszu\">O Kaliszu<\/a>\n<\/span><span class=\"aioseo-breadcrumb-separator\">\u00bb<\/span><span class=\"aioseo-breadcrumb\">\n\tKaliszCzasemMalowany \u017cegna rok 2025\n<\/span><\/div>","aioseo_breadcrumb_json":[{"label":"Strona g\u0142\u00f3wna","link":"https:\/\/kaliszczasemmalowany.pl"},{"label":"O Kaliszu","link":"https:\/\/kaliszczasemmalowany.pl\/index.php\/category\/o-kaliszu\/"},{"label":"KaliszCzasemMalowany \u017cegna rok 2025","link":"https:\/\/kaliszczasemmalowany.pl\/index.php\/2026\/blog-kaliszczasemmalowany-zegna-rok-2025\/"}],"acf":[],"_links":{"self":[{"href":"https:\/\/kaliszczasemmalowany.pl\/index.php\/wp-json\/wp\/v2\/posts\/47585","targetHints":{"allow":["GET"]}}],"collection":[{"href":"https:\/\/kaliszczasemmalowany.pl\/index.php\/wp-json\/wp\/v2\/posts"}],"about":[{"href":"https:\/\/kaliszczasemmalowany.pl\/index.php\/wp-json\/wp\/v2\/types\/post"}],"author":[{"embeddable":true,"href":"https:\/\/kaliszczasemmalowany.pl\/index.php\/wp-json\/wp\/v2\/users\/2"}],"replies":[{"embeddable":true,"href":"https:\/\/kaliszczasemmalowany.pl\/index.php\/wp-json\/wp\/v2\/comments?post=47585"}],"version-history":[{"count":26,"href":"https:\/\/kaliszczasemmalowany.pl\/index.php\/wp-json\/wp\/v2\/posts\/47585\/revisions"}],"predecessor-version":[{"id":47640,"href":"https:\/\/kaliszczasemmalowany.pl\/index.php\/wp-json\/wp\/v2\/posts\/47585\/revisions\/47640"}],"wp:featuredmedia":[{"embeddable":true,"href":"https:\/\/kaliszczasemmalowany.pl\/index.php\/wp-json\/wp\/v2\/media\/47592"}],"wp:attachment":[{"href":"https:\/\/kaliszczasemmalowany.pl\/index.php\/wp-json\/wp\/v2\/media?parent=47585"}],"wp:term":[{"taxonomy":"category","embeddable":true,"href":"https:\/\/kaliszczasemmalowany.pl\/index.php\/wp-json\/wp\/v2\/categories?post=47585"},{"taxonomy":"post_tag","embeddable":true,"href":"https:\/\/kaliszczasemmalowany.pl\/index.php\/wp-json\/wp\/v2\/tags?post=47585"}],"curies":[{"name":"wp","href":"https:\/\/api.w.org\/{rel}","templated":true}]}}