{"id":45693,"date":"2026-03-07T07:23:00","date_gmt":"2026-03-07T06:23:00","guid":{"rendered":"https:\/\/kaliszczasemmalowany.pl\/?p=45693"},"modified":"2026-03-07T08:46:46","modified_gmt":"2026-03-07T07:46:46","slug":"herb-kalisza","status":"publish","type":"post","link":"https:\/\/kaliszczasemmalowany.pl\/index.php\/2026\/herb-kalisza\/","title":{"rendered":"Herb Kalisza"},"content":{"rendered":"<p>Herb Kalisza<\/p>\n<p>1 lipca 1925 roku w\u0142adze Kalisza uchwali\u0142y powr\u00f3t do herbu miasta, wed\u0142ug wzoru, jaki nada\u0142 mu ksi\u0105\u017c\u0119 Boles\u0142aw Pobo\u017cny.<\/p>\n<p>&nbsp;<\/p>\n<figure id=\"attachment_45695\" aria-describedby=\"caption-attachment-45695\" style=\"width: 958px\" class=\"wp-caption alignnone\"><img fetchpriority=\"high\" decoding=\"async\" class=\"wp-image-45695\" src=\"https:\/\/kaliszczasemmalowany.pl\/wp-content\/uploads\/2024\/07\/rmsx7zd9ej2kr9euz74nzmerx.jpg\" alt=\"Herb Kalisza\" width=\"958\" height=\"958\" srcset=\"https:\/\/kaliszczasemmalowany.pl\/wp-content\/uploads\/2024\/07\/rmsx7zd9ej2kr9euz74nzmerx.jpg 575w, https:\/\/kaliszczasemmalowany.pl\/wp-content\/uploads\/2024\/07\/rmsx7zd9ej2kr9euz74nzmerx-150x150.jpg 150w, https:\/\/kaliszczasemmalowany.pl\/wp-content\/uploads\/2024\/07\/rmsx7zd9ej2kr9euz74nzmerx-300x300.jpg 300w, https:\/\/kaliszczasemmalowany.pl\/wp-content\/uploads\/2024\/07\/rmsx7zd9ej2kr9euz74nzmerx-75x75.jpg 75w\" sizes=\"(max-width: 958px) 100vw, 958px\" \/><figcaption id=\"caption-attachment-45695\" class=\"wp-caption-text\">1 lipca 1925 roku w\u0142adze Kalisza uchwali\u0142y powr\u00f3t do herbu miasta, wed\u0142ug wzoru, jaki nada\u0142 mu ksi\u0105\u017c\u0119 Boles\u0142aw Pobo\u017cny<\/figcaption><\/figure>\n<figure id=\"attachment_3312\" aria-describedby=\"caption-attachment-3312\" style=\"width: 960px\" class=\"wp-caption alignnone\"><img decoding=\"async\" class=\"wp-image-3312 size-large\" src=\"https:\/\/kaliszczasemmalowany.pl\/wp-content\/uploads\/2020\/01\/P5135579-1024x766.jpg\" alt=\"Herb Kalisza\" width=\"960\" height=\"718\" srcset=\"https:\/\/kaliszczasemmalowany.pl\/wp-content\/uploads\/2020\/01\/P5135579-1024x766.jpg 1024w, https:\/\/kaliszczasemmalowany.pl\/wp-content\/uploads\/2020\/01\/P5135579-300x224.jpg 300w, https:\/\/kaliszczasemmalowany.pl\/wp-content\/uploads\/2020\/01\/P5135579-768x575.jpg 768w, https:\/\/kaliszczasemmalowany.pl\/wp-content\/uploads\/2020\/01\/P5135579-1200x898.jpg 1200w\" sizes=\"(max-width: 960px) 100vw, 960px\" \/><figcaption id=\"caption-attachment-3312\" class=\"wp-caption-text\">herb Kalisza na balustradzie Mostu Kamiennego<\/figcaption><\/figure>\n<p>Wersja herbu ustanowiona w 1990 r. przedstawia\u0142a mur miejski z umieszczon\u0105 po jego \u015brodku bram\u0105. Nad murem po bokach umieszczone dwie czerwone baszty, mi\u0119dzy kt\u00f3rymi stoi tr\u0119bacz, ubrany w br\u0105zowy str\u00f3j, graj\u0105cy na rogu (uzbrojony w <a title=\"Palica (bro\u0144)\" href=\"https:\/\/pl.wikipedia.org\/wiki\/Palica_(bro%C5%84)\">palic\u0119<\/a> i wsparty na <a title=\"Miecz\" href=\"https:\/\/pl.wikipedia.org\/wiki\/Miecz\">mieczu<\/a>). Herb ten znajdowa\u0142 si\u0119 na najstarszej miejskiej piecz\u0119ci z roku 1374<\/p>\n<figure id=\"attachment_34394\" aria-describedby=\"caption-attachment-34394\" style=\"width: 960px\" class=\"wp-caption alignnone\"><img decoding=\"async\" class=\"wp-image-34394 size-large\" src=\"https:\/\/kaliszczasemmalowany.pl\/wp-content\/uploads\/2020\/05\/DSC_2155-Edit-1-1024x948.jpg\" alt=\"Herb Kalisza\" width=\"960\" height=\"889\" srcset=\"https:\/\/kaliszczasemmalowany.pl\/wp-content\/uploads\/2020\/05\/DSC_2155-Edit-1-1024x948.jpg 1024w, https:\/\/kaliszczasemmalowany.pl\/wp-content\/uploads\/2020\/05\/DSC_2155-Edit-1-300x278.jpg 300w, https:\/\/kaliszczasemmalowany.pl\/wp-content\/uploads\/2020\/05\/DSC_2155-Edit-1-768x711.jpg 768w, https:\/\/kaliszczasemmalowany.pl\/wp-content\/uploads\/2020\/05\/DSC_2155-Edit-1-1536x1423.jpg 1536w, https:\/\/kaliszczasemmalowany.pl\/wp-content\/uploads\/2020\/05\/DSC_2155-Edit-1-2048x1897.jpg 2048w, https:\/\/kaliszczasemmalowany.pl\/wp-content\/uploads\/2020\/05\/DSC_2155-Edit-1-1200x1111.jpg 1200w\" sizes=\"(max-width: 960px) 100vw, 960px\" \/><figcaption id=\"caption-attachment-34394\" class=\"wp-caption-text\">Herb Kalisza wykonany przez Wies\u0142awa O\u017amin\u0119 na rogatkach miasta<\/figcaption><\/figure>\n<figure id=\"attachment_607\" aria-describedby=\"caption-attachment-607\" style=\"width: 958px\" class=\"wp-caption alignnone\"><img loading=\"lazy\" decoding=\"async\" class=\"wp-image-607 \" src=\"https:\/\/kaliszczasemmalowany.pl\/wp-content\/uploads\/2017\/05\/mury-19.jpg\" alt=\"mury obronne kalisz herb Kalisza\" width=\"958\" height=\"961\" srcset=\"https:\/\/kaliszczasemmalowany.pl\/wp-content\/uploads\/2017\/05\/mury-19.jpg 932w, https:\/\/kaliszczasemmalowany.pl\/wp-content\/uploads\/2017\/05\/mury-19-150x150.jpg 150w, https:\/\/kaliszczasemmalowany.pl\/wp-content\/uploads\/2017\/05\/mury-19-300x300.jpg 300w, https:\/\/kaliszczasemmalowany.pl\/wp-content\/uploads\/2017\/05\/mury-19-768x770.jpg 768w\" sizes=\"(max-width: 958px) 100vw, 958px\" \/><figcaption id=\"caption-attachment-607\" class=\"wp-caption-text\">metalowa chor\u0105giewka z tr\u0119baczem i fragmentem mur\u00f3w obronnych zdobi kaliski ratusz<\/figcaption><\/figure>\n<figure id=\"attachment_1023\" aria-describedby=\"caption-attachment-1023\" style=\"width: 954px\" class=\"wp-caption alignnone\"><img loading=\"lazy\" decoding=\"async\" class=\"wp-image-1023\" src=\"https:\/\/kaliszczasemmalowany.pl\/wp-content\/uploads\/2017\/08\/herb-w-ratuszu-Bieniecki.jpg\" alt=\"Herb Kalisza\" width=\"954\" height=\"1435\" srcset=\"https:\/\/kaliszczasemmalowany.pl\/wp-content\/uploads\/2017\/08\/herb-w-ratuszu-Bieniecki.jpg 638w, https:\/\/kaliszczasemmalowany.pl\/wp-content\/uploads\/2017\/08\/herb-w-ratuszu-Bieniecki-199x300.jpg 199w\" sizes=\"(max-width: 954px) 100vw, 954px\" \/><figcaption id=\"caption-attachment-1023\" class=\"wp-caption-text\">Na strychu ratuszowym znajduje si\u0119 taka oto pami\u0105tka z budowy gmachu. Wykonali j\u0105 budowniczowie gmachu, kt\u00f3rych znamy jedynie z inicja\u0142\u00f3w. Chyba to najlepszy dow\u00f3d uczu\u0107, jakimi si\u0119 kierowali, a by\u0142y to uczucia ze wszech miar patriotyczne. Data 1924 jest dat\u0105 budowy, bowiem ratusz oddany zosta\u0142 do u\u017cytku \u2013 cho\u0107 nie w pe\u0142ni uko\u0144czony \u2013 w roku nast\u0119pnym. Opis herbu i zdj\u0119cie udost\u0119pnione przez Ryszarda Bienieckiego<\/figcaption><\/figure>\n<figure id=\"attachment_45687\" aria-describedby=\"caption-attachment-45687\" style=\"width: 958px\" class=\"wp-caption alignnone\"><img loading=\"lazy\" decoding=\"async\" class=\"wp-image-45687\" src=\"https:\/\/kaliszczasemmalowany.pl\/wp-content\/uploads\/2024\/07\/428638063_915925660535169_8069463604927594663_n.jpg\" alt=\"Herb Kalisza\" width=\"958\" height=\"958\" srcset=\"https:\/\/kaliszczasemmalowany.pl\/wp-content\/uploads\/2024\/07\/428638063_915925660535169_8069463604927594663_n.jpg 225w, https:\/\/kaliszczasemmalowany.pl\/wp-content\/uploads\/2024\/07\/428638063_915925660535169_8069463604927594663_n-150x150.jpg 150w, https:\/\/kaliszczasemmalowany.pl\/wp-content\/uploads\/2024\/07\/428638063_915925660535169_8069463604927594663_n-75x75.jpg 75w\" sizes=\"(max-width: 958px) 100vw, 958px\" \/><figcaption id=\"caption-attachment-45687\" class=\"wp-caption-text\">herb na odznace KALISKIEGO KO\u0141A PRZEWODNIK\u00d3W im. Adama Chody\u0144skiego<\/figcaption><\/figure>\n<figure id=\"attachment_45689\" aria-describedby=\"caption-attachment-45689\" style=\"width: 960px\" class=\"wp-caption alignnone\"><img loading=\"lazy\" decoding=\"async\" class=\"wp-image-45689 size-large\" src=\"https:\/\/kaliszczasemmalowany.pl\/wp-content\/uploads\/2024\/07\/DSC_8892-2560x1700.jpg\" alt=\"Herb Kalisza\" width=\"960\" height=\"638\" srcset=\"https:\/\/kaliszczasemmalowany.pl\/wp-content\/uploads\/2024\/07\/DSC_8892-2560x1700.jpg 2560w, https:\/\/kaliszczasemmalowany.pl\/wp-content\/uploads\/2024\/07\/DSC_8892-768x510.jpg 768w, https:\/\/kaliszczasemmalowany.pl\/wp-content\/uploads\/2024\/07\/DSC_8892-1536x1020.jpg 1536w, https:\/\/kaliszczasemmalowany.pl\/wp-content\/uploads\/2024\/07\/DSC_8892-2048x1360.jpg 2048w, https:\/\/kaliszczasemmalowany.pl\/wp-content\/uploads\/2024\/07\/DSC_8892-1140x757.jpg 1140w\" sizes=\"(max-width: 960px) 100vw, 960px\" \/><figcaption id=\"caption-attachment-45689\" class=\"wp-caption-text\">poz\u0142acany herb umieszczony na portyku ratusza<\/figcaption><\/figure>\n<figure id=\"attachment_45688\" aria-describedby=\"caption-attachment-45688\" style=\"width: 960px\" class=\"wp-caption alignnone\"><img loading=\"lazy\" decoding=\"async\" class=\"wp-image-45688 size-large\" src=\"https:\/\/kaliszczasemmalowany.pl\/wp-content\/uploads\/2024\/07\/DSC_1677-1701x2560.jpg\" alt=\"herb Kalisza \" width=\"960\" height=\"1445\" srcset=\"https:\/\/kaliszczasemmalowany.pl\/wp-content\/uploads\/2024\/07\/DSC_1677-scaled.jpg 1701w, https:\/\/kaliszczasemmalowany.pl\/wp-content\/uploads\/2024\/07\/DSC_1677-510x768.jpg 510w, https:\/\/kaliszczasemmalowany.pl\/wp-content\/uploads\/2024\/07\/DSC_1677-768x1156.jpg 768w, https:\/\/kaliszczasemmalowany.pl\/wp-content\/uploads\/2024\/07\/DSC_1677-1021x1536.jpg 1021w, https:\/\/kaliszczasemmalowany.pl\/wp-content\/uploads\/2024\/07\/DSC_1677-1361x2048.jpg 1361w, https:\/\/kaliszczasemmalowany.pl\/wp-content\/uploads\/2024\/07\/DSC_1677-1140x1716.jpg 1140w\" sizes=\"(max-width: 960px) 100vw, 960px\" \/><figcaption id=\"caption-attachment-45688\" class=\"wp-caption-text\">herb Kalisza wykonany w miedzi na potrzeby Urz\u0119du Wojew\u00f3dzkiego<\/figcaption><\/figure>\n<figure id=\"attachment_45690\" aria-describedby=\"caption-attachment-45690\" style=\"width: 961px\" class=\"wp-caption alignnone\"><img loading=\"lazy\" decoding=\"async\" class=\"wp-image-45690\" src=\"https:\/\/kaliszczasemmalowany.pl\/wp-content\/uploads\/2024\/07\/HERB1.jpg\" alt=\"Herb Kalisza\" width=\"961\" height=\"995\" srcset=\"https:\/\/kaliszczasemmalowany.pl\/wp-content\/uploads\/2024\/07\/HERB1.jpg 2229w, https:\/\/kaliszczasemmalowany.pl\/wp-content\/uploads\/2024\/07\/HERB1-742x768.jpg 742w, https:\/\/kaliszczasemmalowany.pl\/wp-content\/uploads\/2024\/07\/HERB1-768x795.jpg 768w, https:\/\/kaliszczasemmalowany.pl\/wp-content\/uploads\/2024\/07\/HERB1-1483x1536.jpg 1483w, https:\/\/kaliszczasemmalowany.pl\/wp-content\/uploads\/2024\/07\/HERB1-1978x2048.jpg 1978w, https:\/\/kaliszczasemmalowany.pl\/wp-content\/uploads\/2024\/07\/HERB1-1140x1180.jpg 1140w\" sizes=\"(max-width: 961px) 100vw, 961px\" \/><figcaption id=\"caption-attachment-45690\" class=\"wp-caption-text\">dawny herb miasta Kalisza<\/figcaption><\/figure>\n<p><img loading=\"lazy\" decoding=\"async\" class=\"alignnone wp-image-45691\" src=\"https:\/\/kaliszczasemmalowany.pl\/wp-content\/uploads\/2024\/07\/HERB2.jpg\" alt=\"Herb Kalisza\" width=\"955\" height=\"931\" srcset=\"https:\/\/kaliszczasemmalowany.pl\/wp-content\/uploads\/2024\/07\/HERB2.jpg 838w, https:\/\/kaliszczasemmalowany.pl\/wp-content\/uploads\/2024\/07\/HERB2-768x749.jpg 768w\" sizes=\"(max-width: 955px) 100vw, 955px\" \/><\/p>\n<figure id=\"attachment_45692\" aria-describedby=\"caption-attachment-45692\" style=\"width: 954px\" class=\"wp-caption alignnone\"><img loading=\"lazy\" decoding=\"async\" class=\"wp-image-45692\" src=\"https:\/\/kaliszczasemmalowany.pl\/wp-content\/uploads\/2024\/07\/kaliszanie-towarzystwo-cylkistopw-Julian-jaroszeski.jpg\" alt=\"Herb Kalisza\" width=\"954\" height=\"1256\" srcset=\"https:\/\/kaliszczasemmalowany.pl\/wp-content\/uploads\/2024\/07\/kaliszanie-towarzystwo-cylkistopw-Julian-jaroszeski.jpg 852w, https:\/\/kaliszczasemmalowany.pl\/wp-content\/uploads\/2024\/07\/kaliszanie-towarzystwo-cylkistopw-Julian-jaroszeski-583x768.jpg 583w, https:\/\/kaliszczasemmalowany.pl\/wp-content\/uploads\/2024\/07\/kaliszanie-towarzystwo-cylkistopw-Julian-jaroszeski-768x1011.jpg 768w\" sizes=\"(max-width: 954px) 100vw, 954px\" \/><figcaption id=\"caption-attachment-45692\" class=\"wp-caption-text\">odznaka TOWARZYSTWA CYKLIST\u00d3W KALISKICH<\/figcaption><\/figure>\n<p>\u017ar\u00f3d\u0142o: <a href=\"https:\/\/zyciekalisza.pl\/artykul\/czy-to-jest-herb-kalisza\/940928\" target=\"_blank\" rel=\"nofollow noopener\">https:\/\/zyciekalisza.pl\/artykul\/czy-to-jest-herb-kalisza\/940928<\/a><\/p>\n","protected":false},"excerpt":{"rendered":"<p>Herb Kalisza. 1 lipca 1925 roku w\u0142adze Kalisza uchwali\u0142y powr\u00f3t do herbu miasta, wed\u0142ug wzoru, jaki nada\u0142 mu ksi\u0105\u017c\u0119 Boles\u0142aw Pobo\u017cny.<\/p>\n","protected":false},"author":2,"featured_media":45686,"comment_status":"open","ping_status":"closed","sticky":false,"template":"","format":"standard","meta":{"_monsterinsights_skip_tracking":false,"_monsterinsights_sitenote_active":false,"_monsterinsights_sitenote_note":"","_monsterinsights_sitenote_category":0,"footnotes":""},"categories":[2],"tags":[],"class_list":["post-45693","post","type-post","status-publish","format-standard","has-post-thumbnail","hentry","category-o-kaliszu"],"aioseo_notices":[],"aioseo_head":"\n\t\t<!-- All in One SEO Pro 4.9.0 - aioseo.com -->\n\t<meta name=\"description\" content=\"Herb Kalisza. 1 lipca 1925 roku w\u0142adze Kalisza uchwali\u0142y powr\u00f3t do herbu miasta, wed\u0142ug wzoru, jaki nada\u0142 mu ksi\u0105\u017c\u0119 Boles\u0142aw Pobo\u017cny.\" \/>\n\t<meta name=\"robots\" content=\"max-image-preview:large\" \/>\n\t<meta name=\"author\" content=\"PiK\"\/>\n\t<meta name=\"keywords\" content=\"o kaliszu\" \/>\n\t<link rel=\"canonical\" href=\"https:\/\/kaliszczasemmalowany.pl\/index.php\/2026\/herb-kalisza\/\" \/>\n\t<meta name=\"generator\" content=\"All in One SEO Pro (AIOSEO) 4.9.0\" \/>\n\t\t<meta property=\"og:locale\" content=\"pl_PL\" \/>\n\t\t<meta property=\"og:site_name\" content=\"Kalisz Czasem Malowany - Fotoblog subiektywny\" \/>\n\t\t<meta property=\"og:type\" content=\"activity\" \/>\n\t\t<meta property=\"og:title\" content=\"herb kalisza wg wzoru, jaki nada\u0142 ksi\u0105\u017c\u0119 Boles\u0142aw Pobo\u017cny\" \/>\n\t\t<meta property=\"og:description\" content=\"Herb Kalisza. 1 lipca 1925 roku w\u0142adze Kalisza uchwali\u0142y powr\u00f3t do herbu miasta, wed\u0142ug wzoru, jaki nada\u0142 mu ksi\u0105\u017c\u0119 Boles\u0142aw Pobo\u017cny.\" \/>\n\t\t<meta property=\"og:url\" content=\"https:\/\/kaliszczasemmalowany.pl\/index.php\/2026\/herb-kalisza\/\" \/>\n\t\t<meta property=\"fb:app_id\" content=\"1247192616682170\" \/>\n\t\t<meta property=\"fb:admins\" content=\"100003136013596,100070523616841,100004477359982\" \/>\n\t\t<meta property=\"og:image\" content=\"https:\/\/kaliszczasemmalowany.pl\/wp-content\/uploads\/2024\/07\/20240701_171708.jpg\" \/>\n\t\t<meta property=\"og:image:secure_url\" content=\"https:\/\/kaliszczasemmalowany.pl\/wp-content\/uploads\/2024\/07\/20240701_171708.jpg\" \/>\n\t\t<meta property=\"og:image:width\" content=\"2048\" \/>\n\t\t<meta property=\"og:image:height\" content=\"1868\" \/>\n\t\t<meta name=\"twitter:card\" content=\"summary_large_image\" \/>\n\t\t<meta name=\"twitter:site\" content=\"@pik1982dil\" \/>\n\t\t<meta name=\"twitter:title\" content=\"herb kalisza wg wzoru, jaki nada\u0142 ksi\u0105\u017c\u0119 Boles\u0142aw Pobo\u017cny\" \/>\n\t\t<meta name=\"twitter:description\" content=\"Herb Kalisza. 1 lipca 1925 roku w\u0142adze Kalisza uchwali\u0142y powr\u00f3t do herbu miasta, wed\u0142ug wzoru, jaki nada\u0142 mu ksi\u0105\u017c\u0119 Boles\u0142aw Pobo\u017cny.\" \/>\n\t\t<meta name=\"twitter:creator\" content=\"@pik1982dil\" \/>\n\t\t<meta name=\"twitter:image\" content=\"https:\/\/kaliszczasemmalowany.pl\/wp-content\/uploads\/2024\/07\/20240701_171708.jpg\" \/>\n\t\t<meta name=\"twitter:label1\" content=\"Autor\" \/>\n\t\t<meta name=\"twitter:data1\" content=\"PiK\" \/>\n\t\t<meta name=\"twitter:label2\" content=\"Szac. czas czytania\" \/>\n\t\t<meta name=\"twitter:data2\" content=\"2 minuty\" \/>\n\t\t<script type=\"application\/ld+json\" class=\"aioseo-schema\">\n\t\t\t{\"@context\":\"https:\\\/\\\/schema.org\",\"@graph\":[{\"@type\":\"BlogPosting\",\"@id\":\"https:\\\/\\\/kaliszczasemmalowany.pl\\\/index.php\\\/2026\\\/herb-kalisza\\\/#blogposting\",\"name\":\"herb kalisza wg wzoru, jaki nada\\u0142 ksi\\u0105\\u017c\\u0119 Boles\\u0142aw Pobo\\u017cny\",\"headline\":\"Herb Kalisza\",\"author\":{\"@id\":\"https:\\\/\\\/kaliszczasemmalowany.pl\\\/index.php\\\/author\\\/krysia\\\/#author\"},\"publisher\":{\"@id\":\"https:\\\/\\\/kaliszczasemmalowany.pl\\\/#person\"},\"image\":{\"@type\":\"ImageObject\",\"url\":\"https:\\\/\\\/kaliszczasemmalowany.pl\\\/wp-content\\\/uploads\\\/2024\\\/07\\\/20240701_171708.jpg\",\"width\":2048,\"height\":1868,\"caption\":\"pokrywa studzienki z herbem\"},\"datePublished\":\"2026-03-07T07:23:00+02:00\",\"dateModified\":\"2026-03-07T08:46:46+02:00\",\"inLanguage\":\"pl-PL\",\"mainEntityOfPage\":{\"@id\":\"https:\\\/\\\/kaliszczasemmalowany.pl\\\/index.php\\\/2026\\\/herb-kalisza\\\/#webpage\"},\"isPartOf\":{\"@id\":\"https:\\\/\\\/kaliszczasemmalowany.pl\\\/index.php\\\/2026\\\/herb-kalisza\\\/#webpage\"},\"articleSection\":\"O Kaliszu\"},{\"@type\":\"BreadcrumbList\",\"@id\":\"https:\\\/\\\/kaliszczasemmalowany.pl\\\/index.php\\\/2026\\\/herb-kalisza\\\/#breadcrumblist\",\"itemListElement\":[{\"@type\":\"ListItem\",\"@id\":\"https:\\\/\\\/kaliszczasemmalowany.pl#listItem\",\"position\":1,\"name\":\"Strona g\\u0142\\u00f3wna\",\"item\":\"https:\\\/\\\/kaliszczasemmalowany.pl\",\"nextItem\":{\"@type\":\"ListItem\",\"@id\":\"https:\\\/\\\/kaliszczasemmalowany.pl\\\/index.php\\\/category\\\/o-kaliszu\\\/#listItem\",\"name\":\"O Kaliszu\"}},{\"@type\":\"ListItem\",\"@id\":\"https:\\\/\\\/kaliszczasemmalowany.pl\\\/index.php\\\/category\\\/o-kaliszu\\\/#listItem\",\"position\":2,\"name\":\"O Kaliszu\",\"item\":\"https:\\\/\\\/kaliszczasemmalowany.pl\\\/index.php\\\/category\\\/o-kaliszu\\\/\",\"nextItem\":{\"@type\":\"ListItem\",\"@id\":\"https:\\\/\\\/kaliszczasemmalowany.pl\\\/index.php\\\/2026\\\/herb-kalisza\\\/#listItem\",\"name\":\"Herb Kalisza\"},\"previousItem\":{\"@type\":\"ListItem\",\"@id\":\"https:\\\/\\\/kaliszczasemmalowany.pl#listItem\",\"name\":\"Strona g\\u0142\\u00f3wna\"}},{\"@type\":\"ListItem\",\"@id\":\"https:\\\/\\\/kaliszczasemmalowany.pl\\\/index.php\\\/2026\\\/herb-kalisza\\\/#listItem\",\"position\":3,\"name\":\"Herb Kalisza\",\"previousItem\":{\"@type\":\"ListItem\",\"@id\":\"https:\\\/\\\/kaliszczasemmalowany.pl\\\/index.php\\\/category\\\/o-kaliszu\\\/#listItem\",\"name\":\"O Kaliszu\"}}]},{\"@type\":\"Person\",\"@id\":\"https:\\\/\\\/kaliszczasemmalowany.pl\\\/#person\",\"name\":\"Pawe\\u0142 Liszewski\",\"image\":{\"@type\":\"ImageObject\",\"@id\":\"https:\\\/\\\/kaliszczasemmalowany.pl\\\/index.php\\\/2026\\\/herb-kalisza\\\/#personImage\",\"url\":\"https:\\\/\\\/secure.gravatar.com\\\/avatar\\\/5a5afc29e8abe93f415ca15abf21395d6303ab000250220121432e5aab91966e?s=96&d=mm&r=g\",\"width\":96,\"height\":96,\"caption\":\"Pawe\\u0142 Liszewski\"}},{\"@type\":\"Person\",\"@id\":\"https:\\\/\\\/kaliszczasemmalowany.pl\\\/index.php\\\/author\\\/krysia\\\/#author\",\"url\":\"https:\\\/\\\/kaliszczasemmalowany.pl\\\/index.php\\\/author\\\/krysia\\\/\",\"name\":\"PiK\",\"image\":{\"@type\":\"ImageObject\",\"url\":\"https:\\\/\\\/secure.gravatar.com\\\/avatar\\\/a01eefe17b2143fe4c87c80742bc7ae8a193169eeebde9de8373aab5f31e2654?s=96&d=mm&r=g\"}},{\"@type\":\"WebPage\",\"@id\":\"https:\\\/\\\/kaliszczasemmalowany.pl\\\/index.php\\\/2026\\\/herb-kalisza\\\/#webpage\",\"url\":\"https:\\\/\\\/kaliszczasemmalowany.pl\\\/index.php\\\/2026\\\/herb-kalisza\\\/\",\"name\":\"herb kalisza wg wzoru, jaki nada\\u0142 ksi\\u0105\\u017c\\u0119 Boles\\u0142aw Pobo\\u017cny\",\"description\":\"Herb Kalisza. 1 lipca 1925 roku w\\u0142adze Kalisza uchwali\\u0142y powr\\u00f3t do herbu miasta, wed\\u0142ug wzoru, jaki nada\\u0142 mu ksi\\u0105\\u017c\\u0119 Boles\\u0142aw Pobo\\u017cny.\",\"inLanguage\":\"pl-PL\",\"isPartOf\":{\"@id\":\"https:\\\/\\\/kaliszczasemmalowany.pl\\\/#website\"},\"breadcrumb\":{\"@id\":\"https:\\\/\\\/kaliszczasemmalowany.pl\\\/index.php\\\/2026\\\/herb-kalisza\\\/#breadcrumblist\"},\"author\":{\"@id\":\"https:\\\/\\\/kaliszczasemmalowany.pl\\\/index.php\\\/author\\\/krysia\\\/#author\"},\"creator\":{\"@id\":\"https:\\\/\\\/kaliszczasemmalowany.pl\\\/index.php\\\/author\\\/krysia\\\/#author\"},\"image\":{\"@type\":\"ImageObject\",\"url\":\"https:\\\/\\\/kaliszczasemmalowany.pl\\\/wp-content\\\/uploads\\\/2024\\\/07\\\/20240701_171708.jpg\",\"@id\":\"https:\\\/\\\/kaliszczasemmalowany.pl\\\/index.php\\\/2026\\\/herb-kalisza\\\/#mainImage\",\"width\":2048,\"height\":1868,\"caption\":\"pokrywa studzienki z herbem\"},\"primaryImageOfPage\":{\"@id\":\"https:\\\/\\\/kaliszczasemmalowany.pl\\\/index.php\\\/2026\\\/herb-kalisza\\\/#mainImage\"},\"datePublished\":\"2026-03-07T07:23:00+02:00\",\"dateModified\":\"2026-03-07T08:46:46+02:00\"},{\"@type\":\"WebSite\",\"@id\":\"https:\\\/\\\/kaliszczasemmalowany.pl\\\/#website\",\"url\":\"https:\\\/\\\/kaliszczasemmalowany.pl\\\/\",\"name\":\"Kalisz Czasem Malowany\",\"description\":\"Fotoblog subiektywny\",\"inLanguage\":\"pl-PL\",\"publisher\":{\"@id\":\"https:\\\/\\\/kaliszczasemmalowany.pl\\\/#person\"}}]}\n\t\t<\/script>\n\t\t<!-- All in One SEO Pro -->\r\n\t\t<title>herb kalisza wg wzoru, jaki nada\u0142 ksi\u0105\u017c\u0119 Boles\u0142aw Pobo\u017cny<\/title>\n\n","aioseo_head_json":{"title":"herb kalisza wg wzoru, jaki nada\u0142 ksi\u0105\u017c\u0119 Boles\u0142aw Pobo\u017cny","description":"Herb Kalisza. 1 lipca 1925 roku w\u0142adze Kalisza uchwali\u0142y powr\u00f3t do herbu miasta, wed\u0142ug wzoru, jaki nada\u0142 mu ksi\u0105\u017c\u0119 Boles\u0142aw Pobo\u017cny.","canonical_url":"https:\/\/kaliszczasemmalowany.pl\/index.php\/2026\/herb-kalisza\/","robots":"max-image-preview:large","keywords":"o kaliszu","webmasterTools":{"miscellaneous":""},"schema":{"@context":"https:\/\/schema.org","@graph":[{"@type":"BlogPosting","@id":"https:\/\/kaliszczasemmalowany.pl\/index.php\/2026\/herb-kalisza\/#blogposting","name":"herb kalisza wg wzoru, jaki nada\u0142 ksi\u0105\u017c\u0119 Boles\u0142aw Pobo\u017cny","headline":"Herb Kalisza","author":{"@id":"https:\/\/kaliszczasemmalowany.pl\/index.php\/author\/krysia\/#author"},"publisher":{"@id":"https:\/\/kaliszczasemmalowany.pl\/#person"},"image":{"@type":"ImageObject","url":"https:\/\/kaliszczasemmalowany.pl\/wp-content\/uploads\/2024\/07\/20240701_171708.jpg","width":2048,"height":1868,"caption":"pokrywa studzienki z herbem"},"datePublished":"2026-03-07T07:23:00+02:00","dateModified":"2026-03-07T08:46:46+02:00","inLanguage":"pl-PL","mainEntityOfPage":{"@id":"https:\/\/kaliszczasemmalowany.pl\/index.php\/2026\/herb-kalisza\/#webpage"},"isPartOf":{"@id":"https:\/\/kaliszczasemmalowany.pl\/index.php\/2026\/herb-kalisza\/#webpage"},"articleSection":"O Kaliszu"},{"@type":"BreadcrumbList","@id":"https:\/\/kaliszczasemmalowany.pl\/index.php\/2026\/herb-kalisza\/#breadcrumblist","itemListElement":[{"@type":"ListItem","@id":"https:\/\/kaliszczasemmalowany.pl#listItem","position":1,"name":"Strona g\u0142\u00f3wna","item":"https:\/\/kaliszczasemmalowany.pl","nextItem":{"@type":"ListItem","@id":"https:\/\/kaliszczasemmalowany.pl\/index.php\/category\/o-kaliszu\/#listItem","name":"O Kaliszu"}},{"@type":"ListItem","@id":"https:\/\/kaliszczasemmalowany.pl\/index.php\/category\/o-kaliszu\/#listItem","position":2,"name":"O Kaliszu","item":"https:\/\/kaliszczasemmalowany.pl\/index.php\/category\/o-kaliszu\/","nextItem":{"@type":"ListItem","@id":"https:\/\/kaliszczasemmalowany.pl\/index.php\/2026\/herb-kalisza\/#listItem","name":"Herb Kalisza"},"previousItem":{"@type":"ListItem","@id":"https:\/\/kaliszczasemmalowany.pl#listItem","name":"Strona g\u0142\u00f3wna"}},{"@type":"ListItem","@id":"https:\/\/kaliszczasemmalowany.pl\/index.php\/2026\/herb-kalisza\/#listItem","position":3,"name":"Herb Kalisza","previousItem":{"@type":"ListItem","@id":"https:\/\/kaliszczasemmalowany.pl\/index.php\/category\/o-kaliszu\/#listItem","name":"O Kaliszu"}}]},{"@type":"Person","@id":"https:\/\/kaliszczasemmalowany.pl\/#person","name":"Pawe\u0142 Liszewski","image":{"@type":"ImageObject","@id":"https:\/\/kaliszczasemmalowany.pl\/index.php\/2026\/herb-kalisza\/#personImage","url":"https:\/\/secure.gravatar.com\/avatar\/5a5afc29e8abe93f415ca15abf21395d6303ab000250220121432e5aab91966e?s=96&d=mm&r=g","width":96,"height":96,"caption":"Pawe\u0142 Liszewski"}},{"@type":"Person","@id":"https:\/\/kaliszczasemmalowany.pl\/index.php\/author\/krysia\/#author","url":"https:\/\/kaliszczasemmalowany.pl\/index.php\/author\/krysia\/","name":"PiK","image":{"@type":"ImageObject","url":"https:\/\/secure.gravatar.com\/avatar\/a01eefe17b2143fe4c87c80742bc7ae8a193169eeebde9de8373aab5f31e2654?s=96&d=mm&r=g"}},{"@type":"WebPage","@id":"https:\/\/kaliszczasemmalowany.pl\/index.php\/2026\/herb-kalisza\/#webpage","url":"https:\/\/kaliszczasemmalowany.pl\/index.php\/2026\/herb-kalisza\/","name":"herb kalisza wg wzoru, jaki nada\u0142 ksi\u0105\u017c\u0119 Boles\u0142aw Pobo\u017cny","description":"Herb Kalisza. 1 lipca 1925 roku w\u0142adze Kalisza uchwali\u0142y powr\u00f3t do herbu miasta, wed\u0142ug wzoru, jaki nada\u0142 mu ksi\u0105\u017c\u0119 Boles\u0142aw Pobo\u017cny.","inLanguage":"pl-PL","isPartOf":{"@id":"https:\/\/kaliszczasemmalowany.pl\/#website"},"breadcrumb":{"@id":"https:\/\/kaliszczasemmalowany.pl\/index.php\/2026\/herb-kalisza\/#breadcrumblist"},"author":{"@id":"https:\/\/kaliszczasemmalowany.pl\/index.php\/author\/krysia\/#author"},"creator":{"@id":"https:\/\/kaliszczasemmalowany.pl\/index.php\/author\/krysia\/#author"},"image":{"@type":"ImageObject","url":"https:\/\/kaliszczasemmalowany.pl\/wp-content\/uploads\/2024\/07\/20240701_171708.jpg","@id":"https:\/\/kaliszczasemmalowany.pl\/index.php\/2026\/herb-kalisza\/#mainImage","width":2048,"height":1868,"caption":"pokrywa studzienki z herbem"},"primaryImageOfPage":{"@id":"https:\/\/kaliszczasemmalowany.pl\/index.php\/2026\/herb-kalisza\/#mainImage"},"datePublished":"2026-03-07T07:23:00+02:00","dateModified":"2026-03-07T08:46:46+02:00"},{"@type":"WebSite","@id":"https:\/\/kaliszczasemmalowany.pl\/#website","url":"https:\/\/kaliszczasemmalowany.pl\/","name":"Kalisz Czasem Malowany","description":"Fotoblog subiektywny","inLanguage":"pl-PL","publisher":{"@id":"https:\/\/kaliszczasemmalowany.pl\/#person"}}]},"og:locale":"pl_PL","og:site_name":"Kalisz Czasem Malowany - Fotoblog subiektywny","og:type":"activity","og:title":"herb kalisza wg wzoru, jaki nada\u0142 ksi\u0105\u017c\u0119 Boles\u0142aw Pobo\u017cny","og:description":"Herb Kalisza. 1 lipca 1925 roku w\u0142adze Kalisza uchwali\u0142y powr\u00f3t do herbu miasta, wed\u0142ug wzoru, jaki nada\u0142 mu ksi\u0105\u017c\u0119 Boles\u0142aw Pobo\u017cny.","og:url":"https:\/\/kaliszczasemmalowany.pl\/index.php\/2026\/herb-kalisza\/","fb:app_id":"1247192616682170","fb:admins":"100003136013596,100070523616841,100004477359982","og:image":"https:\/\/kaliszczasemmalowany.pl\/wp-content\/uploads\/2024\/07\/20240701_171708.jpg","og:image:secure_url":"https:\/\/kaliszczasemmalowany.pl\/wp-content\/uploads\/2024\/07\/20240701_171708.jpg","og:image:width":2048,"og:image:height":1868,"twitter:card":"summary_large_image","twitter:site":"@pik1982dil","twitter:title":"herb kalisza wg wzoru, jaki nada\u0142 ksi\u0105\u017c\u0119 Boles\u0142aw Pobo\u017cny","twitter:description":"Herb Kalisza. 1 lipca 1925 roku w\u0142adze Kalisza uchwali\u0142y powr\u00f3t do herbu miasta, wed\u0142ug wzoru, jaki nada\u0142 mu ksi\u0105\u017c\u0119 Boles\u0142aw Pobo\u017cny.","twitter:creator":"@pik1982dil","twitter:image":"https:\/\/kaliszczasemmalowany.pl\/wp-content\/uploads\/2024\/07\/20240701_171708.jpg","twitter:label1":"Autor","twitter:data1":"PiK","twitter:label2":"Szac. czas czytania","twitter:data2":"2 minuty"},"aioseo_meta_data":{"post_id":"45693","title":"herb kalisza wg wzoru, jaki nada\u0142 ksi\u0105\u017c\u0119 Boles\u0142aw Pobo\u017cny","description":null,"keywords":null,"keyphrases":{"focus":{"keyphrase":"herb kalisza","score":100,"analysis":{"keyphraseInTitle":{"score":9,"maxScore":9,"error":0},"keyphraseInDescription":{"score":9,"maxScore":9,"error":0},"keyphraseLength":{"score":9,"maxScore":9,"error":0,"length":2},"keyphraseInURL":{"score":5,"maxScore":5,"error":0},"keyphraseInIntroduction":{"score":9,"maxScore":9,"error":0},"keyphraseInSubHeadings":[],"keyphraseInImageAlt":{"score":9,"maxScore":9,"error":0},"keywordDensity":{"type":"best","score":9,"maxScore":9,"error":0}}},"additional":[]},"primary_term":null,"canonical_url":null,"og_title":null,"og_description":null,"og_object_type":"default","og_image_type":"default","og_image_url":null,"og_image_width":null,"og_image_height":null,"og_image_custom_url":null,"og_image_custom_fields":null,"og_video":"","og_custom_url":null,"og_article_section":null,"og_article_tags":null,"twitter_use_og":true,"twitter_card":"default","twitter_image_type":"default","twitter_image_url":null,"twitter_image_custom_url":null,"twitter_image_custom_fields":null,"twitter_title":null,"twitter_description":null,"schema":{"blockGraphs":[],"customGraphs":[],"default":{"data":{"Article":[],"Course":[],"Dataset":[],"FAQPage":[],"Movie":[],"Person":[],"Product":[],"ProductReview":[],"Car":[],"Recipe":[],"Service":[],"SoftwareApplication":[],"WebPage":[]},"graphName":"BlogPosting","isEnabled":true},"graphs":[]},"schema_type":"default","schema_type_options":null,"pillar_content":false,"robots_default":true,"robots_noindex":false,"robots_noarchive":false,"robots_nosnippet":false,"robots_nofollow":false,"robots_noimageindex":false,"robots_noodp":false,"robots_notranslate":false,"robots_max_snippet":"-1","robots_max_videopreview":"-1","robots_max_imagepreview":"large","priority":null,"frequency":"default","local_seo":null,"seo_analyzer_scan_date":"2026-03-07 08:16:51","breadcrumb_settings":null,"limit_modified_date":false,"reviewed_by":"0","open_ai":"{\"title\":{\"suggestions\":[],\"usage\":0},\"description\":{\"suggestions\":[],\"usage\":0}}","ai":{"faqs":[],"keyPoints":[],"titles":[],"descriptions":[],"socialPosts":{"email":[],"linkedin":[],"twitter":[],"facebook":[],"instagram":[]}},"created":"2024-07-01 16:06:13","updated":"2026-03-07 08:16:51"},"aioseo_breadcrumb":"<div class=\"aioseo-breadcrumbs\"><span class=\"aioseo-breadcrumb\">\n\t<a href=\"https:\/\/kaliszczasemmalowany.pl\" title=\"Strona g\u0142\u00f3wna\">Strona g\u0142\u00f3wna<\/a>\n<\/span><span class=\"aioseo-breadcrumb-separator\">\u00bb<\/span><span class=\"aioseo-breadcrumb\">\n\t<a href=\"https:\/\/kaliszczasemmalowany.pl\/index.php\/category\/o-kaliszu\/\" title=\"O Kaliszu\">O Kaliszu<\/a>\n<\/span><span class=\"aioseo-breadcrumb-separator\">\u00bb<\/span><span class=\"aioseo-breadcrumb\">\n\tHerb Kalisza\n<\/span><\/div>","aioseo_breadcrumb_json":[{"label":"Strona g\u0142\u00f3wna","link":"https:\/\/kaliszczasemmalowany.pl"},{"label":"O Kaliszu","link":"https:\/\/kaliszczasemmalowany.pl\/index.php\/category\/o-kaliszu\/"},{"label":"Herb Kalisza","link":"https:\/\/kaliszczasemmalowany.pl\/index.php\/2026\/herb-kalisza\/"}],"acf":[],"_links":{"self":[{"href":"https:\/\/kaliszczasemmalowany.pl\/index.php\/wp-json\/wp\/v2\/posts\/45693","targetHints":{"allow":["GET"]}}],"collection":[{"href":"https:\/\/kaliszczasemmalowany.pl\/index.php\/wp-json\/wp\/v2\/posts"}],"about":[{"href":"https:\/\/kaliszczasemmalowany.pl\/index.php\/wp-json\/wp\/v2\/types\/post"}],"author":[{"embeddable":true,"href":"https:\/\/kaliszczasemmalowany.pl\/index.php\/wp-json\/wp\/v2\/users\/2"}],"replies":[{"embeddable":true,"href":"https:\/\/kaliszczasemmalowany.pl\/index.php\/wp-json\/wp\/v2\/comments?post=45693"}],"version-history":[{"count":8,"href":"https:\/\/kaliszczasemmalowany.pl\/index.php\/wp-json\/wp\/v2\/posts\/45693\/revisions"}],"predecessor-version":[{"id":45703,"href":"https:\/\/kaliszczasemmalowany.pl\/index.php\/wp-json\/wp\/v2\/posts\/45693\/revisions\/45703"}],"wp:featuredmedia":[{"embeddable":true,"href":"https:\/\/kaliszczasemmalowany.pl\/index.php\/wp-json\/wp\/v2\/media\/45686"}],"wp:attachment":[{"href":"https:\/\/kaliszczasemmalowany.pl\/index.php\/wp-json\/wp\/v2\/media?parent=45693"}],"wp:term":[{"taxonomy":"category","embeddable":true,"href":"https:\/\/kaliszczasemmalowany.pl\/index.php\/wp-json\/wp\/v2\/categories?post=45693"},{"taxonomy":"post_tag","embeddable":true,"href":"https:\/\/kaliszczasemmalowany.pl\/index.php\/wp-json\/wp\/v2\/tags?post=45693"}],"curies":[{"name":"wp","href":"https:\/\/api.w.org\/{rel}","templated":true}]}}