{"id":45490,"date":"2024-05-29T20:32:41","date_gmt":"2024-05-29T18:32:41","guid":{"rendered":"https:\/\/kaliszczasemmalowany.pl\/?p=45490"},"modified":"2025-01-11T21:41:22","modified_gmt":"2025-01-11T19:41:22","slug":"kosciol-garnizonowy","status":"publish","type":"post","link":"https:\/\/kaliszczasemmalowany.pl\/index.php\/2024\/kosciol-garnizonowy\/","title":{"rendered":"ko\u015bci\u00f3\u0142 garnizonowy"},"content":{"rendered":"<p>ko\u015bci\u00f3\u0142 garnizonowy i jego historia<\/p>\n<p>W roku 1583 prymas, arcybiskup gnie\u017anie\u0144ski Stanis\u0142aw Karnkowski sprowadzi\u0142 do Kalisza\u00a0 jezuit\u00f3w. Budowa budynk\u00f3w jezuickich rozpocz\u0119\u0142a si\u0119 w\u00a0roku 1586. Najpierw wzniesiono <a href=\"https:\/\/kaliszczasemmalowany.pl\/index.php\/2024\/kolegialna\/\" target=\"_blank\" rel=\"noopener\">kolegium<\/a>. Obok pobudowano w\u00a0latach 1592-97 ko\u015bci\u00f3\u0142 pod\u00a0wezwaniem \u015bw.\u00a0Wojciecha i\u00a0\u015bw.\u00a0Stanis\u0142awa Biskupa.<\/p>\n<p>Ko\u015bci\u00f3\u0142 pw. \u015awi\u0119tego Wojciecha i \u015awi\u0119tego Stanis\u0142awa Biskupa w Kaliszu zosta\u0142 wpisany na list\u0119 zabytk\u00f3w w 1930. Od roku 1945 jest to ko\u015bci\u00f3\u0142 garnizonowy cho\u0107 w Kaliszu dzi\u015b nie ma koszar wojskowych. Parafia wojskowa znajduje si\u0119 w Dekanacie Inspektoratu Wsparcia Si\u0142 Zbrojnych Ordynariatu Polowego Wojska Polskiego.<\/p>\n<figure id=\"attachment_45485\" aria-describedby=\"caption-attachment-45485\" style=\"width: 2048px\" class=\"wp-caption alignnone\"><img fetchpriority=\"high\" decoding=\"async\" class=\"wp-image-45485 size-full\" src=\"https:\/\/kaliszczasemmalowany.pl\/wp-content\/uploads\/2024\/05\/DSC_2491.jpg\" alt=\"ko\u015bci\u00f3\u0142 garnizonowy\" width=\"2048\" height=\"1510\" srcset=\"https:\/\/kaliszczasemmalowany.pl\/wp-content\/uploads\/2024\/05\/DSC_2491.jpg 2048w, https:\/\/kaliszczasemmalowany.pl\/wp-content\/uploads\/2024\/05\/DSC_2491-768x566.jpg 768w, https:\/\/kaliszczasemmalowany.pl\/wp-content\/uploads\/2024\/05\/DSC_2491-1536x1133.jpg 1536w, https:\/\/kaliszczasemmalowany.pl\/wp-content\/uploads\/2024\/05\/DSC_2491-1140x841.jpg 1140w\" sizes=\"(max-width: 2048px) 100vw, 2048px\" \/><figcaption id=\"caption-attachment-45485\" class=\"wp-caption-text\">ulica Kolegialna<\/figcaption><\/figure>\n<p>Ko\u015bci\u00f3\u0142 garnizonowy jest \u015bwi\u0105tyni\u0105 tr\u00f3jnawow\u0105 z emporami. Zaprojektowa\u0142 go jezuita, architekt Giovanni Maria Bernardoni z Cagno we W\u0142oszech. Nale\u017cy on do najwcze\u015bniejszych polskich ko\u015bcio\u0142\u00f3w barokowych.<\/p>\n<p>Nad\u00a0portalem jest umieszczony kartusz herbowy prymasa Stanis\u0142awa Karnkowskiego \u2013 Junosza.<\/p>\n<p><!--more--><\/p>\n<p><img decoding=\"async\" class=\"alignnone wp-image-45481 size-full\" src=\"https:\/\/kaliszczasemmalowany.pl\/wp-content\/uploads\/2024\/05\/DSC_0218.jpg\" alt=\"ko\u015bci\u00f3\u0142 garnizonowy\" width=\"2048\" height=\"1365\" srcset=\"https:\/\/kaliszczasemmalowany.pl\/wp-content\/uploads\/2024\/05\/DSC_0218.jpg 2048w, https:\/\/kaliszczasemmalowany.pl\/wp-content\/uploads\/2024\/05\/DSC_0218-768x512.jpg 768w, https:\/\/kaliszczasemmalowany.pl\/wp-content\/uploads\/2024\/05\/DSC_0218-1536x1024.jpg 1536w, https:\/\/kaliszczasemmalowany.pl\/wp-content\/uploads\/2024\/05\/DSC_0218-1140x760.jpg 1140w\" sizes=\"(max-width: 2048px) 100vw, 2048px\" \/><\/p>\n<p>W latach 1715-18 powsta\u0142 w prezbiterium nowy o\u0142tarz z figurami patron\u00f3w ko\u015bcio\u0142a \u015bw. Wojciechem i \u015bw. Stanis\u0142awem oraz figurami \u015bw. Ignacego Loyoli i \u015bw. Franciszka Ksawerego. W o\u0142tarzu umieszczono obraz przedstawiaj\u0105cy \u015bw. Micha\u0142a. O\u0142tarz ten, cho\u0107 bez figur \u015bw. Ignacego Loyoli i \u015bw. Franciszka, a z obrazem Augusta Bartelmanna \u201eWniebowst\u0105pienie\u201d z 1887 r. przetrwa\u0142 do dzi\u015b.<\/p>\n<p><img decoding=\"async\" class=\"alignnone wp-image-45488 size-full\" src=\"https:\/\/kaliszczasemmalowany.pl\/wp-content\/uploads\/2024\/05\/DSC_6634.jpg\" alt=\"ko\u015bci\u00f3\u0142 garnizonowy\" width=\"2048\" height=\"1340\" srcset=\"https:\/\/kaliszczasemmalowany.pl\/wp-content\/uploads\/2024\/05\/DSC_6634.jpg 2048w, https:\/\/kaliszczasemmalowany.pl\/wp-content\/uploads\/2024\/05\/DSC_6634-768x503.jpg 768w, https:\/\/kaliszczasemmalowany.pl\/wp-content\/uploads\/2024\/05\/DSC_6634-1536x1005.jpg 1536w, https:\/\/kaliszczasemmalowany.pl\/wp-content\/uploads\/2024\/05\/DSC_6634-1140x746.jpg 1140w\" sizes=\"(max-width: 2048px) 100vw, 2048px\" \/><\/p>\n<p>Wewn\u0105trz ko\u015bci\u00f3\u0142 garnizonowy posiada jasn\u0105 i obszern\u0105 naw\u0119 oraz prezbiterium o\u015bwietlone dzi\u0119ki oknom i lunetom. Kompozycja architektoniczna i \u015bwiat\u0142o mia\u0142y na celu skierowanie uwagi wiernych ku o\u0142tarzowi g\u0142\u00f3wnemu. W nawach bocznych, gdzie umieszczono wn\u0119ki z o\u0142tarzami panowa\u0142 p\u00f3\u0142mrok co sprzyja\u0142o modlitwie. Takie o\u015bwietlenie by\u0142o charakterystyczne dla baroku. W ko\u015bcio\u0142ach jezuickich wa\u017cne miejsce zajmowa\u0142a muzyka liturgiczna, pozaliturgiczna i pie\u015bniowa. Dzi\u0119ki \u015bwietnej akustyce w ko\u015bciele pojezuickim cz\u0119sto organizowane s\u0105 koncerty symfoniczne, recitale organowe oraz wyst\u0119py ch\u00f3r\u00f3w.<\/p>\n<p><img loading=\"lazy\" decoding=\"async\" class=\"alignnone wp-image-45477 size-full\" src=\"https:\/\/kaliszczasemmalowany.pl\/wp-content\/uploads\/2024\/05\/DSC_0143.jpg\" alt=\"ko\u015bci\u00f3\u0142 garnizonowy\" width=\"1446\" height=\"2048\" srcset=\"https:\/\/kaliszczasemmalowany.pl\/wp-content\/uploads\/2024\/05\/DSC_0143.jpg 1446w, https:\/\/kaliszczasemmalowany.pl\/wp-content\/uploads\/2024\/05\/DSC_0143-542x768.jpg 542w, https:\/\/kaliszczasemmalowany.pl\/wp-content\/uploads\/2024\/05\/DSC_0143-768x1088.jpg 768w, https:\/\/kaliszczasemmalowany.pl\/wp-content\/uploads\/2024\/05\/DSC_0143-1085x1536.jpg 1085w, https:\/\/kaliszczasemmalowany.pl\/wp-content\/uploads\/2024\/05\/DSC_0143-1140x1615.jpg 1140w\" sizes=\"(max-width: 1446px) 100vw, 1446px\" \/><\/p>\n<p>Do\u00a0najstarszego wyposa\u017cenia zaliczana jest te\u017c zdobiona ambona fundacji prymasa Stanis\u0142awa Karnkowskiego z\u00a0roku 1599.<\/p>\n<p><img loading=\"lazy\" decoding=\"async\" class=\"alignnone wp-image-45487 size-full\" src=\"https:\/\/kaliszczasemmalowany.pl\/wp-content\/uploads\/2024\/05\/DSC_3406.jpg\" alt=\"ko\u015bci\u00f3\u0142 garnizonowy\" width=\"2048\" height=\"1494\" srcset=\"https:\/\/kaliszczasemmalowany.pl\/wp-content\/uploads\/2024\/05\/DSC_3406.jpg 2048w, https:\/\/kaliszczasemmalowany.pl\/wp-content\/uploads\/2024\/05\/DSC_3406-768x560.jpg 768w, https:\/\/kaliszczasemmalowany.pl\/wp-content\/uploads\/2024\/05\/DSC_3406-1536x1121.jpg 1536w, https:\/\/kaliszczasemmalowany.pl\/wp-content\/uploads\/2024\/05\/DSC_3406-1140x832.jpg 1140w\" sizes=\"(max-width: 2048px) 100vw, 2048px\" \/><\/p>\n<p>W wie\u017cy ko\u015bcio\u0142a przy prezbiterium, na przed\u0142u\u017ceniu lewej nawy bocznej, znajduje si\u0119 niska wie\u017ca. W roku 1613, posta\u0142o tam obserwatorium astronomiczne, w kt\u00f3rym prowadzono przy pomocy lunety pierwsze w Polsce obserwacje.<\/p>\n<p><img loading=\"lazy\" decoding=\"async\" class=\"alignnone wp-image-45486\" src=\"https:\/\/kaliszczasemmalowany.pl\/wp-content\/uploads\/2024\/05\/Malapert-Tablica_2021.jpg\" alt=\"ko\u015bci\u00f3\u0142 garnizonowy Karol Malapert\" width=\"1397\" height=\"827\" srcset=\"https:\/\/kaliszczasemmalowany.pl\/wp-content\/uploads\/2024\/05\/Malapert-Tablica_2021.jpg 882w, https:\/\/kaliszczasemmalowany.pl\/wp-content\/uploads\/2024\/05\/Malapert-Tablica_2021-768x455.jpg 768w\" sizes=\"(max-width: 1397px) 100vw, 1397px\" \/><\/p>\n<p>Karol Malapert, flamandzki Jezuita, w 1613 roku przywi\u00f3z\u0142 do Kalisza lunety. Kalisz sta\u0142 si\u0119 tym samym miejscem bada\u0144 astronomicznych, pierwszym na ziemiach polskich obserwatorium astronomicznym.<\/p>\n<p>Astronom, wraz ze swoimi wsp\u00f3\u0142pracownikami, zas\u0142u\u017cy\u0142 si\u0119 dla rozwoju astronomii pierwszymi udokumentowanymi obserwacjami powierzchni S\u0142o\u0144ca oraz znanym na ca\u0142ym \u015bwiecie nowatorskim systemem monta\u017cu lunet.<\/p>\n<p><img loading=\"lazy\" decoding=\"async\" class=\"alignnone wp-image-45482 size-full\" src=\"https:\/\/kaliszczasemmalowany.pl\/wp-content\/uploads\/2024\/05\/DSC_0223.jpg\" alt=\"ko\u015bci\u00f3\u0142 garnizonowy\" width=\"1443\" height=\"2048\" srcset=\"https:\/\/kaliszczasemmalowany.pl\/wp-content\/uploads\/2024\/05\/DSC_0223.jpg 1443w, https:\/\/kaliszczasemmalowany.pl\/wp-content\/uploads\/2024\/05\/DSC_0223-541x768.jpg 541w, https:\/\/kaliszczasemmalowany.pl\/wp-content\/uploads\/2024\/05\/DSC_0223-768x1090.jpg 768w, https:\/\/kaliszczasemmalowany.pl\/wp-content\/uploads\/2024\/05\/DSC_0223-1082x1536.jpg 1082w, https:\/\/kaliszczasemmalowany.pl\/wp-content\/uploads\/2024\/05\/DSC_0223-1140x1618.jpg 1140w\" sizes=\"(max-width: 1443px) 100vw, 1443px\" \/><\/p>\n<p>Najcenniejszym zabytkiem w ko\u015bciele pw. \u015bw. Wojciecha i \u015bw. Stanis\u0142awa jest ufundowany w 1611 roku przez kapitu\u0142\u0119 gnie\u017anie\u0144sk\u0105 nagrobek \u015bcienny Stanis\u0142awa Karnkowskiego.<\/p>\n<p><img loading=\"lazy\" decoding=\"async\" class=\"alignnone wp-image-45479 size-full\" src=\"https:\/\/kaliszczasemmalowany.pl\/wp-content\/uploads\/2024\/05\/DSC_0146.jpg\" alt=\"ko\u015bci\u00f3\u0142 garnizonowy\" width=\"1540\" height=\"2048\" srcset=\"https:\/\/kaliszczasemmalowany.pl\/wp-content\/uploads\/2024\/05\/DSC_0146.jpg 1540w, https:\/\/kaliszczasemmalowany.pl\/wp-content\/uploads\/2024\/05\/DSC_0146-578x768.jpg 578w, https:\/\/kaliszczasemmalowany.pl\/wp-content\/uploads\/2024\/05\/DSC_0146-768x1021.jpg 768w, https:\/\/kaliszczasemmalowany.pl\/wp-content\/uploads\/2024\/05\/DSC_0146-1155x1536.jpg 1155w, https:\/\/kaliszczasemmalowany.pl\/wp-content\/uploads\/2024\/05\/DSC_0146-1140x1516.jpg 1140w\" sizes=\"(max-width: 1540px) 100vw, 1540px\" \/><\/p>\n<p>W 1797 roku prymas Polski Ignacy Krasicki przekaza\u0142 jezuicki ko\u015bci\u00f3\u0142, kaliskiej gminie ewangelickiej. Protestanci usun\u0119li z ko\u015bcio\u0142a bogate wyposa\u017cenie, rozebrano kaplic\u0119 ufundowan\u0105 przez Miko\u0142aja Szyszkowskiego i rozdano po kaliskich ko\u015bcio\u0142ach o\u0142tarze boczne i konfesjona\u0142y. \u015awi\u0105tynia zyska\u0142a skromny wygl\u0105d charakterystyczny dla zbor\u00f3w ewangelickich.<\/p>\n<p>W 1945 roku na pro\u015bb\u0119 katolik\u00f3w bez \u017cadnej podstawy prawnej ko\u015bci\u00f3\u0142 zosta\u0142 im przekazany i przekszta\u0142cony na <a href=\"https:\/\/pl.wikipedia.org\/wiki\/Garnizon\">garnizonowy<\/a>. Ewangelicy starali si\u0119 o jego zwrot do lat 90. XX wieku<\/p>\n<p><img loading=\"lazy\" decoding=\"async\" class=\"alignnone wp-image-45478 size-full\" src=\"https:\/\/kaliszczasemmalowany.pl\/wp-content\/uploads\/2024\/05\/DSC_0145.jpg\" alt=\"ko\u015bci\u00f3\u0142 garnizonowy\" width=\"1299\" height=\"2048\" srcset=\"https:\/\/kaliszczasemmalowany.pl\/wp-content\/uploads\/2024\/05\/DSC_0145.jpg 1299w, https:\/\/kaliszczasemmalowany.pl\/wp-content\/uploads\/2024\/05\/DSC_0145-487x768.jpg 487w, https:\/\/kaliszczasemmalowany.pl\/wp-content\/uploads\/2024\/05\/DSC_0145-768x1211.jpg 768w, https:\/\/kaliszczasemmalowany.pl\/wp-content\/uploads\/2024\/05\/DSC_0145-974x1536.jpg 974w, https:\/\/kaliszczasemmalowany.pl\/wp-content\/uploads\/2024\/05\/DSC_0145-1140x1797.jpg 1140w\" sizes=\"(max-width: 1299px) 100vw, 1299px\" \/><\/p>\n<p><img loading=\"lazy\" decoding=\"async\" class=\"alignnone wp-image-45476 \" src=\"https:\/\/kaliszczasemmalowany.pl\/wp-content\/uploads\/2024\/05\/DSC_0142.jpg\" alt=\"ko\u015bci\u00f3\u0142 garnizonowy\" width=\"1299\" height=\"2095\" srcset=\"https:\/\/kaliszczasemmalowany.pl\/wp-content\/uploads\/2024\/05\/DSC_0142.jpg 1270w, https:\/\/kaliszczasemmalowany.pl\/wp-content\/uploads\/2024\/05\/DSC_0142-476x768.jpg 476w, https:\/\/kaliszczasemmalowany.pl\/wp-content\/uploads\/2024\/05\/DSC_0142-768x1238.jpg 768w, https:\/\/kaliszczasemmalowany.pl\/wp-content\/uploads\/2024\/05\/DSC_0142-953x1536.jpg 953w, https:\/\/kaliszczasemmalowany.pl\/wp-content\/uploads\/2024\/05\/DSC_0142-1140x1838.jpg 1140w\" sizes=\"(max-width: 1299px) 100vw, 1299px\" \/><\/p>\n<p>Jest w\u00a0ko\u015bciele p\u0142yta nagrobna Jana i\u00a0Katarzyny Ci\u015bwickich z\u00a0\u017bernik, pochodz\u0105ca z\u00a0roku 1575. P\u0142yta znajdowa\u0142a si\u0119 do\u00a0roku 1942 w\u00a0kapliczce we\u00a0wsi \u017berniki nad\u00a0Prosn\u0105. Hitlerowcy rozebrali t\u0119\u00a0kapliczk\u0119, a\u00a0jeden z\u00a0mieszka\u0144c\u00f3w ukry\u0142 p\u0142yt\u0119. Oko\u0142o roku 1953 p\u0142yt\u0119 wmurowano w\u00a0filar mi\u0119dzy nawami. Jest to\u00a0obecnie najstarszy zabytek w\u00a0ko\u015bciele.<\/p>\n<p>\u017ar\u00f3d\u0142o:\u00a0<a href=\"https:\/\/www.krajoznawcy.info.pl\/kosciol-pojezuicki-czyli-garnizonowy-86883\/3\" target=\"_blank\" rel=\"nofollow noopener\">https:\/\/www.krajoznawcy.info.pl\/kosciol-pojezuicki-czyli-garnizonowy-86883\/3<\/a> <a href=\"http:\/\/wkaliszu.pl\/8024916\/Kosciol_pw_sw_Wojciecha_i_sw_Stanislawa_Biskupa.html\">\u00a0Andrzej Drewicz, <em>Przewodniki. Ko\u015bci\u00f3\u0142 pw. \u015bw. Wojciecha i \u015bw. Stanis\u0142awa Biskupa<\/em>, www.wkaliszu.pl<\/a><br \/>\n<a href=\"http:\/\/www.astroarena.pl\/2013\/12\/08\/wieza-astronomiczna-karola-malaperta-2\/\" target=\"_blank\" rel=\"nofollow noopener\">http:\/\/www.astroarena.pl\/2013\/12\/08\/wieza-astronomiczna-karola-malaperta-2\/<\/a><\/p>\n<p>&nbsp;<\/p>\n","protected":false},"excerpt":{"rendered":"<p>ko\u015bci\u00f3\u0142 garnizonowy. W roku 1583 prymas, Stanis\u0142aw Karnkowski sprowadzi\u0142 do Kalisza\u00a0 jezuit\u00f3w. Budowa budynk\u00f3w jezuickich rozpocz\u0119\u0142a si\u0119 w\u00a0roku 1586.<\/p>\n","protected":false},"author":2,"featured_media":45489,"comment_status":"open","ping_status":"closed","sticky":false,"template":"","format":"standard","meta":{"_monsterinsights_skip_tracking":false,"_monsterinsights_sitenote_active":false,"_monsterinsights_sitenote_note":"","_monsterinsights_sitenote_category":0,"footnotes":""},"categories":[364,2],"tags":[13,95,534,35,535],"class_list":["post-45490","post","type-post","status-publish","format-standard","has-post-thumbnail","hentry","category-koscioly-2","category-o-kaliszu","tag-kalisz","tag-kolegialna","tag-kosciol-garnizonowy","tag-koscioly","tag-stanislaw-karnkowski"],"aioseo_notices":[],"aioseo_head":"\n\t\t<!-- All in One SEO Pro 4.9.0 - aioseo.com -->\n\t<meta name=\"description\" content=\"ko\u015bci\u00f3\u0142 garnizonowy. W roku 1583 prymas, Stanis\u0142aw Karnkowski sprowadzi\u0142 do Kalisza jezuit\u00f3w. Budowa budynk\u00f3w jezuickich rozpocz\u0119\u0142a si\u0119 w roku 1586.\" \/>\n\t<meta name=\"robots\" content=\"max-image-preview:large\" \/>\n\t<meta name=\"author\" content=\"PiK\"\/>\n\t<meta name=\"keywords\" content=\"kalisz,kolegialna,kosci\u00f3\u0142 garnizonowy,ko\u015bcio\u0142y,stanis\u0142aw karnkowski,o kaliszu\" \/>\n\t<link rel=\"canonical\" href=\"https:\/\/kaliszczasemmalowany.pl\/index.php\/2024\/kosciol-garnizonowy\/\" \/>\n\t<meta name=\"generator\" content=\"All in One SEO Pro (AIOSEO) 4.9.0\" \/>\n\t\t<meta property=\"og:locale\" content=\"pl_PL\" \/>\n\t\t<meta property=\"og:site_name\" content=\"Kalisz Czasem Malowany - Fotoblog subiektywny\" \/>\n\t\t<meta property=\"og:type\" content=\"activity\" \/>\n\t\t<meta property=\"og:title\" content=\"ko\u015bci\u00f3\u0142 garnizonowy - Kalisz Czasem Malowany\" \/>\n\t\t<meta property=\"og:description\" content=\"ko\u015bci\u00f3\u0142 garnizonowy. W roku 1583 prymas, Stanis\u0142aw Karnkowski sprowadzi\u0142 do Kalisza jezuit\u00f3w. Budowa budynk\u00f3w jezuickich rozpocz\u0119\u0142a si\u0119 w roku 1586.\" \/>\n\t\t<meta property=\"og:url\" content=\"https:\/\/kaliszczasemmalowany.pl\/index.php\/2024\/kosciol-garnizonowy\/\" \/>\n\t\t<meta property=\"fb:app_id\" content=\"1247192616682170\" \/>\n\t\t<meta property=\"fb:admins\" content=\"100003136013596,100070523616841,100004477359982\" \/>\n\t\t<meta property=\"og:image\" content=\"https:\/\/kaliszczasemmalowany.pl\/wp-content\/uploads\/2024\/05\/DSC_8583.jpg\" \/>\n\t\t<meta property=\"og:image:secure_url\" content=\"https:\/\/kaliszczasemmalowany.pl\/wp-content\/uploads\/2024\/05\/DSC_8583.jpg\" \/>\n\t\t<meta property=\"og:image:width\" content=\"2048\" \/>\n\t\t<meta property=\"og:image:height\" content=\"1475\" \/>\n\t\t<meta name=\"twitter:card\" content=\"summary_large_image\" \/>\n\t\t<meta name=\"twitter:site\" content=\"@pik1982dil\" \/>\n\t\t<meta name=\"twitter:title\" content=\"ko\u015bci\u00f3\u0142 garnizonowy - Kalisz Czasem Malowany\" \/>\n\t\t<meta name=\"twitter:description\" content=\"ko\u015bci\u00f3\u0142 garnizonowy. W roku 1583 prymas, Stanis\u0142aw Karnkowski sprowadzi\u0142 do Kalisza jezuit\u00f3w. Budowa budynk\u00f3w jezuickich rozpocz\u0119\u0142a si\u0119 w roku 1586.\" \/>\n\t\t<meta name=\"twitter:creator\" content=\"@pik1982dil\" \/>\n\t\t<meta name=\"twitter:image\" content=\"https:\/\/kaliszczasemmalowany.pl\/wp-content\/uploads\/2024\/05\/DSC_8583.jpg\" \/>\n\t\t<meta name=\"twitter:label1\" content=\"Autor\" \/>\n\t\t<meta name=\"twitter:data1\" content=\"PiK\" \/>\n\t\t<meta name=\"twitter:label2\" content=\"Szac. czas czytania\" \/>\n\t\t<meta name=\"twitter:data2\" content=\"3 minuty\" \/>\n\t\t<script type=\"application\/ld+json\" class=\"aioseo-schema\">\n\t\t\t{\"@context\":\"https:\\\/\\\/schema.org\",\"@graph\":[{\"@type\":\"BlogPosting\",\"@id\":\"https:\\\/\\\/kaliszczasemmalowany.pl\\\/index.php\\\/2024\\\/kosciol-garnizonowy\\\/#blogposting\",\"name\":\"ko\\u015bci\\u00f3\\u0142 garnizonowy - Kalisz Czasem Malowany\",\"headline\":\"ko\\u015bci\\u00f3\\u0142 garnizonowy\",\"author\":{\"@id\":\"https:\\\/\\\/kaliszczasemmalowany.pl\\\/index.php\\\/author\\\/krysia\\\/#author\"},\"publisher\":{\"@id\":\"https:\\\/\\\/kaliszczasemmalowany.pl\\\/#person\"},\"image\":{\"@type\":\"ImageObject\",\"url\":\"https:\\\/\\\/kaliszczasemmalowany.pl\\\/wp-content\\\/uploads\\\/2024\\\/05\\\/DSC_8583.jpg\",\"width\":2048,\"height\":1475,\"caption\":\"ko\\u015bci\\u00f3\\u0142 garnizonowy\"},\"datePublished\":\"2024-05-29T20:32:41+02:00\",\"dateModified\":\"2025-01-11T21:41:22+02:00\",\"inLanguage\":\"pl-PL\",\"mainEntityOfPage\":{\"@id\":\"https:\\\/\\\/kaliszczasemmalowany.pl\\\/index.php\\\/2024\\\/kosciol-garnizonowy\\\/#webpage\"},\"isPartOf\":{\"@id\":\"https:\\\/\\\/kaliszczasemmalowany.pl\\\/index.php\\\/2024\\\/kosciol-garnizonowy\\\/#webpage\"},\"articleSection\":\"ko\\u015bcio\\u0142y, O Kaliszu, Kalisz, Kolegialna, kosci\\u00f3\\u0142 garnizonowy, ko\\u015bcio\\u0142y, Stanis\\u0142aw Karnkowski\"},{\"@type\":\"BreadcrumbList\",\"@id\":\"https:\\\/\\\/kaliszczasemmalowany.pl\\\/index.php\\\/2024\\\/kosciol-garnizonowy\\\/#breadcrumblist\",\"itemListElement\":[{\"@type\":\"ListItem\",\"@id\":\"https:\\\/\\\/kaliszczasemmalowany.pl#listItem\",\"position\":1,\"name\":\"Strona g\\u0142\\u00f3wna\",\"item\":\"https:\\\/\\\/kaliszczasemmalowany.pl\",\"nextItem\":{\"@type\":\"ListItem\",\"@id\":\"https:\\\/\\\/kaliszczasemmalowany.pl\\\/index.php\\\/category\\\/o-kaliszu\\\/#listItem\",\"name\":\"O Kaliszu\"}},{\"@type\":\"ListItem\",\"@id\":\"https:\\\/\\\/kaliszczasemmalowany.pl\\\/index.php\\\/category\\\/o-kaliszu\\\/#listItem\",\"position\":2,\"name\":\"O Kaliszu\",\"item\":\"https:\\\/\\\/kaliszczasemmalowany.pl\\\/index.php\\\/category\\\/o-kaliszu\\\/\",\"nextItem\":{\"@type\":\"ListItem\",\"@id\":\"https:\\\/\\\/kaliszczasemmalowany.pl\\\/index.php\\\/2024\\\/kosciol-garnizonowy\\\/#listItem\",\"name\":\"ko\\u015bci\\u00f3\\u0142 garnizonowy\"},\"previousItem\":{\"@type\":\"ListItem\",\"@id\":\"https:\\\/\\\/kaliszczasemmalowany.pl#listItem\",\"name\":\"Strona g\\u0142\\u00f3wna\"}},{\"@type\":\"ListItem\",\"@id\":\"https:\\\/\\\/kaliszczasemmalowany.pl\\\/index.php\\\/2024\\\/kosciol-garnizonowy\\\/#listItem\",\"position\":3,\"name\":\"ko\\u015bci\\u00f3\\u0142 garnizonowy\",\"previousItem\":{\"@type\":\"ListItem\",\"@id\":\"https:\\\/\\\/kaliszczasemmalowany.pl\\\/index.php\\\/category\\\/o-kaliszu\\\/#listItem\",\"name\":\"O Kaliszu\"}}]},{\"@type\":\"Person\",\"@id\":\"https:\\\/\\\/kaliszczasemmalowany.pl\\\/#person\",\"name\":\"Pawe\\u0142 Liszewski\",\"image\":{\"@type\":\"ImageObject\",\"@id\":\"https:\\\/\\\/kaliszczasemmalowany.pl\\\/index.php\\\/2024\\\/kosciol-garnizonowy\\\/#personImage\",\"url\":\"https:\\\/\\\/secure.gravatar.com\\\/avatar\\\/5a5afc29e8abe93f415ca15abf21395d6303ab000250220121432e5aab91966e?s=96&d=mm&r=g\",\"width\":96,\"height\":96,\"caption\":\"Pawe\\u0142 Liszewski\"}},{\"@type\":\"Person\",\"@id\":\"https:\\\/\\\/kaliszczasemmalowany.pl\\\/index.php\\\/author\\\/krysia\\\/#author\",\"url\":\"https:\\\/\\\/kaliszczasemmalowany.pl\\\/index.php\\\/author\\\/krysia\\\/\",\"name\":\"PiK\",\"image\":{\"@type\":\"ImageObject\",\"url\":\"https:\\\/\\\/secure.gravatar.com\\\/avatar\\\/a01eefe17b2143fe4c87c80742bc7ae8a193169eeebde9de8373aab5f31e2654?s=96&d=mm&r=g\"}},{\"@type\":\"WebPage\",\"@id\":\"https:\\\/\\\/kaliszczasemmalowany.pl\\\/index.php\\\/2024\\\/kosciol-garnizonowy\\\/#webpage\",\"url\":\"https:\\\/\\\/kaliszczasemmalowany.pl\\\/index.php\\\/2024\\\/kosciol-garnizonowy\\\/\",\"name\":\"ko\\u015bci\\u00f3\\u0142 garnizonowy - Kalisz Czasem Malowany\",\"description\":\"ko\\u015bci\\u00f3\\u0142 garnizonowy. W roku 1583 prymas, Stanis\\u0142aw Karnkowski sprowadzi\\u0142 do Kalisza jezuit\\u00f3w. Budowa budynk\\u00f3w jezuickich rozpocz\\u0119\\u0142a si\\u0119 w roku 1586.\",\"inLanguage\":\"pl-PL\",\"isPartOf\":{\"@id\":\"https:\\\/\\\/kaliszczasemmalowany.pl\\\/#website\"},\"breadcrumb\":{\"@id\":\"https:\\\/\\\/kaliszczasemmalowany.pl\\\/index.php\\\/2024\\\/kosciol-garnizonowy\\\/#breadcrumblist\"},\"author\":{\"@id\":\"https:\\\/\\\/kaliszczasemmalowany.pl\\\/index.php\\\/author\\\/krysia\\\/#author\"},\"creator\":{\"@id\":\"https:\\\/\\\/kaliszczasemmalowany.pl\\\/index.php\\\/author\\\/krysia\\\/#author\"},\"image\":{\"@type\":\"ImageObject\",\"url\":\"https:\\\/\\\/kaliszczasemmalowany.pl\\\/wp-content\\\/uploads\\\/2024\\\/05\\\/DSC_8583.jpg\",\"@id\":\"https:\\\/\\\/kaliszczasemmalowany.pl\\\/index.php\\\/2024\\\/kosciol-garnizonowy\\\/#mainImage\",\"width\":2048,\"height\":1475,\"caption\":\"ko\\u015bci\\u00f3\\u0142 garnizonowy\"},\"primaryImageOfPage\":{\"@id\":\"https:\\\/\\\/kaliszczasemmalowany.pl\\\/index.php\\\/2024\\\/kosciol-garnizonowy\\\/#mainImage\"},\"datePublished\":\"2024-05-29T20:32:41+02:00\",\"dateModified\":\"2025-01-11T21:41:22+02:00\"},{\"@type\":\"WebSite\",\"@id\":\"https:\\\/\\\/kaliszczasemmalowany.pl\\\/#website\",\"url\":\"https:\\\/\\\/kaliszczasemmalowany.pl\\\/\",\"name\":\"Kalisz Czasem Malowany\",\"description\":\"Fotoblog subiektywny\",\"inLanguage\":\"pl-PL\",\"publisher\":{\"@id\":\"https:\\\/\\\/kaliszczasemmalowany.pl\\\/#person\"}}]}\n\t\t<\/script>\n\t\t<!-- All in One SEO Pro -->\r\n\t\t<title>ko\u015bci\u00f3\u0142 garnizonowy - Kalisz Czasem Malowany<\/title>\n\n","aioseo_head_json":{"title":"ko\u015bci\u00f3\u0142 garnizonowy - Kalisz Czasem Malowany","description":"ko\u015bci\u00f3\u0142 garnizonowy. W roku 1583 prymas, Stanis\u0142aw Karnkowski sprowadzi\u0142 do Kalisza jezuit\u00f3w. Budowa budynk\u00f3w jezuickich rozpocz\u0119\u0142a si\u0119 w roku 1586.","canonical_url":"https:\/\/kaliszczasemmalowany.pl\/index.php\/2024\/kosciol-garnizonowy\/","robots":"max-image-preview:large","keywords":"kalisz,kolegialna,kosci\u00f3\u0142 garnizonowy,ko\u015bcio\u0142y,stanis\u0142aw karnkowski,o kaliszu","webmasterTools":{"miscellaneous":""},"schema":{"@context":"https:\/\/schema.org","@graph":[{"@type":"BlogPosting","@id":"https:\/\/kaliszczasemmalowany.pl\/index.php\/2024\/kosciol-garnizonowy\/#blogposting","name":"ko\u015bci\u00f3\u0142 garnizonowy - Kalisz Czasem Malowany","headline":"ko\u015bci\u00f3\u0142 garnizonowy","author":{"@id":"https:\/\/kaliszczasemmalowany.pl\/index.php\/author\/krysia\/#author"},"publisher":{"@id":"https:\/\/kaliszczasemmalowany.pl\/#person"},"image":{"@type":"ImageObject","url":"https:\/\/kaliszczasemmalowany.pl\/wp-content\/uploads\/2024\/05\/DSC_8583.jpg","width":2048,"height":1475,"caption":"ko\u015bci\u00f3\u0142 garnizonowy"},"datePublished":"2024-05-29T20:32:41+02:00","dateModified":"2025-01-11T21:41:22+02:00","inLanguage":"pl-PL","mainEntityOfPage":{"@id":"https:\/\/kaliszczasemmalowany.pl\/index.php\/2024\/kosciol-garnizonowy\/#webpage"},"isPartOf":{"@id":"https:\/\/kaliszczasemmalowany.pl\/index.php\/2024\/kosciol-garnizonowy\/#webpage"},"articleSection":"ko\u015bcio\u0142y, O Kaliszu, Kalisz, Kolegialna, kosci\u00f3\u0142 garnizonowy, ko\u015bcio\u0142y, Stanis\u0142aw Karnkowski"},{"@type":"BreadcrumbList","@id":"https:\/\/kaliszczasemmalowany.pl\/index.php\/2024\/kosciol-garnizonowy\/#breadcrumblist","itemListElement":[{"@type":"ListItem","@id":"https:\/\/kaliszczasemmalowany.pl#listItem","position":1,"name":"Strona g\u0142\u00f3wna","item":"https:\/\/kaliszczasemmalowany.pl","nextItem":{"@type":"ListItem","@id":"https:\/\/kaliszczasemmalowany.pl\/index.php\/category\/o-kaliszu\/#listItem","name":"O Kaliszu"}},{"@type":"ListItem","@id":"https:\/\/kaliszczasemmalowany.pl\/index.php\/category\/o-kaliszu\/#listItem","position":2,"name":"O Kaliszu","item":"https:\/\/kaliszczasemmalowany.pl\/index.php\/category\/o-kaliszu\/","nextItem":{"@type":"ListItem","@id":"https:\/\/kaliszczasemmalowany.pl\/index.php\/2024\/kosciol-garnizonowy\/#listItem","name":"ko\u015bci\u00f3\u0142 garnizonowy"},"previousItem":{"@type":"ListItem","@id":"https:\/\/kaliszczasemmalowany.pl#listItem","name":"Strona g\u0142\u00f3wna"}},{"@type":"ListItem","@id":"https:\/\/kaliszczasemmalowany.pl\/index.php\/2024\/kosciol-garnizonowy\/#listItem","position":3,"name":"ko\u015bci\u00f3\u0142 garnizonowy","previousItem":{"@type":"ListItem","@id":"https:\/\/kaliszczasemmalowany.pl\/index.php\/category\/o-kaliszu\/#listItem","name":"O Kaliszu"}}]},{"@type":"Person","@id":"https:\/\/kaliszczasemmalowany.pl\/#person","name":"Pawe\u0142 Liszewski","image":{"@type":"ImageObject","@id":"https:\/\/kaliszczasemmalowany.pl\/index.php\/2024\/kosciol-garnizonowy\/#personImage","url":"https:\/\/secure.gravatar.com\/avatar\/5a5afc29e8abe93f415ca15abf21395d6303ab000250220121432e5aab91966e?s=96&d=mm&r=g","width":96,"height":96,"caption":"Pawe\u0142 Liszewski"}},{"@type":"Person","@id":"https:\/\/kaliszczasemmalowany.pl\/index.php\/author\/krysia\/#author","url":"https:\/\/kaliszczasemmalowany.pl\/index.php\/author\/krysia\/","name":"PiK","image":{"@type":"ImageObject","url":"https:\/\/secure.gravatar.com\/avatar\/a01eefe17b2143fe4c87c80742bc7ae8a193169eeebde9de8373aab5f31e2654?s=96&d=mm&r=g"}},{"@type":"WebPage","@id":"https:\/\/kaliszczasemmalowany.pl\/index.php\/2024\/kosciol-garnizonowy\/#webpage","url":"https:\/\/kaliszczasemmalowany.pl\/index.php\/2024\/kosciol-garnizonowy\/","name":"ko\u015bci\u00f3\u0142 garnizonowy - Kalisz Czasem Malowany","description":"ko\u015bci\u00f3\u0142 garnizonowy. W roku 1583 prymas, Stanis\u0142aw Karnkowski sprowadzi\u0142 do Kalisza jezuit\u00f3w. Budowa budynk\u00f3w jezuickich rozpocz\u0119\u0142a si\u0119 w roku 1586.","inLanguage":"pl-PL","isPartOf":{"@id":"https:\/\/kaliszczasemmalowany.pl\/#website"},"breadcrumb":{"@id":"https:\/\/kaliszczasemmalowany.pl\/index.php\/2024\/kosciol-garnizonowy\/#breadcrumblist"},"author":{"@id":"https:\/\/kaliszczasemmalowany.pl\/index.php\/author\/krysia\/#author"},"creator":{"@id":"https:\/\/kaliszczasemmalowany.pl\/index.php\/author\/krysia\/#author"},"image":{"@type":"ImageObject","url":"https:\/\/kaliszczasemmalowany.pl\/wp-content\/uploads\/2024\/05\/DSC_8583.jpg","@id":"https:\/\/kaliszczasemmalowany.pl\/index.php\/2024\/kosciol-garnizonowy\/#mainImage","width":2048,"height":1475,"caption":"ko\u015bci\u00f3\u0142 garnizonowy"},"primaryImageOfPage":{"@id":"https:\/\/kaliszczasemmalowany.pl\/index.php\/2024\/kosciol-garnizonowy\/#mainImage"},"datePublished":"2024-05-29T20:32:41+02:00","dateModified":"2025-01-11T21:41:22+02:00"},{"@type":"WebSite","@id":"https:\/\/kaliszczasemmalowany.pl\/#website","url":"https:\/\/kaliszczasemmalowany.pl\/","name":"Kalisz Czasem Malowany","description":"Fotoblog subiektywny","inLanguage":"pl-PL","publisher":{"@id":"https:\/\/kaliszczasemmalowany.pl\/#person"}}]},"og:locale":"pl_PL","og:site_name":"Kalisz Czasem Malowany - Fotoblog subiektywny","og:type":"activity","og:title":"ko\u015bci\u00f3\u0142 garnizonowy - Kalisz Czasem Malowany","og:description":"ko\u015bci\u00f3\u0142 garnizonowy. W roku 1583 prymas, Stanis\u0142aw Karnkowski sprowadzi\u0142 do Kalisza jezuit\u00f3w. Budowa budynk\u00f3w jezuickich rozpocz\u0119\u0142a si\u0119 w roku 1586.","og:url":"https:\/\/kaliszczasemmalowany.pl\/index.php\/2024\/kosciol-garnizonowy\/","fb:app_id":"1247192616682170","fb:admins":"100003136013596,100070523616841,100004477359982","og:image":"https:\/\/kaliszczasemmalowany.pl\/wp-content\/uploads\/2024\/05\/DSC_8583.jpg","og:image:secure_url":"https:\/\/kaliszczasemmalowany.pl\/wp-content\/uploads\/2024\/05\/DSC_8583.jpg","og:image:width":2048,"og:image:height":1475,"twitter:card":"summary_large_image","twitter:site":"@pik1982dil","twitter:title":"ko\u015bci\u00f3\u0142 garnizonowy - Kalisz Czasem Malowany","twitter:description":"ko\u015bci\u00f3\u0142 garnizonowy. W roku 1583 prymas, Stanis\u0142aw Karnkowski sprowadzi\u0142 do Kalisza jezuit\u00f3w. Budowa budynk\u00f3w jezuickich rozpocz\u0119\u0142a si\u0119 w roku 1586.","twitter:creator":"@pik1982dil","twitter:image":"https:\/\/kaliszczasemmalowany.pl\/wp-content\/uploads\/2024\/05\/DSC_8583.jpg","twitter:label1":"Autor","twitter:data1":"PiK","twitter:label2":"Szac. czas czytania","twitter:data2":"3 minuty"},"aioseo_meta_data":{"post_id":"45490","title":null,"description":null,"keywords":null,"keyphrases":{"focus":{"keyphrase":"ko\u015bci\u00f3\u0142 garnizonowy","score":100,"analysis":{"keyphraseInTitle":{"score":9,"maxScore":9,"error":0},"keyphraseInDescription":{"score":9,"maxScore":9,"error":0},"keyphraseLength":{"score":9,"maxScore":9,"error":0,"length":3},"keyphraseInURL":{"score":5,"maxScore":5,"error":0},"keyphraseInIntroduction":{"score":9,"maxScore":9,"error":0},"keyphraseInSubHeadings":[],"keyphraseInImageAlt":{"score":9,"maxScore":9,"error":0},"keywordDensity":{"type":"best","score":9,"maxScore":9,"error":0}}},"additional":[]},"primary_term":null,"canonical_url":null,"og_title":null,"og_description":null,"og_object_type":"default","og_image_type":"default","og_image_url":null,"og_image_width":null,"og_image_height":null,"og_image_custom_url":null,"og_image_custom_fields":null,"og_video":"","og_custom_url":null,"og_article_section":null,"og_article_tags":null,"twitter_use_og":true,"twitter_card":"default","twitter_image_type":"default","twitter_image_url":null,"twitter_image_custom_url":null,"twitter_image_custom_fields":null,"twitter_title":null,"twitter_description":null,"schema":{"blockGraphs":[],"customGraphs":[],"default":{"data":{"Article":[],"Course":[],"Dataset":[],"FAQPage":[],"Movie":[],"Person":[],"Product":[],"ProductReview":[],"Car":[],"Recipe":[],"Service":[],"SoftwareApplication":[],"WebPage":[]},"graphName":"BlogPosting","isEnabled":true},"graphs":[]},"schema_type":"default","schema_type_options":null,"pillar_content":false,"robots_default":true,"robots_noindex":false,"robots_noarchive":false,"robots_nosnippet":false,"robots_nofollow":false,"robots_noimageindex":false,"robots_noodp":false,"robots_notranslate":false,"robots_max_snippet":"-1","robots_max_videopreview":"-1","robots_max_imagepreview":"large","priority":null,"frequency":"default","local_seo":null,"seo_analyzer_scan_date":"2025-11-28 14:31:43","breadcrumb_settings":null,"limit_modified_date":false,"reviewed_by":null,"open_ai":"{\"title\":{\"suggestions\":[],\"usage\":0},\"description\":{\"suggestions\":[],\"usage\":0}}","ai":null,"created":"2024-05-29 17:19:31","updated":"2025-11-28 14:31:43"},"aioseo_breadcrumb":"<div class=\"aioseo-breadcrumbs\"><span class=\"aioseo-breadcrumb\">\n\t<a href=\"https:\/\/kaliszczasemmalowany.pl\" title=\"Strona g\u0142\u00f3wna\">Strona g\u0142\u00f3wna<\/a>\n<\/span><span class=\"aioseo-breadcrumb-separator\">\u00bb<\/span><span class=\"aioseo-breadcrumb\">\n\t<a href=\"https:\/\/kaliszczasemmalowany.pl\/index.php\/category\/o-kaliszu\/\" title=\"O Kaliszu\">O Kaliszu<\/a>\n<\/span><span class=\"aioseo-breadcrumb-separator\">\u00bb<\/span><span class=\"aioseo-breadcrumb\">\n\tko\u015bci\u00f3\u0142 garnizonowy\n<\/span><\/div>","aioseo_breadcrumb_json":[{"label":"Strona g\u0142\u00f3wna","link":"https:\/\/kaliszczasemmalowany.pl"},{"label":"O Kaliszu","link":"https:\/\/kaliszczasemmalowany.pl\/index.php\/category\/o-kaliszu\/"},{"label":"ko\u015bci\u00f3\u0142 garnizonowy","link":"https:\/\/kaliszczasemmalowany.pl\/index.php\/2024\/kosciol-garnizonowy\/"}],"acf":[],"_links":{"self":[{"href":"https:\/\/kaliszczasemmalowany.pl\/index.php\/wp-json\/wp\/v2\/posts\/45490","targetHints":{"allow":["GET"]}}],"collection":[{"href":"https:\/\/kaliszczasemmalowany.pl\/index.php\/wp-json\/wp\/v2\/posts"}],"about":[{"href":"https:\/\/kaliszczasemmalowany.pl\/index.php\/wp-json\/wp\/v2\/types\/post"}],"author":[{"embeddable":true,"href":"https:\/\/kaliszczasemmalowany.pl\/index.php\/wp-json\/wp\/v2\/users\/2"}],"replies":[{"embeddable":true,"href":"https:\/\/kaliszczasemmalowany.pl\/index.php\/wp-json\/wp\/v2\/comments?post=45490"}],"version-history":[{"count":8,"href":"https:\/\/kaliszczasemmalowany.pl\/index.php\/wp-json\/wp\/v2\/posts\/45490\/revisions"}],"predecessor-version":[{"id":45498,"href":"https:\/\/kaliszczasemmalowany.pl\/index.php\/wp-json\/wp\/v2\/posts\/45490\/revisions\/45498"}],"wp:featuredmedia":[{"embeddable":true,"href":"https:\/\/kaliszczasemmalowany.pl\/index.php\/wp-json\/wp\/v2\/media\/45489"}],"wp:attachment":[{"href":"https:\/\/kaliszczasemmalowany.pl\/index.php\/wp-json\/wp\/v2\/media?parent=45490"}],"wp:term":[{"taxonomy":"category","embeddable":true,"href":"https:\/\/kaliszczasemmalowany.pl\/index.php\/wp-json\/wp\/v2\/categories?post=45490"},{"taxonomy":"post_tag","embeddable":true,"href":"https:\/\/kaliszczasemmalowany.pl\/index.php\/wp-json\/wp\/v2\/tags?post=45490"}],"curies":[{"name":"wp","href":"https:\/\/api.w.org\/{rel}","templated":true}]}}