{"id":45212,"date":"2025-04-26T10:21:01","date_gmt":"2025-04-26T08:21:01","guid":{"rendered":"https:\/\/kaliszczasemmalowany.pl\/?p=45212"},"modified":"2025-04-26T13:14:24","modified_gmt":"2025-04-26T11:14:24","slug":"park-rodziny-wilkomirskich-na-majkowie","status":"publish","type":"post","link":"https:\/\/kaliszczasemmalowany.pl\/index.php\/2025\/park-rodziny-wilkomirskich-na-majkowie\/","title":{"rendered":"Park Rodziny Wi\u0142komirskich na Majkowie"},"content":{"rendered":"<p>Park Rodziny Wi\u0142komirskich<\/p>\n<p>Powierzchnia parku wynosi 2,88 ha, wyst\u0119puje w nim ponad 30 gatunk\u00f3w drzew i krzew\u00f3w. Od 2005 roku park nosi imi\u0119 rodziny Wi\u0142komirskich.<\/p>\n<p>Przed wojn\u0105 w\u0142a\u015bcicielem tego miejsca by\u0142 Feliks Kar\u015bnicki<\/p>\n<p><a href=\"https:\/\/kalisz.naszemiasto.pl\/feliks-karsnicki-kaliski-ziemianin-i-bohater-wojenny\/ar\/c7-8685921?fbclid=IwY2xjawJ5noBleHRuA2FlbQIxMABicmlkETBnaVd1WWlpZmpaM0gzbnRpAR6lbDXEAyCCeoa-tslV6WLo34vxjg-nPyzQ1UXI4xEKZM8StoW0m-QAGiZKlg_aem_HRG1l0yr7F0mnSacGVmHZA\" target=\"_blank\" rel=\"nofollow noopener\">https:\/\/kalisz.naszemiasto.pl\/feliks-karsnicki-kaliski-ziemianin-i-bohater-wojenny\/ar\/c7-8685921?fbclid=IwY2xjawJ5noBleHRuA2FlbQIxMABicmlkETBnaVd1WWlpZmpaM0gzbnRpAR6lbDXEAyCCeoa-tslV6WLo34vxjg-nPyzQ1UXI4xEKZM8StoW0m-QAGiZKlg_aem_HRG1l0yr7F0mnSacGVmHZA<\/a><\/p>\n<p><a href=\"https:\/\/kaliszczasemmalowany.pl\/\" target=\"_blank\" rel=\"noopener\">Kaliszczasemmalowany.pl<\/a> kolekcjonuje <a href=\"https:\/\/kaliszczasemmalowany.pl\/index.php\/tag\/park\/\" target=\"_blank\" rel=\"noopener\">parki<\/a> i skwery w Zielonym_Kaliszu<\/p>\n<figure id=\"attachment_45215\" aria-describedby=\"caption-attachment-45215\" style=\"width: 2048px\" class=\"wp-caption alignleft\"><img fetchpriority=\"high\" decoding=\"async\" class=\"wp-image-45215 size-full\" src=\"https:\/\/kaliszczasemmalowany.pl\/wp-content\/uploads\/2024\/04\/DSC_5043.jpg\" alt=\"Park Rodziny Wi\u0142komirskich\" width=\"2048\" height=\"1296\" srcset=\"https:\/\/kaliszczasemmalowany.pl\/wp-content\/uploads\/2024\/04\/DSC_5043.jpg 2048w, https:\/\/kaliszczasemmalowany.pl\/wp-content\/uploads\/2024\/04\/DSC_5043-768x486.jpg 768w, https:\/\/kaliszczasemmalowany.pl\/wp-content\/uploads\/2024\/04\/DSC_5043-1536x972.jpg 1536w, https:\/\/kaliszczasemmalowany.pl\/wp-content\/uploads\/2024\/04\/DSC_5043-1140x721.jpg 1140w\" sizes=\"(max-width: 2048px) 100vw, 2048px\" \/><figcaption id=\"caption-attachment-45215\" class=\"wp-caption-text\">wej\u015bcie do parku<\/figcaption><\/figure>\n<p>W parku ro\u015bnie wiele gatunk\u00f3w drzew i krzew\u00f3w: jesiony, d\u0119by, wi\u0105zy szypu\u0142kowe, kasztanowce, klony zwyczajne, sosna wejmutka, lipy drobnolistne oraz akacje. W 2001 roku za\u0142o\u017cenie parkowe wpisane zosta\u0142o do rejestru zabytk\u00f3w. Na skraju parku, przy ul. Tuwima stoi dworek.<\/p>\n<p>Po gruntownym remoncie wykonanym na pocz\u0105tku XXI w., w dworku siedzib\u0119 znalaz\u0142a Filia nr 7 Miejskiej Biblioteki Publicznej im. A. Asnyka w Kaliszu oraz kaliska Delegatura Wojew\u00f3dzkiego Urz\u0119du Ochrony Zabytk\u00f3w w Poznaniu.<\/p>\n<figure id=\"attachment_45230\" aria-describedby=\"caption-attachment-45230\" style=\"width: 2048px\" class=\"wp-caption alignnone\"><img decoding=\"async\" class=\"wp-image-45230 size-full\" src=\"https:\/\/kaliszczasemmalowany.pl\/wp-content\/uploads\/2024\/04\/DSC_5067.jpg\" alt=\"Park Rodziny Wi\u0142komirskich\" width=\"2048\" height=\"1316\" srcset=\"https:\/\/kaliszczasemmalowany.pl\/wp-content\/uploads\/2024\/04\/DSC_5067.jpg 2048w, https:\/\/kaliszczasemmalowany.pl\/wp-content\/uploads\/2024\/04\/DSC_5067-768x494.jpg 768w, https:\/\/kaliszczasemmalowany.pl\/wp-content\/uploads\/2024\/04\/DSC_5067-1536x987.jpg 1536w, https:\/\/kaliszczasemmalowany.pl\/wp-content\/uploads\/2024\/04\/DSC_5067-1140x733.jpg 1140w\" sizes=\"(max-width: 2048px) 100vw, 2048px\" \/><figcaption id=\"caption-attachment-45230\" class=\"wp-caption-text\">aleja kasztanowa<\/figcaption><\/figure>\n<figure id=\"attachment_45229\" aria-describedby=\"caption-attachment-45229\" style=\"width: 1323px\" class=\"wp-caption alignnone\"><img decoding=\"async\" class=\"wp-image-45229 size-full\" src=\"https:\/\/kaliszczasemmalowany.pl\/wp-content\/uploads\/2024\/04\/DSC_5066.jpg\" alt=\"Park Rodziny Wi\u0142komirskich\" width=\"1323\" height=\"2048\" srcset=\"https:\/\/kaliszczasemmalowany.pl\/wp-content\/uploads\/2024\/04\/DSC_5066.jpg 1323w, https:\/\/kaliszczasemmalowany.pl\/wp-content\/uploads\/2024\/04\/DSC_5066-496x768.jpg 496w, https:\/\/kaliszczasemmalowany.pl\/wp-content\/uploads\/2024\/04\/DSC_5066-768x1189.jpg 768w, https:\/\/kaliszczasemmalowany.pl\/wp-content\/uploads\/2024\/04\/DSC_5066-992x1536.jpg 992w, https:\/\/kaliszczasemmalowany.pl\/wp-content\/uploads\/2024\/04\/DSC_5066-1140x1765.jpg 1140w\" sizes=\"(max-width: 1323px) 100vw, 1323px\" \/><figcaption id=\"caption-attachment-45229\" class=\"wp-caption-text\">drzewa umieraj\u0105 staj\u0105c<\/figcaption><\/figure>\n<figure id=\"attachment_45218\" aria-describedby=\"caption-attachment-45218\" style=\"width: 2048px\" class=\"wp-caption alignnone\"><img loading=\"lazy\" decoding=\"async\" class=\"wp-image-45218 size-full\" src=\"https:\/\/kaliszczasemmalowany.pl\/wp-content\/uploads\/2024\/04\/DSC_5050.jpg\" alt=\"Park Rodziny Wi\u0142komirskich\" width=\"2048\" height=\"1365\" srcset=\"https:\/\/kaliszczasemmalowany.pl\/wp-content\/uploads\/2024\/04\/DSC_5050.jpg 2048w, https:\/\/kaliszczasemmalowany.pl\/wp-content\/uploads\/2024\/04\/DSC_5050-768x512.jpg 768w, https:\/\/kaliszczasemmalowany.pl\/wp-content\/uploads\/2024\/04\/DSC_5050-1536x1024.jpg 1536w, https:\/\/kaliszczasemmalowany.pl\/wp-content\/uploads\/2024\/04\/DSC_5050-1140x760.jpg 1140w\" sizes=\"(max-width: 2048px) 100vw, 2048px\" \/><figcaption id=\"caption-attachment-45218\" class=\"wp-caption-text\">jesion<\/figcaption><\/figure>\n<figure id=\"attachment_45220\" aria-describedby=\"caption-attachment-45220\" style=\"width: 2048px\" class=\"wp-caption alignnone\"><img loading=\"lazy\" decoding=\"async\" class=\"wp-image-45220 size-full\" src=\"https:\/\/kaliszczasemmalowany.pl\/wp-content\/uploads\/2024\/04\/DSC_5052.jpg\" alt=\"Park Rodziny Wi\u0142komirskich\" width=\"2048\" height=\"1365\" srcset=\"https:\/\/kaliszczasemmalowany.pl\/wp-content\/uploads\/2024\/04\/DSC_5052.jpg 2048w, https:\/\/kaliszczasemmalowany.pl\/wp-content\/uploads\/2024\/04\/DSC_5052-768x512.jpg 768w, https:\/\/kaliszczasemmalowany.pl\/wp-content\/uploads\/2024\/04\/DSC_5052-1536x1024.jpg 1536w, https:\/\/kaliszczasemmalowany.pl\/wp-content\/uploads\/2024\/04\/DSC_5052-1140x760.jpg 1140w\" sizes=\"(max-width: 2048px) 100vw, 2048px\" \/><figcaption id=\"caption-attachment-45220\" class=\"wp-caption-text\">tawu\u0142a<\/figcaption><\/figure>\n<figure id=\"attachment_45221\" aria-describedby=\"caption-attachment-45221\" style=\"width: 2048px\" class=\"wp-caption alignnone\"><img loading=\"lazy\" decoding=\"async\" class=\"wp-image-45221 size-full\" src=\"https:\/\/kaliszczasemmalowany.pl\/wp-content\/uploads\/2024\/04\/DSC_5054.jpg\" alt=\"Park Rodziny Wi\u0142komirskich\" width=\"2048\" height=\"1365\" srcset=\"https:\/\/kaliszczasemmalowany.pl\/wp-content\/uploads\/2024\/04\/DSC_5054.jpg 2048w, https:\/\/kaliszczasemmalowany.pl\/wp-content\/uploads\/2024\/04\/DSC_5054-768x512.jpg 768w, https:\/\/kaliszczasemmalowany.pl\/wp-content\/uploads\/2024\/04\/DSC_5054-1536x1024.jpg 1536w, https:\/\/kaliszczasemmalowany.pl\/wp-content\/uploads\/2024\/04\/DSC_5054-1140x760.jpg 1140w\" sizes=\"(max-width: 2048px) 100vw, 2048px\" \/><figcaption id=\"caption-attachment-45221\" class=\"wp-caption-text\">ze wzg\u00f3rza parkowego mo\u017cna podziwia\u0107 panoram\u0119 Kalisza<\/figcaption><\/figure>\n<figure id=\"attachment_45225\" aria-describedby=\"caption-attachment-45225\" style=\"width: 2048px\" class=\"wp-caption alignnone\"><img loading=\"lazy\" decoding=\"async\" class=\"wp-image-45225 size-full\" src=\"https:\/\/kaliszczasemmalowany.pl\/wp-content\/uploads\/2024\/04\/DSC_5061.jpg\" alt=\"Park Rodziny Wi\u0142komirskich\" width=\"2048\" height=\"1365\" srcset=\"https:\/\/kaliszczasemmalowany.pl\/wp-content\/uploads\/2024\/04\/DSC_5061.jpg 2048w, https:\/\/kaliszczasemmalowany.pl\/wp-content\/uploads\/2024\/04\/DSC_5061-768x512.jpg 768w, https:\/\/kaliszczasemmalowany.pl\/wp-content\/uploads\/2024\/04\/DSC_5061-1536x1024.jpg 1536w, https:\/\/kaliszczasemmalowany.pl\/wp-content\/uploads\/2024\/04\/DSC_5061-1140x760.jpg 1140w\" sizes=\"(max-width: 2048px) 100vw, 2048px\" \/><figcaption id=\"caption-attachment-45225\" class=\"wp-caption-text\">zabytkowy drzewostan<\/figcaption><\/figure>\n<figure id=\"attachment_45224\" aria-describedby=\"caption-attachment-45224\" style=\"width: 2048px\" class=\"wp-caption alignnone\"><img loading=\"lazy\" decoding=\"async\" class=\"wp-image-45224 size-full\" src=\"https:\/\/kaliszczasemmalowany.pl\/wp-content\/uploads\/2024\/04\/DSC_5060-Edytuj.jpg\" alt=\"Park Rodziny Wi\u0142komirskich\" width=\"2048\" height=\"1365\" srcset=\"https:\/\/kaliszczasemmalowany.pl\/wp-content\/uploads\/2024\/04\/DSC_5060-Edytuj.jpg 2048w, https:\/\/kaliszczasemmalowany.pl\/wp-content\/uploads\/2024\/04\/DSC_5060-Edytuj-768x512.jpg 768w, https:\/\/kaliszczasemmalowany.pl\/wp-content\/uploads\/2024\/04\/DSC_5060-Edytuj-1536x1024.jpg 1536w, https:\/\/kaliszczasemmalowany.pl\/wp-content\/uploads\/2024\/04\/DSC_5060-Edytuj-1140x760.jpg 1140w\" sizes=\"(max-width: 2048px) 100vw, 2048px\" \/><figcaption id=\"caption-attachment-45224\" class=\"wp-caption-text\">lilaki i tawu\u0142y<\/figcaption><\/figure>\n<figure id=\"attachment_45223\" aria-describedby=\"caption-attachment-45223\" style=\"width: 2048px\" class=\"wp-caption alignnone\"><img loading=\"lazy\" decoding=\"async\" class=\"wp-image-45223 size-full\" src=\"https:\/\/kaliszczasemmalowany.pl\/wp-content\/uploads\/2024\/04\/DSC_5058.jpg\" alt=\"Park Rodziny Wi\u0142komirskich\" width=\"2048\" height=\"1287\" srcset=\"https:\/\/kaliszczasemmalowany.pl\/wp-content\/uploads\/2024\/04\/DSC_5058.jpg 2048w, https:\/\/kaliszczasemmalowany.pl\/wp-content\/uploads\/2024\/04\/DSC_5058-768x483.jpg 768w, https:\/\/kaliszczasemmalowany.pl\/wp-content\/uploads\/2024\/04\/DSC_5058-1536x965.jpg 1536w, https:\/\/kaliszczasemmalowany.pl\/wp-content\/uploads\/2024\/04\/DSC_5058-1140x716.jpg 1140w\" sizes=\"(max-width: 2048px) 100vw, 2048px\" \/><figcaption id=\"caption-attachment-45223\" class=\"wp-caption-text\">Dworski park krajobrazowy na Majkowie zosta\u0142 za\u0142o\u017cony na pocz\u0105tku XIX w., na kraw\u0119dzi pradoliny Prosny<\/figcaption><\/figure>\n<figure id=\"attachment_45222\" aria-describedby=\"caption-attachment-45222\" style=\"width: 2048px\" class=\"wp-caption alignnone\"><img loading=\"lazy\" decoding=\"async\" class=\"wp-image-45222 size-full\" src=\"https:\/\/kaliszczasemmalowany.pl\/wp-content\/uploads\/2024\/04\/DSC_5057.jpg\" alt=\"Park Rodziny Wi\u0142komirskich\" width=\"2048\" height=\"1365\" srcset=\"https:\/\/kaliszczasemmalowany.pl\/wp-content\/uploads\/2024\/04\/DSC_5057.jpg 2048w, https:\/\/kaliszczasemmalowany.pl\/wp-content\/uploads\/2024\/04\/DSC_5057-768x512.jpg 768w, https:\/\/kaliszczasemmalowany.pl\/wp-content\/uploads\/2024\/04\/DSC_5057-1536x1024.jpg 1536w, https:\/\/kaliszczasemmalowany.pl\/wp-content\/uploads\/2024\/04\/DSC_5057-1140x760.jpg 1140w\" sizes=\"(max-width: 2048px) 100vw, 2048px\" \/><figcaption id=\"caption-attachment-45222\" class=\"wp-caption-text\">staw<\/figcaption><\/figure>\n<figure id=\"attachment_45216\" aria-describedby=\"caption-attachment-45216\" style=\"width: 2048px\" class=\"wp-caption alignnone\"><img loading=\"lazy\" decoding=\"async\" class=\"wp-image-45216 size-full\" src=\"https:\/\/kaliszczasemmalowany.pl\/wp-content\/uploads\/2024\/04\/DSC_5046.jpg\" alt=\"Park Rodziny Wi\u0142komirskich\" width=\"2048\" height=\"1365\" srcset=\"https:\/\/kaliszczasemmalowany.pl\/wp-content\/uploads\/2024\/04\/DSC_5046.jpg 2048w, https:\/\/kaliszczasemmalowany.pl\/wp-content\/uploads\/2024\/04\/DSC_5046-768x512.jpg 768w, https:\/\/kaliszczasemmalowany.pl\/wp-content\/uploads\/2024\/04\/DSC_5046-1536x1024.jpg 1536w, https:\/\/kaliszczasemmalowany.pl\/wp-content\/uploads\/2024\/04\/DSC_5046-1140x760.jpg 1140w\" sizes=\"(max-width: 2048px) 100vw, 2048px\" \/><figcaption id=\"caption-attachment-45216\" class=\"wp-caption-text\">powalony d\u0105b<\/figcaption><\/figure>\n<p>&nbsp;<\/p>\n<p>Na skraju parku, przy ul. Tuwima uwag\u0119 zwraca dworek. Majk\u00f3w bowiem, przez wiele wiek\u00f3w by\u0142 podkalisk\u0105 wsi\u0105 i stanowi\u0142 w\u0142asno\u015b\u0107 znanych rod\u00f3w szlacheckich. Pod koniec XVIII wieku stan\u0105\u0142 tu murowany parterowy dworek, kt\u00f3ry p\u00f3\u017aniej by\u0142 rozbudowywany. Obecnie jest budynkiem z u\u017cytkowym poddaszem, przykrytym mansardowym dachem. Front jego zdobi czterokolumnowy neoklasycystyczny portyk. Po po\u0142udniowej stronie dworku znajduje si\u0119 ozdobiony trzema kolumnami ganek, z facjatk\u0105 zwie\u0144czon\u0105 barokowym szczytem. Po gruntowym remoncie wykonanym na pocz\u0105tku XXI w., w dworku siedzib\u0119 ma Filia nr 7 Miejskiej Biblioteki Publicznej im. A. Asnyka w Kaliszu oraz do niedawna kaliska Delegatura Wojew\u00f3dzkiego Urz\u0119du Ochrony Zabytk\u00f3w w Poznaniu.<\/p>\n<p>\u017ar\u00f3d\u0142o: <a href=\"https:\/\/zabytek.pl\/pl\/obiekty\/g-239434\" target=\"_blank\" rel=\"nofollow noopener\">https:\/\/zabytek.pl\/pl\/obiekty\/g-239434<\/a><br \/>\n<a href=\"https:\/\/www.kalisz.pl\/dla-turysty\/informacje-dla-turysty\/miejsca\/park-im-rodziny-wilkomirskich-na-majkowie,927\" target=\"_blank\" rel=\"nofollow noopener\">https:\/\/www.kalisz.pl\/dla-turysty\/informacje-dla-turysty\/miejsca\/park-im-rodziny-wilkomirskich-na-majkowie,927<\/a><\/p>\n","protected":false},"excerpt":{"rendered":"<p>Park Rodziny Wi\u0142komirskich Dworski park krajobrazowy na Majkowie zosta\u0142 za\u0142o\u017cony na pocz\u0105tku XIX w., na kraw\u0119dzi pradoliny Prosny<\/p>\n","protected":false},"author":2,"featured_media":45214,"comment_status":"open","ping_status":"closed","sticky":false,"template":"","format":"standard","meta":{"_monsterinsights_skip_tracking":false,"_monsterinsights_sitenote_active":false,"_monsterinsights_sitenote_note":"","_monsterinsights_sitenote_category":0,"footnotes":""},"categories":[39,2,483],"tags":[],"class_list":["post-45212","post","type-post","status-publish","format-standard","has-post-thumbnail","hentry","category-kaliszanie","category-o-kaliszu","category-zielony-kalisz"],"aioseo_notices":[],"aioseo_head":"\n\t\t<!-- All in One SEO Pro 4.9.0 - aioseo.com -->\n\t<meta name=\"description\" content=\"Park Rodziny Wi\u0142komirskich Dworski park krajobrazowy na Majkowie zosta\u0142 za\u0142o\u017cony na pocz\u0105tku XIX w., na kraw\u0119dzi pradoliny Prosny\" \/>\n\t<meta name=\"robots\" content=\"max-image-preview:large\" \/>\n\t<meta name=\"author\" content=\"PiK\"\/>\n\t<meta name=\"keywords\" content=\"kaliszanie,o kaliszu,zielony kalisz\" \/>\n\t<link rel=\"canonical\" href=\"https:\/\/kaliszczasemmalowany.pl\/index.php\/2025\/park-rodziny-wilkomirskich-na-majkowie\/\" \/>\n\t<meta name=\"generator\" content=\"All in One SEO Pro (AIOSEO) 4.9.0\" \/>\n\t\t<meta property=\"og:locale\" content=\"pl_PL\" \/>\n\t\t<meta property=\"og:site_name\" content=\"Kalisz Czasem Malowany - Fotoblog subiektywny\" \/>\n\t\t<meta property=\"og:type\" content=\"activity\" \/>\n\t\t<meta property=\"og:title\" content=\"Park Rodziny Wi\u0142komirskich na Majkowie Fotoblog subiektywny\" \/>\n\t\t<meta property=\"og:description\" content=\"Park Rodziny Wi\u0142komirskich Dworski park krajobrazowy na Majkowie zosta\u0142 za\u0142o\u017cony na pocz\u0105tku XIX w., na kraw\u0119dzi pradoliny Prosny\" \/>\n\t\t<meta property=\"og:url\" content=\"https:\/\/kaliszczasemmalowany.pl\/index.php\/2025\/park-rodziny-wilkomirskich-na-majkowie\/\" \/>\n\t\t<meta property=\"fb:app_id\" content=\"1247192616682170\" \/>\n\t\t<meta property=\"fb:admins\" content=\"100003136013596,100070523616841,100004477359982\" \/>\n\t\t<meta property=\"og:image\" content=\"https:\/\/kaliszczasemmalowany.pl\/wp-content\/uploads\/2024\/04\/DSC_5042-1.jpg\" \/>\n\t\t<meta property=\"og:image:secure_url\" content=\"https:\/\/kaliszczasemmalowany.pl\/wp-content\/uploads\/2024\/04\/DSC_5042-1.jpg\" \/>\n\t\t<meta property=\"og:image:width\" content=\"2048\" \/>\n\t\t<meta property=\"og:image:height\" content=\"1396\" \/>\n\t\t<meta name=\"twitter:card\" content=\"summary_large_image\" \/>\n\t\t<meta name=\"twitter:site\" content=\"@pik1982dil\" \/>\n\t\t<meta name=\"twitter:title\" content=\"Park Rodziny Wi\u0142komirskich na Majkowie Fotoblog subiektywny\" \/>\n\t\t<meta name=\"twitter:description\" content=\"Park Rodziny Wi\u0142komirskich Dworski park krajobrazowy na Majkowie zosta\u0142 za\u0142o\u017cony na pocz\u0105tku XIX w., na kraw\u0119dzi pradoliny Prosny\" \/>\n\t\t<meta name=\"twitter:creator\" content=\"@pik1982dil\" \/>\n\t\t<meta name=\"twitter:image\" content=\"https:\/\/kaliszczasemmalowany.pl\/wp-content\/uploads\/2024\/04\/DSC_5042-1.jpg\" \/>\n\t\t<meta name=\"twitter:label1\" content=\"Autor\" \/>\n\t\t<meta name=\"twitter:data1\" content=\"PiK\" \/>\n\t\t<meta name=\"twitter:label2\" content=\"Szac. czas czytania\" \/>\n\t\t<meta name=\"twitter:data2\" content=\"2 minuty\" \/>\n\t\t<script type=\"application\/ld+json\" class=\"aioseo-schema\">\n\t\t\t{\"@context\":\"https:\\\/\\\/schema.org\",\"@graph\":[{\"@type\":\"BlogPosting\",\"@id\":\"https:\\\/\\\/kaliszczasemmalowany.pl\\\/index.php\\\/2025\\\/park-rodziny-wilkomirskich-na-majkowie\\\/#blogposting\",\"name\":\"Park Rodziny Wi\\u0142komirskich na Majkowie Fotoblog subiektywny\",\"headline\":\"Park Rodziny Wi\\u0142komirskich na Majkowie\",\"author\":{\"@id\":\"https:\\\/\\\/kaliszczasemmalowany.pl\\\/index.php\\\/author\\\/krysia\\\/#author\"},\"publisher\":{\"@id\":\"https:\\\/\\\/kaliszczasemmalowany.pl\\\/#person\"},\"image\":{\"@type\":\"ImageObject\",\"url\":\"https:\\\/\\\/kaliszczasemmalowany.pl\\\/wp-content\\\/uploads\\\/2024\\\/04\\\/DSC_5042-1.jpg\",\"width\":2048,\"height\":1396},\"datePublished\":\"2025-04-26T10:21:01+02:00\",\"dateModified\":\"2025-04-26T13:14:24+02:00\",\"inLanguage\":\"pl-PL\",\"mainEntityOfPage\":{\"@id\":\"https:\\\/\\\/kaliszczasemmalowany.pl\\\/index.php\\\/2025\\\/park-rodziny-wilkomirskich-na-majkowie\\\/#webpage\"},\"isPartOf\":{\"@id\":\"https:\\\/\\\/kaliszczasemmalowany.pl\\\/index.php\\\/2025\\\/park-rodziny-wilkomirskich-na-majkowie\\\/#webpage\"},\"articleSection\":\"kaliszanie, O Kaliszu, Zielony Kalisz\"},{\"@type\":\"BreadcrumbList\",\"@id\":\"https:\\\/\\\/kaliszczasemmalowany.pl\\\/index.php\\\/2025\\\/park-rodziny-wilkomirskich-na-majkowie\\\/#breadcrumblist\",\"itemListElement\":[{\"@type\":\"ListItem\",\"@id\":\"https:\\\/\\\/kaliszczasemmalowany.pl#listItem\",\"position\":1,\"name\":\"Strona g\\u0142\\u00f3wna\",\"item\":\"https:\\\/\\\/kaliszczasemmalowany.pl\",\"nextItem\":{\"@type\":\"ListItem\",\"@id\":\"https:\\\/\\\/kaliszczasemmalowany.pl\\\/index.php\\\/category\\\/o-kaliszu\\\/#listItem\",\"name\":\"O Kaliszu\"}},{\"@type\":\"ListItem\",\"@id\":\"https:\\\/\\\/kaliszczasemmalowany.pl\\\/index.php\\\/category\\\/o-kaliszu\\\/#listItem\",\"position\":2,\"name\":\"O Kaliszu\",\"item\":\"https:\\\/\\\/kaliszczasemmalowany.pl\\\/index.php\\\/category\\\/o-kaliszu\\\/\",\"nextItem\":{\"@type\":\"ListItem\",\"@id\":\"https:\\\/\\\/kaliszczasemmalowany.pl\\\/index.php\\\/2025\\\/park-rodziny-wilkomirskich-na-majkowie\\\/#listItem\",\"name\":\"Park Rodziny Wi\\u0142komirskich na Majkowie\"},\"previousItem\":{\"@type\":\"ListItem\",\"@id\":\"https:\\\/\\\/kaliszczasemmalowany.pl#listItem\",\"name\":\"Strona g\\u0142\\u00f3wna\"}},{\"@type\":\"ListItem\",\"@id\":\"https:\\\/\\\/kaliszczasemmalowany.pl\\\/index.php\\\/2025\\\/park-rodziny-wilkomirskich-na-majkowie\\\/#listItem\",\"position\":3,\"name\":\"Park Rodziny Wi\\u0142komirskich na Majkowie\",\"previousItem\":{\"@type\":\"ListItem\",\"@id\":\"https:\\\/\\\/kaliszczasemmalowany.pl\\\/index.php\\\/category\\\/o-kaliszu\\\/#listItem\",\"name\":\"O Kaliszu\"}}]},{\"@type\":\"Person\",\"@id\":\"https:\\\/\\\/kaliszczasemmalowany.pl\\\/#person\",\"name\":\"Pawe\\u0142 Liszewski\",\"image\":{\"@type\":\"ImageObject\",\"@id\":\"https:\\\/\\\/kaliszczasemmalowany.pl\\\/index.php\\\/2025\\\/park-rodziny-wilkomirskich-na-majkowie\\\/#personImage\",\"url\":\"https:\\\/\\\/secure.gravatar.com\\\/avatar\\\/5a5afc29e8abe93f415ca15abf21395d6303ab000250220121432e5aab91966e?s=96&d=mm&r=g\",\"width\":96,\"height\":96,\"caption\":\"Pawe\\u0142 Liszewski\"}},{\"@type\":\"Person\",\"@id\":\"https:\\\/\\\/kaliszczasemmalowany.pl\\\/index.php\\\/author\\\/krysia\\\/#author\",\"url\":\"https:\\\/\\\/kaliszczasemmalowany.pl\\\/index.php\\\/author\\\/krysia\\\/\",\"name\":\"PiK\",\"image\":{\"@type\":\"ImageObject\",\"url\":\"https:\\\/\\\/secure.gravatar.com\\\/avatar\\\/a01eefe17b2143fe4c87c80742bc7ae8a193169eeebde9de8373aab5f31e2654?s=96&d=mm&r=g\"}},{\"@type\":\"WebPage\",\"@id\":\"https:\\\/\\\/kaliszczasemmalowany.pl\\\/index.php\\\/2025\\\/park-rodziny-wilkomirskich-na-majkowie\\\/#webpage\",\"url\":\"https:\\\/\\\/kaliszczasemmalowany.pl\\\/index.php\\\/2025\\\/park-rodziny-wilkomirskich-na-majkowie\\\/\",\"name\":\"Park Rodziny Wi\\u0142komirskich na Majkowie Fotoblog subiektywny\",\"description\":\"Park Rodziny Wi\\u0142komirskich Dworski park krajobrazowy na Majkowie zosta\\u0142 za\\u0142o\\u017cony na pocz\\u0105tku XIX w., na kraw\\u0119dzi pradoliny Prosny\",\"inLanguage\":\"pl-PL\",\"isPartOf\":{\"@id\":\"https:\\\/\\\/kaliszczasemmalowany.pl\\\/#website\"},\"breadcrumb\":{\"@id\":\"https:\\\/\\\/kaliszczasemmalowany.pl\\\/index.php\\\/2025\\\/park-rodziny-wilkomirskich-na-majkowie\\\/#breadcrumblist\"},\"author\":{\"@id\":\"https:\\\/\\\/kaliszczasemmalowany.pl\\\/index.php\\\/author\\\/krysia\\\/#author\"},\"creator\":{\"@id\":\"https:\\\/\\\/kaliszczasemmalowany.pl\\\/index.php\\\/author\\\/krysia\\\/#author\"},\"image\":{\"@type\":\"ImageObject\",\"url\":\"https:\\\/\\\/kaliszczasemmalowany.pl\\\/wp-content\\\/uploads\\\/2024\\\/04\\\/DSC_5042-1.jpg\",\"@id\":\"https:\\\/\\\/kaliszczasemmalowany.pl\\\/index.php\\\/2025\\\/park-rodziny-wilkomirskich-na-majkowie\\\/#mainImage\",\"width\":2048,\"height\":1396},\"primaryImageOfPage\":{\"@id\":\"https:\\\/\\\/kaliszczasemmalowany.pl\\\/index.php\\\/2025\\\/park-rodziny-wilkomirskich-na-majkowie\\\/#mainImage\"},\"datePublished\":\"2025-04-26T10:21:01+02:00\",\"dateModified\":\"2025-04-26T13:14:24+02:00\"},{\"@type\":\"WebSite\",\"@id\":\"https:\\\/\\\/kaliszczasemmalowany.pl\\\/#website\",\"url\":\"https:\\\/\\\/kaliszczasemmalowany.pl\\\/\",\"name\":\"Kalisz Czasem Malowany\",\"description\":\"Fotoblog subiektywny\",\"inLanguage\":\"pl-PL\",\"publisher\":{\"@id\":\"https:\\\/\\\/kaliszczasemmalowany.pl\\\/#person\"}}]}\n\t\t<\/script>\n\t\t<!-- All in One SEO Pro -->\r\n\t\t<title>Park Rodziny Wi\u0142komirskich na Majkowie Fotoblog subiektywny<\/title>\n\n","aioseo_head_json":{"title":"Park Rodziny Wi\u0142komirskich na Majkowie Fotoblog subiektywny","description":"Park Rodziny Wi\u0142komirskich Dworski park krajobrazowy na Majkowie zosta\u0142 za\u0142o\u017cony na pocz\u0105tku XIX w., na kraw\u0119dzi pradoliny Prosny","canonical_url":"https:\/\/kaliszczasemmalowany.pl\/index.php\/2025\/park-rodziny-wilkomirskich-na-majkowie\/","robots":"max-image-preview:large","keywords":"kaliszanie,o kaliszu,zielony kalisz","webmasterTools":{"miscellaneous":""},"schema":{"@context":"https:\/\/schema.org","@graph":[{"@type":"BlogPosting","@id":"https:\/\/kaliszczasemmalowany.pl\/index.php\/2025\/park-rodziny-wilkomirskich-na-majkowie\/#blogposting","name":"Park Rodziny Wi\u0142komirskich na Majkowie Fotoblog subiektywny","headline":"Park Rodziny Wi\u0142komirskich na Majkowie","author":{"@id":"https:\/\/kaliszczasemmalowany.pl\/index.php\/author\/krysia\/#author"},"publisher":{"@id":"https:\/\/kaliszczasemmalowany.pl\/#person"},"image":{"@type":"ImageObject","url":"https:\/\/kaliszczasemmalowany.pl\/wp-content\/uploads\/2024\/04\/DSC_5042-1.jpg","width":2048,"height":1396},"datePublished":"2025-04-26T10:21:01+02:00","dateModified":"2025-04-26T13:14:24+02:00","inLanguage":"pl-PL","mainEntityOfPage":{"@id":"https:\/\/kaliszczasemmalowany.pl\/index.php\/2025\/park-rodziny-wilkomirskich-na-majkowie\/#webpage"},"isPartOf":{"@id":"https:\/\/kaliszczasemmalowany.pl\/index.php\/2025\/park-rodziny-wilkomirskich-na-majkowie\/#webpage"},"articleSection":"kaliszanie, O Kaliszu, Zielony Kalisz"},{"@type":"BreadcrumbList","@id":"https:\/\/kaliszczasemmalowany.pl\/index.php\/2025\/park-rodziny-wilkomirskich-na-majkowie\/#breadcrumblist","itemListElement":[{"@type":"ListItem","@id":"https:\/\/kaliszczasemmalowany.pl#listItem","position":1,"name":"Strona g\u0142\u00f3wna","item":"https:\/\/kaliszczasemmalowany.pl","nextItem":{"@type":"ListItem","@id":"https:\/\/kaliszczasemmalowany.pl\/index.php\/category\/o-kaliszu\/#listItem","name":"O Kaliszu"}},{"@type":"ListItem","@id":"https:\/\/kaliszczasemmalowany.pl\/index.php\/category\/o-kaliszu\/#listItem","position":2,"name":"O Kaliszu","item":"https:\/\/kaliszczasemmalowany.pl\/index.php\/category\/o-kaliszu\/","nextItem":{"@type":"ListItem","@id":"https:\/\/kaliszczasemmalowany.pl\/index.php\/2025\/park-rodziny-wilkomirskich-na-majkowie\/#listItem","name":"Park Rodziny Wi\u0142komirskich na Majkowie"},"previousItem":{"@type":"ListItem","@id":"https:\/\/kaliszczasemmalowany.pl#listItem","name":"Strona g\u0142\u00f3wna"}},{"@type":"ListItem","@id":"https:\/\/kaliszczasemmalowany.pl\/index.php\/2025\/park-rodziny-wilkomirskich-na-majkowie\/#listItem","position":3,"name":"Park Rodziny Wi\u0142komirskich na Majkowie","previousItem":{"@type":"ListItem","@id":"https:\/\/kaliszczasemmalowany.pl\/index.php\/category\/o-kaliszu\/#listItem","name":"O Kaliszu"}}]},{"@type":"Person","@id":"https:\/\/kaliszczasemmalowany.pl\/#person","name":"Pawe\u0142 Liszewski","image":{"@type":"ImageObject","@id":"https:\/\/kaliszczasemmalowany.pl\/index.php\/2025\/park-rodziny-wilkomirskich-na-majkowie\/#personImage","url":"https:\/\/secure.gravatar.com\/avatar\/5a5afc29e8abe93f415ca15abf21395d6303ab000250220121432e5aab91966e?s=96&d=mm&r=g","width":96,"height":96,"caption":"Pawe\u0142 Liszewski"}},{"@type":"Person","@id":"https:\/\/kaliszczasemmalowany.pl\/index.php\/author\/krysia\/#author","url":"https:\/\/kaliszczasemmalowany.pl\/index.php\/author\/krysia\/","name":"PiK","image":{"@type":"ImageObject","url":"https:\/\/secure.gravatar.com\/avatar\/a01eefe17b2143fe4c87c80742bc7ae8a193169eeebde9de8373aab5f31e2654?s=96&d=mm&r=g"}},{"@type":"WebPage","@id":"https:\/\/kaliszczasemmalowany.pl\/index.php\/2025\/park-rodziny-wilkomirskich-na-majkowie\/#webpage","url":"https:\/\/kaliszczasemmalowany.pl\/index.php\/2025\/park-rodziny-wilkomirskich-na-majkowie\/","name":"Park Rodziny Wi\u0142komirskich na Majkowie Fotoblog subiektywny","description":"Park Rodziny Wi\u0142komirskich Dworski park krajobrazowy na Majkowie zosta\u0142 za\u0142o\u017cony na pocz\u0105tku XIX w., na kraw\u0119dzi pradoliny Prosny","inLanguage":"pl-PL","isPartOf":{"@id":"https:\/\/kaliszczasemmalowany.pl\/#website"},"breadcrumb":{"@id":"https:\/\/kaliszczasemmalowany.pl\/index.php\/2025\/park-rodziny-wilkomirskich-na-majkowie\/#breadcrumblist"},"author":{"@id":"https:\/\/kaliszczasemmalowany.pl\/index.php\/author\/krysia\/#author"},"creator":{"@id":"https:\/\/kaliszczasemmalowany.pl\/index.php\/author\/krysia\/#author"},"image":{"@type":"ImageObject","url":"https:\/\/kaliszczasemmalowany.pl\/wp-content\/uploads\/2024\/04\/DSC_5042-1.jpg","@id":"https:\/\/kaliszczasemmalowany.pl\/index.php\/2025\/park-rodziny-wilkomirskich-na-majkowie\/#mainImage","width":2048,"height":1396},"primaryImageOfPage":{"@id":"https:\/\/kaliszczasemmalowany.pl\/index.php\/2025\/park-rodziny-wilkomirskich-na-majkowie\/#mainImage"},"datePublished":"2025-04-26T10:21:01+02:00","dateModified":"2025-04-26T13:14:24+02:00"},{"@type":"WebSite","@id":"https:\/\/kaliszczasemmalowany.pl\/#website","url":"https:\/\/kaliszczasemmalowany.pl\/","name":"Kalisz Czasem Malowany","description":"Fotoblog subiektywny","inLanguage":"pl-PL","publisher":{"@id":"https:\/\/kaliszczasemmalowany.pl\/#person"}}]},"og:locale":"pl_PL","og:site_name":"Kalisz Czasem Malowany - Fotoblog subiektywny","og:type":"activity","og:title":"Park Rodziny Wi\u0142komirskich na Majkowie Fotoblog subiektywny","og:description":"Park Rodziny Wi\u0142komirskich Dworski park krajobrazowy na Majkowie zosta\u0142 za\u0142o\u017cony na pocz\u0105tku XIX w., na kraw\u0119dzi pradoliny Prosny","og:url":"https:\/\/kaliszczasemmalowany.pl\/index.php\/2025\/park-rodziny-wilkomirskich-na-majkowie\/","fb:app_id":"1247192616682170","fb:admins":"100003136013596,100070523616841,100004477359982","og:image":"https:\/\/kaliszczasemmalowany.pl\/wp-content\/uploads\/2024\/04\/DSC_5042-1.jpg","og:image:secure_url":"https:\/\/kaliszczasemmalowany.pl\/wp-content\/uploads\/2024\/04\/DSC_5042-1.jpg","og:image:width":2048,"og:image:height":1396,"twitter:card":"summary_large_image","twitter:site":"@pik1982dil","twitter:title":"Park Rodziny Wi\u0142komirskich na Majkowie Fotoblog subiektywny","twitter:description":"Park Rodziny Wi\u0142komirskich Dworski park krajobrazowy na Majkowie zosta\u0142 za\u0142o\u017cony na pocz\u0105tku XIX w., na kraw\u0119dzi pradoliny Prosny","twitter:creator":"@pik1982dil","twitter:image":"https:\/\/kaliszczasemmalowany.pl\/wp-content\/uploads\/2024\/04\/DSC_5042-1.jpg","twitter:label1":"Autor","twitter:data1":"PiK","twitter:label2":"Szac. czas czytania","twitter:data2":"2 minuty"},"aioseo_meta_data":{"post_id":"45212","title":"#post_title #tagline","description":null,"keywords":null,"keyphrases":{"focus":{"keyphrase":"Park Rodziny Wi\u0142komirskich","score":85,"analysis":{"keyphraseInTitle":{"score":9,"maxScore":9,"error":0},"keyphraseInDescription":{"score":9,"maxScore":9,"error":0},"keyphraseLength":{"score":9,"maxScore":9,"error":0,"length":4},"keyphraseInURL":{"score":5,"maxScore":5,"error":0},"keyphraseInIntroduction":{"score":9,"maxScore":9,"error":0},"keyphraseInSubHeadings":[],"keyphraseInImageAlt":{"score":9,"maxScore":9,"error":0},"keywordDensity":{"score":0,"type":"low","maxScore":9,"error":1}}},"additional":[]},"primary_term":null,"canonical_url":null,"og_title":null,"og_description":null,"og_object_type":"default","og_image_type":"default","og_image_url":null,"og_image_width":null,"og_image_height":null,"og_image_custom_url":null,"og_image_custom_fields":null,"og_video":"","og_custom_url":null,"og_article_section":null,"og_article_tags":null,"twitter_use_og":true,"twitter_card":"default","twitter_image_type":"default","twitter_image_url":null,"twitter_image_custom_url":null,"twitter_image_custom_fields":null,"twitter_title":null,"twitter_description":null,"schema":{"blockGraphs":[],"customGraphs":[],"default":{"data":{"Article":[],"Course":[],"Dataset":[],"FAQPage":[],"Movie":[],"Person":[],"Product":[],"ProductReview":[],"Car":[],"Recipe":[],"Service":[],"SoftwareApplication":[],"WebPage":[]},"graphName":"BlogPosting","isEnabled":true},"graphs":[]},"schema_type":"default","schema_type_options":null,"pillar_content":false,"robots_default":true,"robots_noindex":false,"robots_noarchive":false,"robots_nosnippet":false,"robots_nofollow":false,"robots_noimageindex":false,"robots_noodp":false,"robots_notranslate":false,"robots_max_snippet":"-1","robots_max_videopreview":"-1","robots_max_imagepreview":"large","priority":null,"frequency":"default","local_seo":null,"seo_analyzer_scan_date":"2025-11-28 15:15:44","breadcrumb_settings":null,"limit_modified_date":false,"reviewed_by":null,"open_ai":"{\"title\":{\"suggestions\":[],\"usage\":0},\"description\":{\"suggestions\":[],\"usage\":0}}","ai":null,"created":"2024-04-22 13:28:06","updated":"2025-11-28 15:15:44"},"aioseo_breadcrumb":"<div class=\"aioseo-breadcrumbs\"><span class=\"aioseo-breadcrumb\">\n\t<a href=\"https:\/\/kaliszczasemmalowany.pl\" title=\"Strona g\u0142\u00f3wna\">Strona g\u0142\u00f3wna<\/a>\n<\/span><span class=\"aioseo-breadcrumb-separator\">\u00bb<\/span><span class=\"aioseo-breadcrumb\">\n\t<a href=\"https:\/\/kaliszczasemmalowany.pl\/index.php\/category\/o-kaliszu\/\" title=\"O Kaliszu\">O Kaliszu<\/a>\n<\/span><span class=\"aioseo-breadcrumb-separator\">\u00bb<\/span><span class=\"aioseo-breadcrumb\">\n\tPark Rodziny Wi\u0142komirskich na Majkowie\n<\/span><\/div>","aioseo_breadcrumb_json":[{"label":"Strona g\u0142\u00f3wna","link":"https:\/\/kaliszczasemmalowany.pl"},{"label":"O Kaliszu","link":"https:\/\/kaliszczasemmalowany.pl\/index.php\/category\/o-kaliszu\/"},{"label":"Park Rodziny Wi\u0142komirskich na Majkowie","link":"https:\/\/kaliszczasemmalowany.pl\/index.php\/2025\/park-rodziny-wilkomirskich-na-majkowie\/"}],"acf":[],"_links":{"self":[{"href":"https:\/\/kaliszczasemmalowany.pl\/index.php\/wp-json\/wp\/v2\/posts\/45212","targetHints":{"allow":["GET"]}}],"collection":[{"href":"https:\/\/kaliszczasemmalowany.pl\/index.php\/wp-json\/wp\/v2\/posts"}],"about":[{"href":"https:\/\/kaliszczasemmalowany.pl\/index.php\/wp-json\/wp\/v2\/types\/post"}],"author":[{"embeddable":true,"href":"https:\/\/kaliszczasemmalowany.pl\/index.php\/wp-json\/wp\/v2\/users\/2"}],"replies":[{"embeddable":true,"href":"https:\/\/kaliszczasemmalowany.pl\/index.php\/wp-json\/wp\/v2\/comments?post=45212"}],"version-history":[{"count":9,"href":"https:\/\/kaliszczasemmalowany.pl\/index.php\/wp-json\/wp\/v2\/posts\/45212\/revisions"}],"predecessor-version":[{"id":46638,"href":"https:\/\/kaliszczasemmalowany.pl\/index.php\/wp-json\/wp\/v2\/posts\/45212\/revisions\/46638"}],"wp:featuredmedia":[{"embeddable":true,"href":"https:\/\/kaliszczasemmalowany.pl\/index.php\/wp-json\/wp\/v2\/media\/45214"}],"wp:attachment":[{"href":"https:\/\/kaliszczasemmalowany.pl\/index.php\/wp-json\/wp\/v2\/media?parent=45212"}],"wp:term":[{"taxonomy":"category","embeddable":true,"href":"https:\/\/kaliszczasemmalowany.pl\/index.php\/wp-json\/wp\/v2\/categories?post=45212"},{"taxonomy":"post_tag","embeddable":true,"href":"https:\/\/kaliszczasemmalowany.pl\/index.php\/wp-json\/wp\/v2\/tags?post=45212"}],"curies":[{"name":"wp","href":"https:\/\/api.w.org\/{rel}","templated":true}]}}