{"id":42509,"date":"2024-05-26T08:42:48","date_gmt":"2024-05-26T06:42:48","guid":{"rendered":"http:\/\/kaliszczasemmalowany.pl\/?p=42509"},"modified":"2024-05-26T09:47:00","modified_gmt":"2024-05-26T07:47:00","slug":"jerzy-rubinski-kaliszanin-artysta-chormistrz-dyrygent-nauczyciel-profesor-dziekan","status":"publish","type":"post","link":"https:\/\/kaliszczasemmalowany.pl\/index.php\/2024\/jerzy-rubinski-kaliszanin-artysta-chormistrz-dyrygent-nauczyciel-profesor-dziekan\/","title":{"rendered":"Jerzy Rubi\u0144ski &#8211; kaliszanin, ch\u00f3rmistrz, dyrygent, nauczyciel, profesor, dziekan"},"content":{"rendered":"<p><span style=\"font-size: 10pt;\">Profesor Jerzy Rubi\u0144ski zmar\u0142 18 wrze\u015bnia 2007 roku w wieku 63 lat.Pochowany na <a href=\"https:\/\/kaliszczasemmalowany.pl\/index.php\/2023\/cmentarz-tyniecki-w-kaliszu\/\">cmentarzu Tynieckim w Kaliszu<\/a><br \/>\n<\/span><\/p>\n<p><img fetchpriority=\"high\" decoding=\"async\" class=\"alignnone wp-image-42506 size-large\" src=\"https:\/\/kaliszczasemmalowany.pl\/wp-content\/uploads\/2022\/09\/DSC_3356-1024x680.jpg\" alt=\"Jerzy Rubi\u0144ski\" width=\"960\" height=\"638\" srcset=\"https:\/\/kaliszczasemmalowany.pl\/wp-content\/uploads\/2022\/09\/DSC_3356-1024x680.jpg 1024w, https:\/\/kaliszczasemmalowany.pl\/wp-content\/uploads\/2022\/09\/DSC_3356-300x199.jpg 300w, https:\/\/kaliszczasemmalowany.pl\/wp-content\/uploads\/2022\/09\/DSC_3356-768x510.jpg 768w, https:\/\/kaliszczasemmalowany.pl\/wp-content\/uploads\/2022\/09\/DSC_3356-1536x1020.jpg 1536w, https:\/\/kaliszczasemmalowany.pl\/wp-content\/uploads\/2022\/09\/DSC_3356-2048x1360.jpg 2048w, https:\/\/kaliszczasemmalowany.pl\/wp-content\/uploads\/2022\/09\/DSC_3356-1200x797.jpg 1200w\" sizes=\"(max-width: 960px) 100vw, 960px\" \/><\/p>\n<p><span style=\"font-size: 12pt;\">Dziekan kaliskiego Wydzia\u0142u Pedagogiczno-Artystycznego UAM w Poznaniu. Od 1997 r. by\u0142 profesorem tej uczelni, wielokrotnie by\u0142 te\u017c cz\u0142onkiem Senatu UAM. W 2003 r. zosta\u0142 wyr\u00f3\u017cniony odznak\u0105 ,,Zas\u0142u\u017cony dla Miasta Kalisza&#8221; za sukcesy w przekszta\u0142caniu miasta w znacz\u0105cy o\u015brodek \u017cycia akademickiego oraz zaanga\u017cowanie w sprawy kaliskiego samorz\u0105du. Jerzy Rubi\u0144ski by\u0142 absolwentem Technikum Budowy Fortepian\u00f3w w Kaliszu i pozna\u0144skiej Akademii Muzycznej, wieloletnim nauczycielem kaliskich szk\u00f3\u0142, wykszta\u0142ci\u0142 wielu znakomitych ch\u00f3rmistrz\u00f3w i dyrygent\u00f3w szkolnych zespo\u0142\u00f3w. Niezr\u00f3wnanie prowadzi\u0142 za\u0142o\u017cone przez siebie ch\u00f3ry, w tym Akademicki Ch\u00f3r &#8222;Polifonia&#8221;, dyryguj\u0105c ponad 200 koncertami w Polsce i zagranic\u0105. Pe\u0142ni\u0142 liczne funkcje spo\u0142eczne i samorz\u0105dowe, w latach 1998-2002 by\u0142 Przewodnicz\u0105cym Rady Miejskiej Kalisza.<br \/>\nStaraniem Profesora pozyskano fundusze na budow\u0119 nowego kompleksu uniwersyteckiego w Kaliszu, uwzgl\u0119dniaj\u0105cego, obok zapotrzebowania Uczelni, tak\u017ce oczekiwania i potrzeby kaliszan. Z tego wzgl\u0119du znalaz\u0142y si\u0119 w nim m.in. nowoczesna biblioteka i sala koncertowa, z kt\u00f3rej korzysta Filharmonia Kaliska oraz inni organizatorzy przedsi\u0119wzi\u0119\u0107 kulturalnych i naukowych (dzi\u015b aula nosi imi\u0119 profesora<\/span><!--more--><\/p>\n<figure id=\"attachment_42508\" aria-describedby=\"caption-attachment-42508\" style=\"width: 960px\" class=\"wp-caption alignnone\"><img decoding=\"async\" class=\"wp-image-42508 size-large\" src=\"https:\/\/kaliszczasemmalowany.pl\/wp-content\/uploads\/2022\/09\/N-0662-1024x662.jpg\" alt=\"Jerzy Rubi\u0144ski\" width=\"960\" height=\"621\" srcset=\"https:\/\/kaliszczasemmalowany.pl\/wp-content\/uploads\/2022\/09\/N-0662-1024x662.jpg 1024w, https:\/\/kaliszczasemmalowany.pl\/wp-content\/uploads\/2022\/09\/N-0662-300x194.jpg 300w, https:\/\/kaliszczasemmalowany.pl\/wp-content\/uploads\/2022\/09\/N-0662-768x497.jpg 768w, https:\/\/kaliszczasemmalowany.pl\/wp-content\/uploads\/2022\/09\/N-0662-1536x994.jpg 1536w, https:\/\/kaliszczasemmalowany.pl\/wp-content\/uploads\/2022\/09\/N-0662-2048x1325.jpg 2048w, https:\/\/kaliszczasemmalowany.pl\/wp-content\/uploads\/2022\/09\/N-0662-1200x776.jpg 1200w\" sizes=\"(max-width: 960px) 100vw, 960px\" \/><figcaption id=\"caption-attachment-42508\" class=\"wp-caption-text\">Uczniowie III Liceum Og\u00f3lnokszta\u0142c\u0105cego z nauczycielem muzyki Jerzym Rubi\u0144skim<\/figcaption><\/figure>\n<p><span style=\"font-size: 12pt;\">\u00a0<\/span>26 maja 1944 roku\u00a0w podkaliskim Rajskowie urodzi\u0142 si\u0119 Jerzy Rubi\u0144ski, absolwent a p\u00f3\u017aniej nauczyciel muzyki w szko\u0142ach kaliskich oraz w Szkole Muzycznej w Kaliszu, Dziekan Wydzia\u0142u Pedagogiczno-Artystycznego UAM.<\/p>\n<p>Za\u0142o\u017cyciel i dyrygent ch\u00f3r\u00f3w, w tym Akademickiego Ch\u00f3ru Polifonia. Autor \u015apiewnika dla ch\u00f3r\u00f3w szkolnych.<\/p>\n<p>Wsp\u00f3\u0142za\u0142o\u017cyciel Stowarzyszenia Wszystko dla Kalisza z ramienia kt\u00f3rego by\u0142 radnym a w latach 1998-2002 przewodnicz\u0105cym Rady Miejskiej Kalisza. Wielokrotnie wyr\u00f3\u017cniany m.in. Odznak\u0105 Zas\u0142u\u017cony dla Miasta Kalisza.<\/p>\n<p>Zmar\u0142 18 wrze\u015bnia 2007 roku pochowany jest na cmentarzu tynieckim. W kruchcie ko\u015bcio\u0142a b\u0142. Micha\u0142a Kozala w osiedlu Winiary umieszczono tablic\u0119 po\u015bwi\u0119con\u0105 temu wybitnemu parafianinowi, imi\u0119 prof. Rubi\u0144skiego nosi reprezentacyjna aula w nowym gmachu kaliskiego UAM.<\/p>\n<p><img decoding=\"async\" class=\"alignnone wp-image-45466 size-full\" src=\"https:\/\/kaliszczasemmalowany.pl\/wp-content\/uploads\/2024\/05\/DSC_1710.jpg\" alt=\"Jerzy Rubi\u0144ski\" width=\"2048\" height=\"1367\" srcset=\"https:\/\/kaliszczasemmalowany.pl\/wp-content\/uploads\/2024\/05\/DSC_1710.jpg 2048w, https:\/\/kaliszczasemmalowany.pl\/wp-content\/uploads\/2024\/05\/DSC_1710-768x513.jpg 768w, https:\/\/kaliszczasemmalowany.pl\/wp-content\/uploads\/2024\/05\/DSC_1710-1536x1025.jpg 1536w, https:\/\/kaliszczasemmalowany.pl\/wp-content\/uploads\/2024\/05\/DSC_1710-1140x761.jpg 1140w\" sizes=\"(max-width: 2048px) 100vw, 2048px\" \/><\/p>\n<p><span style=\"font-size: 12pt;\"><em>\u017ar\u00f3d\u0142o:<br \/>\n<\/em><a href=\"https:\/\/kalisz.naszemiasto.pl\/ludzie-jerzy-rubinski-nie-zyje\/ar\/c13-6734241\">https:\/\/kalisz.naszemiasto.pl\/ludzie-jerzy-rubinski-nie-zyje\/ar\/c13-6734241<\/a><\/span><br \/>\n<span style=\"font-size: 12pt;\"><a href=\"https:\/\/calisia.pl\/10-lat-temu-odszedl-prof-jerzy-rubinski,6446\">https:\/\/calisia.pl\/10-lat-temu-odszedl-prof-jerzy-rubinski,6446<\/a><br \/>\n<a href=\"https:\/\/www.csw2020.com.pl\/biogram\/jerzy-rubinski\/?fbclid=IwAR3ej5ziXBGCYiZFc5gFR2l_Jr6nPRVlNbcefK1qMOzFv2udvuXmiW5NRw0\">https:\/\/www.csw2020.com.pl\/biogram\/jerzy-rubinski\/?fbclid=IwAR3ej5ziXBGCYiZFc5gFR2l_Jr6nPRVlNbcefK1qMOzFv2udvuXmiW5NRw0<\/a><\/span><\/p>\n<p><span style=\"font-size: 12pt;\"><a href=\"https:\/\/zyciekalisza.pl\/artykul\/kalendarium-kaliskie\/1559455\" target=\"_blank\" rel=\"nofollow noopener\">https:\/\/zyciekalisza.pl\/artykul\/kalendarium-kaliskie\/1559455<\/a><\/span><\/p>\n","protected":false},"excerpt":{"rendered":"<p>Profesor Jerzy Rubi\u0144ski zmar\u0142 18 wrze\u015bnia 2007 roku w wieku 63 lat.Pochowany na cmentarzu Tynieckim w Kaliszu<\/p>\n","protected":false},"author":2,"featured_media":45462,"comment_status":"open","ping_status":"open","sticky":false,"template":"","format":"standard","meta":{"_monsterinsights_skip_tracking":false,"_monsterinsights_sitenote_active":false,"_monsterinsights_sitenote_note":"","_monsterinsights_sitenote_category":0,"footnotes":""},"categories":[39,2,18],"tags":[13,269,267,472,251],"class_list":["post-42509","post","type-post","status-publish","format-standard","has-post-thumbnail","hentry","category-kaliszanie","category-o-kaliszu","category-wydarzenia","tag-kalisz","tag-kaliszanie","tag-muzyka","tag-nauczyciel","tag-rubinski"],"aioseo_notices":[],"aioseo_head":"\n\t\t<!-- All in One SEO Pro 4.9.0 - aioseo.com -->\n\t<meta name=\"description\" content=\"Profesor Jerzy Rubi\u0144ski zmar\u0142 18 wrze\u015bnia 2007 roku w wieku 63 lat.Pochowany na cmentarzu Tynieckim w Kaliszu - Fotoblog subiektywny\" \/>\n\t<meta name=\"robots\" content=\"max-image-preview:large\" \/>\n\t<meta name=\"author\" content=\"PiK\"\/>\n\t<meta name=\"keywords\" content=\"kalisz,kaliszanie,muzyka,nauczyciel,rubi\u0144ski,o kaliszu,wydarzenia\" \/>\n\t<link rel=\"canonical\" href=\"https:\/\/kaliszczasemmalowany.pl\/index.php\/2024\/jerzy-rubinski-kaliszanin-artysta-chormistrz-dyrygent-nauczyciel-profesor-dziekan\/\" \/>\n\t<meta name=\"generator\" content=\"All in One SEO Pro (AIOSEO) 4.9.0\" \/>\n\t\t<meta property=\"og:locale\" content=\"pl_PL\" \/>\n\t\t<meta property=\"og:site_name\" content=\"Kalisz Czasem Malowany - Fotoblog subiektywny\" \/>\n\t\t<meta property=\"og:type\" content=\"activity\" \/>\n\t\t<meta property=\"og:title\" content=\"Jerzy Rubi\u0144ski kaliszanin, ch\u00f3rmistrz, dyrygent, nauczyciel\" \/>\n\t\t<meta property=\"og:description\" content=\"Profesor Jerzy Rubi\u0144ski zmar\u0142 18 wrze\u015bnia 2007 roku w wieku 63 lat.Pochowany na cmentarzu Tynieckim w Kaliszu - Fotoblog subiektywny\" \/>\n\t\t<meta property=\"og:url\" content=\"https:\/\/kaliszczasemmalowany.pl\/index.php\/2024\/jerzy-rubinski-kaliszanin-artysta-chormistrz-dyrygent-nauczyciel-profesor-dziekan\/\" \/>\n\t\t<meta property=\"fb:app_id\" content=\"1247192616682170\" \/>\n\t\t<meta property=\"fb:admins\" content=\"100003136013596,100070523616841,100004477359982\" \/>\n\t\t<meta property=\"og:image\" content=\"https:\/\/kaliszczasemmalowany.pl\/wp-content\/uploads\/2024\/05\/Rubinski.jpg\" \/>\n\t\t<meta property=\"og:image:secure_url\" content=\"https:\/\/kaliszczasemmalowany.pl\/wp-content\/uploads\/2024\/05\/Rubinski.jpg\" \/>\n\t\t<meta property=\"og:image:width\" content=\"600\" \/>\n\t\t<meta property=\"og:image:height\" content=\"450\" \/>\n\t\t<meta name=\"twitter:card\" content=\"summary_large_image\" \/>\n\t\t<meta name=\"twitter:site\" content=\"@pik1982dil\" \/>\n\t\t<meta name=\"twitter:title\" content=\"Jerzy Rubi\u0144ski kaliszanin, ch\u00f3rmistrz, dyrygent, nauczyciel\" \/>\n\t\t<meta name=\"twitter:description\" content=\"Profesor Jerzy Rubi\u0144ski zmar\u0142 18 wrze\u015bnia 2007 roku w wieku 63 lat.Pochowany na cmentarzu Tynieckim w Kaliszu - Fotoblog subiektywny\" \/>\n\t\t<meta name=\"twitter:creator\" content=\"@pik1982dil\" \/>\n\t\t<meta name=\"twitter:image\" content=\"https:\/\/kaliszczasemmalowany.pl\/wp-content\/uploads\/2024\/05\/Rubinski.jpg\" \/>\n\t\t<meta name=\"twitter:label1\" content=\"Autor\" \/>\n\t\t<meta name=\"twitter:data1\" content=\"PiK\" \/>\n\t\t<meta name=\"twitter:label2\" content=\"Szac. czas czytania\" \/>\n\t\t<meta name=\"twitter:data2\" content=\"2 minuty\" \/>\n\t\t<script type=\"application\/ld+json\" class=\"aioseo-schema\">\n\t\t\t{\"@context\":\"https:\\\/\\\/schema.org\",\"@graph\":[{\"@type\":\"BlogPosting\",\"@id\":\"https:\\\/\\\/kaliszczasemmalowany.pl\\\/index.php\\\/2024\\\/jerzy-rubinski-kaliszanin-artysta-chormistrz-dyrygent-nauczyciel-profesor-dziekan\\\/#blogposting\",\"name\":\"Jerzy Rubi\\u0144ski kaliszanin, ch\\u00f3rmistrz, dyrygent, nauczyciel\",\"headline\":\"Jerzy Rubi\\u0144ski &#8211; kaliszanin, ch\\u00f3rmistrz, dyrygent, nauczyciel, profesor, dziekan\",\"author\":{\"@id\":\"https:\\\/\\\/kaliszczasemmalowany.pl\\\/index.php\\\/author\\\/krysia\\\/#author\"},\"publisher\":{\"@id\":\"https:\\\/\\\/kaliszczasemmalowany.pl\\\/#person\"},\"image\":{\"@type\":\"ImageObject\",\"url\":\"https:\\\/\\\/kaliszczasemmalowany.pl\\\/wp-content\\\/uploads\\\/2024\\\/05\\\/Rubinski.jpg\",\"width\":600,\"height\":450,\"caption\":\"Jerzy Rubi\\u0144ski\"},\"datePublished\":\"2024-05-26T08:42:48+02:00\",\"dateModified\":\"2024-05-26T09:47:00+02:00\",\"inLanguage\":\"pl-PL\",\"commentCount\":1,\"mainEntityOfPage\":{\"@id\":\"https:\\\/\\\/kaliszczasemmalowany.pl\\\/index.php\\\/2024\\\/jerzy-rubinski-kaliszanin-artysta-chormistrz-dyrygent-nauczyciel-profesor-dziekan\\\/#webpage\"},\"isPartOf\":{\"@id\":\"https:\\\/\\\/kaliszczasemmalowany.pl\\\/index.php\\\/2024\\\/jerzy-rubinski-kaliszanin-artysta-chormistrz-dyrygent-nauczyciel-profesor-dziekan\\\/#webpage\"},\"articleSection\":\"kaliszanie, O Kaliszu, wydarzenia, Kalisz, kaliszanie, muzyka, nauczyciel, Rubi\\u0144ski\"},{\"@type\":\"BreadcrumbList\",\"@id\":\"https:\\\/\\\/kaliszczasemmalowany.pl\\\/index.php\\\/2024\\\/jerzy-rubinski-kaliszanin-artysta-chormistrz-dyrygent-nauczyciel-profesor-dziekan\\\/#breadcrumblist\",\"itemListElement\":[{\"@type\":\"ListItem\",\"@id\":\"https:\\\/\\\/kaliszczasemmalowany.pl#listItem\",\"position\":1,\"name\":\"Strona g\\u0142\\u00f3wna\",\"item\":\"https:\\\/\\\/kaliszczasemmalowany.pl\",\"nextItem\":{\"@type\":\"ListItem\",\"@id\":\"https:\\\/\\\/kaliszczasemmalowany.pl\\\/index.php\\\/category\\\/o-kaliszu\\\/#listItem\",\"name\":\"O Kaliszu\"}},{\"@type\":\"ListItem\",\"@id\":\"https:\\\/\\\/kaliszczasemmalowany.pl\\\/index.php\\\/category\\\/o-kaliszu\\\/#listItem\",\"position\":2,\"name\":\"O Kaliszu\",\"item\":\"https:\\\/\\\/kaliszczasemmalowany.pl\\\/index.php\\\/category\\\/o-kaliszu\\\/\",\"nextItem\":{\"@type\":\"ListItem\",\"@id\":\"https:\\\/\\\/kaliszczasemmalowany.pl\\\/index.php\\\/2024\\\/jerzy-rubinski-kaliszanin-artysta-chormistrz-dyrygent-nauczyciel-profesor-dziekan\\\/#listItem\",\"name\":\"Jerzy Rubi\\u0144ski &#8211; kaliszanin, ch\\u00f3rmistrz, dyrygent, nauczyciel, profesor, dziekan\"},\"previousItem\":{\"@type\":\"ListItem\",\"@id\":\"https:\\\/\\\/kaliszczasemmalowany.pl#listItem\",\"name\":\"Strona g\\u0142\\u00f3wna\"}},{\"@type\":\"ListItem\",\"@id\":\"https:\\\/\\\/kaliszczasemmalowany.pl\\\/index.php\\\/2024\\\/jerzy-rubinski-kaliszanin-artysta-chormistrz-dyrygent-nauczyciel-profesor-dziekan\\\/#listItem\",\"position\":3,\"name\":\"Jerzy Rubi\\u0144ski &#8211; kaliszanin, ch\\u00f3rmistrz, dyrygent, nauczyciel, profesor, dziekan\",\"previousItem\":{\"@type\":\"ListItem\",\"@id\":\"https:\\\/\\\/kaliszczasemmalowany.pl\\\/index.php\\\/category\\\/o-kaliszu\\\/#listItem\",\"name\":\"O Kaliszu\"}}]},{\"@type\":\"Person\",\"@id\":\"https:\\\/\\\/kaliszczasemmalowany.pl\\\/#person\",\"name\":\"Pawe\\u0142 Liszewski\",\"image\":{\"@type\":\"ImageObject\",\"@id\":\"https:\\\/\\\/kaliszczasemmalowany.pl\\\/index.php\\\/2024\\\/jerzy-rubinski-kaliszanin-artysta-chormistrz-dyrygent-nauczyciel-profesor-dziekan\\\/#personImage\",\"url\":\"https:\\\/\\\/secure.gravatar.com\\\/avatar\\\/5a5afc29e8abe93f415ca15abf21395d6303ab000250220121432e5aab91966e?s=96&d=mm&r=g\",\"width\":96,\"height\":96,\"caption\":\"Pawe\\u0142 Liszewski\"}},{\"@type\":\"Person\",\"@id\":\"https:\\\/\\\/kaliszczasemmalowany.pl\\\/index.php\\\/author\\\/krysia\\\/#author\",\"url\":\"https:\\\/\\\/kaliszczasemmalowany.pl\\\/index.php\\\/author\\\/krysia\\\/\",\"name\":\"PiK\",\"image\":{\"@type\":\"ImageObject\",\"url\":\"https:\\\/\\\/secure.gravatar.com\\\/avatar\\\/a01eefe17b2143fe4c87c80742bc7ae8a193169eeebde9de8373aab5f31e2654?s=96&d=mm&r=g\"}},{\"@type\":\"WebPage\",\"@id\":\"https:\\\/\\\/kaliszczasemmalowany.pl\\\/index.php\\\/2024\\\/jerzy-rubinski-kaliszanin-artysta-chormistrz-dyrygent-nauczyciel-profesor-dziekan\\\/#webpage\",\"url\":\"https:\\\/\\\/kaliszczasemmalowany.pl\\\/index.php\\\/2024\\\/jerzy-rubinski-kaliszanin-artysta-chormistrz-dyrygent-nauczyciel-profesor-dziekan\\\/\",\"name\":\"Jerzy Rubi\\u0144ski kaliszanin, ch\\u00f3rmistrz, dyrygent, nauczyciel\",\"description\":\"Profesor Jerzy Rubi\\u0144ski zmar\\u0142 18 wrze\\u015bnia 2007 roku w wieku 63 lat.Pochowany na cmentarzu Tynieckim w Kaliszu - Fotoblog subiektywny\",\"inLanguage\":\"pl-PL\",\"isPartOf\":{\"@id\":\"https:\\\/\\\/kaliszczasemmalowany.pl\\\/#website\"},\"breadcrumb\":{\"@id\":\"https:\\\/\\\/kaliszczasemmalowany.pl\\\/index.php\\\/2024\\\/jerzy-rubinski-kaliszanin-artysta-chormistrz-dyrygent-nauczyciel-profesor-dziekan\\\/#breadcrumblist\"},\"author\":{\"@id\":\"https:\\\/\\\/kaliszczasemmalowany.pl\\\/index.php\\\/author\\\/krysia\\\/#author\"},\"creator\":{\"@id\":\"https:\\\/\\\/kaliszczasemmalowany.pl\\\/index.php\\\/author\\\/krysia\\\/#author\"},\"image\":{\"@type\":\"ImageObject\",\"url\":\"https:\\\/\\\/kaliszczasemmalowany.pl\\\/wp-content\\\/uploads\\\/2024\\\/05\\\/Rubinski.jpg\",\"@id\":\"https:\\\/\\\/kaliszczasemmalowany.pl\\\/index.php\\\/2024\\\/jerzy-rubinski-kaliszanin-artysta-chormistrz-dyrygent-nauczyciel-profesor-dziekan\\\/#mainImage\",\"width\":600,\"height\":450,\"caption\":\"Jerzy Rubi\\u0144ski\"},\"primaryImageOfPage\":{\"@id\":\"https:\\\/\\\/kaliszczasemmalowany.pl\\\/index.php\\\/2024\\\/jerzy-rubinski-kaliszanin-artysta-chormistrz-dyrygent-nauczyciel-profesor-dziekan\\\/#mainImage\"},\"datePublished\":\"2024-05-26T08:42:48+02:00\",\"dateModified\":\"2024-05-26T09:47:00+02:00\"},{\"@type\":\"WebSite\",\"@id\":\"https:\\\/\\\/kaliszczasemmalowany.pl\\\/#website\",\"url\":\"https:\\\/\\\/kaliszczasemmalowany.pl\\\/\",\"name\":\"Kalisz Czasem Malowany\",\"description\":\"Fotoblog subiektywny\",\"inLanguage\":\"pl-PL\",\"publisher\":{\"@id\":\"https:\\\/\\\/kaliszczasemmalowany.pl\\\/#person\"}}]}\n\t\t<\/script>\n\t\t<!-- All in One SEO Pro -->\r\n\t\t<title>Jerzy Rubi\u0144ski kaliszanin, ch\u00f3rmistrz, dyrygent, nauczyciel<\/title>\n\n","aioseo_head_json":{"title":"Jerzy Rubi\u0144ski kaliszanin, ch\u00f3rmistrz, dyrygent, nauczyciel","description":"Profesor Jerzy Rubi\u0144ski zmar\u0142 18 wrze\u015bnia 2007 roku w wieku 63 lat.Pochowany na cmentarzu Tynieckim w Kaliszu - Fotoblog subiektywny","canonical_url":"https:\/\/kaliszczasemmalowany.pl\/index.php\/2024\/jerzy-rubinski-kaliszanin-artysta-chormistrz-dyrygent-nauczyciel-profesor-dziekan\/","robots":"max-image-preview:large","keywords":"kalisz,kaliszanie,muzyka,nauczyciel,rubi\u0144ski,o kaliszu,wydarzenia","webmasterTools":{"miscellaneous":""},"schema":{"@context":"https:\/\/schema.org","@graph":[{"@type":"BlogPosting","@id":"https:\/\/kaliszczasemmalowany.pl\/index.php\/2024\/jerzy-rubinski-kaliszanin-artysta-chormistrz-dyrygent-nauczyciel-profesor-dziekan\/#blogposting","name":"Jerzy Rubi\u0144ski kaliszanin, ch\u00f3rmistrz, dyrygent, nauczyciel","headline":"Jerzy Rubi\u0144ski &#8211; kaliszanin, ch\u00f3rmistrz, dyrygent, nauczyciel, profesor, dziekan","author":{"@id":"https:\/\/kaliszczasemmalowany.pl\/index.php\/author\/krysia\/#author"},"publisher":{"@id":"https:\/\/kaliszczasemmalowany.pl\/#person"},"image":{"@type":"ImageObject","url":"https:\/\/kaliszczasemmalowany.pl\/wp-content\/uploads\/2024\/05\/Rubinski.jpg","width":600,"height":450,"caption":"Jerzy Rubi\u0144ski"},"datePublished":"2024-05-26T08:42:48+02:00","dateModified":"2024-05-26T09:47:00+02:00","inLanguage":"pl-PL","commentCount":1,"mainEntityOfPage":{"@id":"https:\/\/kaliszczasemmalowany.pl\/index.php\/2024\/jerzy-rubinski-kaliszanin-artysta-chormistrz-dyrygent-nauczyciel-profesor-dziekan\/#webpage"},"isPartOf":{"@id":"https:\/\/kaliszczasemmalowany.pl\/index.php\/2024\/jerzy-rubinski-kaliszanin-artysta-chormistrz-dyrygent-nauczyciel-profesor-dziekan\/#webpage"},"articleSection":"kaliszanie, O Kaliszu, wydarzenia, Kalisz, kaliszanie, muzyka, nauczyciel, Rubi\u0144ski"},{"@type":"BreadcrumbList","@id":"https:\/\/kaliszczasemmalowany.pl\/index.php\/2024\/jerzy-rubinski-kaliszanin-artysta-chormistrz-dyrygent-nauczyciel-profesor-dziekan\/#breadcrumblist","itemListElement":[{"@type":"ListItem","@id":"https:\/\/kaliszczasemmalowany.pl#listItem","position":1,"name":"Strona g\u0142\u00f3wna","item":"https:\/\/kaliszczasemmalowany.pl","nextItem":{"@type":"ListItem","@id":"https:\/\/kaliszczasemmalowany.pl\/index.php\/category\/o-kaliszu\/#listItem","name":"O Kaliszu"}},{"@type":"ListItem","@id":"https:\/\/kaliszczasemmalowany.pl\/index.php\/category\/o-kaliszu\/#listItem","position":2,"name":"O Kaliszu","item":"https:\/\/kaliszczasemmalowany.pl\/index.php\/category\/o-kaliszu\/","nextItem":{"@type":"ListItem","@id":"https:\/\/kaliszczasemmalowany.pl\/index.php\/2024\/jerzy-rubinski-kaliszanin-artysta-chormistrz-dyrygent-nauczyciel-profesor-dziekan\/#listItem","name":"Jerzy Rubi\u0144ski &#8211; kaliszanin, ch\u00f3rmistrz, dyrygent, nauczyciel, profesor, dziekan"},"previousItem":{"@type":"ListItem","@id":"https:\/\/kaliszczasemmalowany.pl#listItem","name":"Strona g\u0142\u00f3wna"}},{"@type":"ListItem","@id":"https:\/\/kaliszczasemmalowany.pl\/index.php\/2024\/jerzy-rubinski-kaliszanin-artysta-chormistrz-dyrygent-nauczyciel-profesor-dziekan\/#listItem","position":3,"name":"Jerzy Rubi\u0144ski &#8211; kaliszanin, ch\u00f3rmistrz, dyrygent, nauczyciel, profesor, dziekan","previousItem":{"@type":"ListItem","@id":"https:\/\/kaliszczasemmalowany.pl\/index.php\/category\/o-kaliszu\/#listItem","name":"O Kaliszu"}}]},{"@type":"Person","@id":"https:\/\/kaliszczasemmalowany.pl\/#person","name":"Pawe\u0142 Liszewski","image":{"@type":"ImageObject","@id":"https:\/\/kaliszczasemmalowany.pl\/index.php\/2024\/jerzy-rubinski-kaliszanin-artysta-chormistrz-dyrygent-nauczyciel-profesor-dziekan\/#personImage","url":"https:\/\/secure.gravatar.com\/avatar\/5a5afc29e8abe93f415ca15abf21395d6303ab000250220121432e5aab91966e?s=96&d=mm&r=g","width":96,"height":96,"caption":"Pawe\u0142 Liszewski"}},{"@type":"Person","@id":"https:\/\/kaliszczasemmalowany.pl\/index.php\/author\/krysia\/#author","url":"https:\/\/kaliszczasemmalowany.pl\/index.php\/author\/krysia\/","name":"PiK","image":{"@type":"ImageObject","url":"https:\/\/secure.gravatar.com\/avatar\/a01eefe17b2143fe4c87c80742bc7ae8a193169eeebde9de8373aab5f31e2654?s=96&d=mm&r=g"}},{"@type":"WebPage","@id":"https:\/\/kaliszczasemmalowany.pl\/index.php\/2024\/jerzy-rubinski-kaliszanin-artysta-chormistrz-dyrygent-nauczyciel-profesor-dziekan\/#webpage","url":"https:\/\/kaliszczasemmalowany.pl\/index.php\/2024\/jerzy-rubinski-kaliszanin-artysta-chormistrz-dyrygent-nauczyciel-profesor-dziekan\/","name":"Jerzy Rubi\u0144ski kaliszanin, ch\u00f3rmistrz, dyrygent, nauczyciel","description":"Profesor Jerzy Rubi\u0144ski zmar\u0142 18 wrze\u015bnia 2007 roku w wieku 63 lat.Pochowany na cmentarzu Tynieckim w Kaliszu - Fotoblog subiektywny","inLanguage":"pl-PL","isPartOf":{"@id":"https:\/\/kaliszczasemmalowany.pl\/#website"},"breadcrumb":{"@id":"https:\/\/kaliszczasemmalowany.pl\/index.php\/2024\/jerzy-rubinski-kaliszanin-artysta-chormistrz-dyrygent-nauczyciel-profesor-dziekan\/#breadcrumblist"},"author":{"@id":"https:\/\/kaliszczasemmalowany.pl\/index.php\/author\/krysia\/#author"},"creator":{"@id":"https:\/\/kaliszczasemmalowany.pl\/index.php\/author\/krysia\/#author"},"image":{"@type":"ImageObject","url":"https:\/\/kaliszczasemmalowany.pl\/wp-content\/uploads\/2024\/05\/Rubinski.jpg","@id":"https:\/\/kaliszczasemmalowany.pl\/index.php\/2024\/jerzy-rubinski-kaliszanin-artysta-chormistrz-dyrygent-nauczyciel-profesor-dziekan\/#mainImage","width":600,"height":450,"caption":"Jerzy Rubi\u0144ski"},"primaryImageOfPage":{"@id":"https:\/\/kaliszczasemmalowany.pl\/index.php\/2024\/jerzy-rubinski-kaliszanin-artysta-chormistrz-dyrygent-nauczyciel-profesor-dziekan\/#mainImage"},"datePublished":"2024-05-26T08:42:48+02:00","dateModified":"2024-05-26T09:47:00+02:00"},{"@type":"WebSite","@id":"https:\/\/kaliszczasemmalowany.pl\/#website","url":"https:\/\/kaliszczasemmalowany.pl\/","name":"Kalisz Czasem Malowany","description":"Fotoblog subiektywny","inLanguage":"pl-PL","publisher":{"@id":"https:\/\/kaliszczasemmalowany.pl\/#person"}}]},"og:locale":"pl_PL","og:site_name":"Kalisz Czasem Malowany - Fotoblog subiektywny","og:type":"activity","og:title":"Jerzy Rubi\u0144ski kaliszanin, ch\u00f3rmistrz, dyrygent, nauczyciel","og:description":"Profesor Jerzy Rubi\u0144ski zmar\u0142 18 wrze\u015bnia 2007 roku w wieku 63 lat.Pochowany na cmentarzu Tynieckim w Kaliszu - Fotoblog subiektywny","og:url":"https:\/\/kaliszczasemmalowany.pl\/index.php\/2024\/jerzy-rubinski-kaliszanin-artysta-chormistrz-dyrygent-nauczyciel-profesor-dziekan\/","fb:app_id":"1247192616682170","fb:admins":"100003136013596,100070523616841,100004477359982","og:image":"https:\/\/kaliszczasemmalowany.pl\/wp-content\/uploads\/2024\/05\/Rubinski.jpg","og:image:secure_url":"https:\/\/kaliszczasemmalowany.pl\/wp-content\/uploads\/2024\/05\/Rubinski.jpg","og:image:width":600,"og:image:height":450,"twitter:card":"summary_large_image","twitter:site":"@pik1982dil","twitter:title":"Jerzy Rubi\u0144ski kaliszanin, ch\u00f3rmistrz, dyrygent, nauczyciel","twitter:description":"Profesor Jerzy Rubi\u0144ski zmar\u0142 18 wrze\u015bnia 2007 roku w wieku 63 lat.Pochowany na cmentarzu Tynieckim w Kaliszu - Fotoblog subiektywny","twitter:creator":"@pik1982dil","twitter:image":"https:\/\/kaliszczasemmalowany.pl\/wp-content\/uploads\/2024\/05\/Rubinski.jpg","twitter:label1":"Autor","twitter:data1":"PiK","twitter:label2":"Szac. czas czytania","twitter:data2":"2 minuty"},"aioseo_meta_data":{"post_id":"42509","title":"Jerzy Rubi\u0144ski kaliszanin, ch\u00f3rmistrz, dyrygent, nauczyciel","description":"#post_excerpt #separator_sa #tagline","keywords":null,"keyphrases":{"focus":{"keyphrase":"Rubi\u0144ski","score":100,"analysis":{"keyphraseInTitle":{"score":9,"maxScore":9,"error":0},"keyphraseInDescription":{"score":9,"maxScore":9,"error":0},"keyphraseLength":{"score":9,"maxScore":9,"error":0,"length":2},"keyphraseInURL":{"score":5,"maxScore":5,"error":0},"keyphraseInIntroduction":{"score":9,"maxScore":9,"error":0},"keyphraseInSubHeadings":[],"keyphraseInImageAlt":{"score":9,"maxScore":9,"error":0},"keywordDensity":{"type":"best","score":9,"maxScore":9,"error":0}}},"additional":[]},"primary_term":null,"canonical_url":null,"og_title":null,"og_description":null,"og_object_type":"default","og_image_type":"default","og_image_url":null,"og_image_width":null,"og_image_height":null,"og_image_custom_url":null,"og_image_custom_fields":null,"og_video":"","og_custom_url":null,"og_article_section":null,"og_article_tags":null,"twitter_use_og":true,"twitter_card":"default","twitter_image_type":"default","twitter_image_url":null,"twitter_image_custom_url":null,"twitter_image_custom_fields":null,"twitter_title":null,"twitter_description":null,"schema":{"blockGraphs":[],"customGraphs":[],"default":{"data":{"Article":[],"Course":[],"Dataset":[],"FAQPage":[],"Movie":[],"Person":[],"Product":[],"ProductReview":[],"Car":[],"Recipe":[],"Service":[],"SoftwareApplication":[],"WebPage":[]},"graphName":"BlogPosting","isEnabled":true},"graphs":[]},"schema_type":"default","schema_type_options":null,"pillar_content":false,"robots_default":true,"robots_noindex":false,"robots_noarchive":false,"robots_nosnippet":false,"robots_nofollow":false,"robots_noimageindex":false,"robots_noodp":false,"robots_notranslate":false,"robots_max_snippet":"-1","robots_max_videopreview":"-1","robots_max_imagepreview":"large","priority":null,"frequency":"default","local_seo":null,"seo_analyzer_scan_date":"2025-11-28 14:31:43","breadcrumb_settings":null,"limit_modified_date":false,"reviewed_by":null,"open_ai":"{\"title\":{\"suggestions\":[],\"usage\":0},\"description\":{\"suggestions\":[],\"usage\":0}}","ai":null,"created":"2023-08-16 18:22:00","updated":"2025-11-28 14:31:43"},"aioseo_breadcrumb":"<div class=\"aioseo-breadcrumbs\"><span class=\"aioseo-breadcrumb\">\n\t<a href=\"https:\/\/kaliszczasemmalowany.pl\" title=\"Strona g\u0142\u00f3wna\">Strona g\u0142\u00f3wna<\/a>\n<\/span><span class=\"aioseo-breadcrumb-separator\">\u00bb<\/span><span class=\"aioseo-breadcrumb\">\n\t<a href=\"https:\/\/kaliszczasemmalowany.pl\/index.php\/category\/o-kaliszu\/\" title=\"O Kaliszu\">O Kaliszu<\/a>\n<\/span><span class=\"aioseo-breadcrumb-separator\">\u00bb<\/span><span class=\"aioseo-breadcrumb\">\n\tJerzy Rubi\u0144ski \u2013 kaliszanin, ch\u00f3rmistrz, dyrygent, nauczyciel, profesor, dziekan\n<\/span><\/div>","aioseo_breadcrumb_json":[{"label":"Strona g\u0142\u00f3wna","link":"https:\/\/kaliszczasemmalowany.pl"},{"label":"O Kaliszu","link":"https:\/\/kaliszczasemmalowany.pl\/index.php\/category\/o-kaliszu\/"},{"label":"Jerzy Rubi\u0144ski &#8211; kaliszanin, ch\u00f3rmistrz, dyrygent, nauczyciel, profesor, dziekan","link":"https:\/\/kaliszczasemmalowany.pl\/index.php\/2024\/jerzy-rubinski-kaliszanin-artysta-chormistrz-dyrygent-nauczyciel-profesor-dziekan\/"}],"acf":[],"_links":{"self":[{"href":"https:\/\/kaliszczasemmalowany.pl\/index.php\/wp-json\/wp\/v2\/posts\/42509","targetHints":{"allow":["GET"]}}],"collection":[{"href":"https:\/\/kaliszczasemmalowany.pl\/index.php\/wp-json\/wp\/v2\/posts"}],"about":[{"href":"https:\/\/kaliszczasemmalowany.pl\/index.php\/wp-json\/wp\/v2\/types\/post"}],"author":[{"embeddable":true,"href":"https:\/\/kaliszczasemmalowany.pl\/index.php\/wp-json\/wp\/v2\/users\/2"}],"replies":[{"embeddable":true,"href":"https:\/\/kaliszczasemmalowany.pl\/index.php\/wp-json\/wp\/v2\/comments?post=42509"}],"version-history":[{"count":17,"href":"https:\/\/kaliszczasemmalowany.pl\/index.php\/wp-json\/wp\/v2\/posts\/42509\/revisions"}],"predecessor-version":[{"id":45469,"href":"https:\/\/kaliszczasemmalowany.pl\/index.php\/wp-json\/wp\/v2\/posts\/42509\/revisions\/45469"}],"wp:featuredmedia":[{"embeddable":true,"href":"https:\/\/kaliszczasemmalowany.pl\/index.php\/wp-json\/wp\/v2\/media\/45462"}],"wp:attachment":[{"href":"https:\/\/kaliszczasemmalowany.pl\/index.php\/wp-json\/wp\/v2\/media?parent=42509"}],"wp:term":[{"taxonomy":"category","embeddable":true,"href":"https:\/\/kaliszczasemmalowany.pl\/index.php\/wp-json\/wp\/v2\/categories?post=42509"},{"taxonomy":"post_tag","embeddable":true,"href":"https:\/\/kaliszczasemmalowany.pl\/index.php\/wp-json\/wp\/v2\/tags?post=42509"}],"curies":[{"name":"wp","href":"https:\/\/api.w.org\/{rel}","templated":true}]}}