{"id":42202,"date":"2021-08-29T10:19:30","date_gmt":"2021-08-29T09:19:30","guid":{"rendered":"http:\/\/kaliszczasemmalowany.pl\/?p=42202"},"modified":"2023-10-07T14:29:08","modified_gmt":"2023-10-07T12:29:08","slug":"na-zydowskiej-gorce-teren-cmentarza-zniszczonego-przez-niemcow-w-czasie-ii-wojny-swiatowej-zabudowany-w-latach-70-xx-wieku","status":"publish","type":"post","link":"https:\/\/kaliszczasemmalowany.pl\/index.php\/2021\/na-zydowskiej-gorce-teren-cmentarza-zniszczonego-przez-niemcow-w-czasie-ii-wojny-swiatowej-zabudowany-w-latach-70-xx-wieku\/","title":{"rendered":"Co si\u0119 dzieje na starym cmentarzu \u017cydowskim? Zniszczono ogrodzenie od strony ulicy Nowy \u015awiat, wyci\u0119to wiele zdrowych drzew i krzew\u00f3w"},"content":{"rendered":"<p>&nbsp;<\/p>\n<p><strong><span style=\"font-size: 8pt;\">Na \u017bydowskiej G\u00f3rce &#8211; teren cmentarza zniszczonego przez Niemc\u00f3w w czasie II Wojny \u015awiatowej, zabudowany w latach 70. XX wieku.<br \/>\n<\/span><\/strong><span style=\"font-size: 8pt;\">Stary cmentarz \u017cydowski w Kaliszu powsta\u0142 pomi\u0119dzy 1285 a 1287 r., przy zbiegu obecnych ulic Nowy \u015awiat, Handlowa i Skalmierzyck\u0105. <\/span><img fetchpriority=\"high\" decoding=\"async\" class=\"alignnone wp-image-42195 size-large\" src=\"https:\/\/kaliszczasemmalowany.pl\/wp-content\/uploads\/2021\/08\/DSC_0179-1024x683.jpg\" alt=\"Na \u017bydowskiej G\u00f3rce\" width=\"960\" height=\"640\" srcset=\"https:\/\/kaliszczasemmalowany.pl\/wp-content\/uploads\/2021\/08\/DSC_0179-1024x683.jpg 1024w, https:\/\/kaliszczasemmalowany.pl\/wp-content\/uploads\/2021\/08\/DSC_0179-300x200.jpg 300w, https:\/\/kaliszczasemmalowany.pl\/wp-content\/uploads\/2021\/08\/DSC_0179-768x512.jpg 768w, https:\/\/kaliszczasemmalowany.pl\/wp-content\/uploads\/2021\/08\/DSC_0179-1536x1024.jpg 1536w, https:\/\/kaliszczasemmalowany.pl\/wp-content\/uploads\/2021\/08\/DSC_0179-2048x1365.jpg 2048w, https:\/\/kaliszczasemmalowany.pl\/wp-content\/uploads\/2021\/08\/DSC_0179-1200x800.jpg 1200w\" sizes=\"(max-width: 960px) 100vw, 960px\" \/><\/p>\n<p><!--more--><span style=\"font-size: 8.0pt;\">Cmentarz pe\u0142ni\u0142 funkcje grzebalne nieprzerwanie a\u017c do czas\u00f3w II wojny \u015bwiatowej. Nale\u017ca\u0142 do najstarszych nekropolii \u017cydowskich na ziemiach polskich.<br \/>\n<\/span><span style=\"font-size: 8.0pt;\">Zosta\u0142 zniszczony\u00a0w okresie okupacji niemieckiej podczas II wojny \u015bwiatowej. W latach\u00a0czterdziestych XX w. Niemcy r\u0119koma angielskich je\u0144c\u00f3w usun\u0119li licz\u0105ce setki lat macewy. Cze\u015b\u0107 z nich wykorzystali do wy\u0142o\u017cenia skarpy rzecznej Kana\u0142u Rypinkowskiego na odcinku od Mostu Reformackiego do kina \u201eApollo\u201d. Inne pot\u0142ukli, a nast\u0119pnie u\u017cyli ich\u00a0do utwardzenia ulic \u2013 np. obecnej ul. Ko\u015bciuszki.<br \/>\n<\/span><span style=\"font-size: 8.0pt;\">W latach 60. XX w. na cz\u0119\u015bci terenu zajmowanego przed wojn\u0105 przez cmentarz powsta\u0142o osiedle mieszkaniowe, stacja Pogotowia Ratunkowego oraz O\u015brodek Szkolno-Wychowawczy dla m\u0142odzie\u017cy niepe\u0142nosprawnej. <\/span><img decoding=\"async\" class=\"alignnone wp-image-42196 size-large\" src=\"https:\/\/kaliszczasemmalowany.pl\/wp-content\/uploads\/2021\/08\/DSC_0187-1024x683.jpg\" alt=\"Na \u017bydowskiej G\u00f3rce\" width=\"960\" height=\"640\" srcset=\"https:\/\/kaliszczasemmalowany.pl\/wp-content\/uploads\/2021\/08\/DSC_0187-1024x683.jpg 1024w, https:\/\/kaliszczasemmalowany.pl\/wp-content\/uploads\/2021\/08\/DSC_0187-300x200.jpg 300w, https:\/\/kaliszczasemmalowany.pl\/wp-content\/uploads\/2021\/08\/DSC_0187-768x512.jpg 768w, https:\/\/kaliszczasemmalowany.pl\/wp-content\/uploads\/2021\/08\/DSC_0187-1536x1024.jpg 1536w, https:\/\/kaliszczasemmalowany.pl\/wp-content\/uploads\/2021\/08\/DSC_0187-2048x1365.jpg 2048w, https:\/\/kaliszczasemmalowany.pl\/wp-content\/uploads\/2021\/08\/DSC_0187-1200x800.jpg 1200w\" sizes=\"(max-width: 960px) 100vw, 960px\" \/><\/p>\n<p><img decoding=\"async\" class=\"alignnone wp-image-42198 size-large\" src=\"https:\/\/kaliszczasemmalowany.pl\/wp-content\/uploads\/2021\/08\/DSC_0197-1024x683.jpg\" alt=\"Na \u017bydowskiej G\u00f3rce\" width=\"960\" height=\"640\" srcset=\"https:\/\/kaliszczasemmalowany.pl\/wp-content\/uploads\/2021\/08\/DSC_0197-1024x683.jpg 1024w, https:\/\/kaliszczasemmalowany.pl\/wp-content\/uploads\/2021\/08\/DSC_0197-300x200.jpg 300w, https:\/\/kaliszczasemmalowany.pl\/wp-content\/uploads\/2021\/08\/DSC_0197-768x512.jpg 768w, https:\/\/kaliszczasemmalowany.pl\/wp-content\/uploads\/2021\/08\/DSC_0197-1536x1024.jpg 1536w, https:\/\/kaliszczasemmalowany.pl\/wp-content\/uploads\/2021\/08\/DSC_0197-2048x1365.jpg 2048w, https:\/\/kaliszczasemmalowany.pl\/wp-content\/uploads\/2021\/08\/DSC_0197-1200x800.jpg 1200w\" sizes=\"(max-width: 960px) 100vw, 960px\" \/><\/p>\n<p><img loading=\"lazy\" decoding=\"async\" class=\"alignnone wp-image-42197 size-large\" src=\"https:\/\/kaliszczasemmalowany.pl\/wp-content\/uploads\/2021\/08\/DSC_0192-1024x683.jpg\" alt=\"Na \u017bydowskiej G\u00f3rce\" width=\"960\" height=\"640\" srcset=\"https:\/\/kaliszczasemmalowany.pl\/wp-content\/uploads\/2021\/08\/DSC_0192-1024x683.jpg 1024w, https:\/\/kaliszczasemmalowany.pl\/wp-content\/uploads\/2021\/08\/DSC_0192-300x200.jpg 300w, https:\/\/kaliszczasemmalowany.pl\/wp-content\/uploads\/2021\/08\/DSC_0192-768x512.jpg 768w, https:\/\/kaliszczasemmalowany.pl\/wp-content\/uploads\/2021\/08\/DSC_0192-1536x1024.jpg 1536w, https:\/\/kaliszczasemmalowany.pl\/wp-content\/uploads\/2021\/08\/DSC_0192-2048x1365.jpg 2048w, https:\/\/kaliszczasemmalowany.pl\/wp-content\/uploads\/2021\/08\/DSC_0192-1200x800.jpg 1200w\" sizes=\"(max-width: 960px) 100vw, 960px\" \/><\/p>\n<p><img loading=\"lazy\" decoding=\"async\" class=\"alignnone wp-image-42199 size-large\" src=\"https:\/\/kaliszczasemmalowany.pl\/wp-content\/uploads\/2021\/08\/DSC_0200-1024x683.jpg\" alt=\"Na \u017bydowskiej G\u00f3rce\" width=\"960\" height=\"640\" srcset=\"https:\/\/kaliszczasemmalowany.pl\/wp-content\/uploads\/2021\/08\/DSC_0200-1024x683.jpg 1024w, https:\/\/kaliszczasemmalowany.pl\/wp-content\/uploads\/2021\/08\/DSC_0200-300x200.jpg 300w, https:\/\/kaliszczasemmalowany.pl\/wp-content\/uploads\/2021\/08\/DSC_0200-768x512.jpg 768w, https:\/\/kaliszczasemmalowany.pl\/wp-content\/uploads\/2021\/08\/DSC_0200-1536x1024.jpg 1536w, https:\/\/kaliszczasemmalowany.pl\/wp-content\/uploads\/2021\/08\/DSC_0200-2048x1365.jpg 2048w, https:\/\/kaliszczasemmalowany.pl\/wp-content\/uploads\/2021\/08\/DSC_0200-1200x800.jpg 1200w\" sizes=\"(max-width: 960px) 100vw, 960px\" \/><span style=\"font-size: 8.0pt;\">Boisko szkolne zamkni\u0119tego o\u015brodka szkolno-wychowawczego \u00a0 u zbiegu ulic Skalmierzyckiej i Nowego \u015awiatu<\/span><\/p>\n<p><img loading=\"lazy\" decoding=\"async\" class=\"alignnone wp-image-42200 size-large\" src=\"https:\/\/kaliszczasemmalowany.pl\/wp-content\/uploads\/2021\/08\/DSC_0199-1024x683.jpg\" alt=\"Na \u017bydowskiej G\u00f3rce\" width=\"960\" height=\"640\" srcset=\"https:\/\/kaliszczasemmalowany.pl\/wp-content\/uploads\/2021\/08\/DSC_0199-1024x683.jpg 1024w, https:\/\/kaliszczasemmalowany.pl\/wp-content\/uploads\/2021\/08\/DSC_0199-300x200.jpg 300w, https:\/\/kaliszczasemmalowany.pl\/wp-content\/uploads\/2021\/08\/DSC_0199-768x512.jpg 768w, https:\/\/kaliszczasemmalowany.pl\/wp-content\/uploads\/2021\/08\/DSC_0199-1536x1024.jpg 1536w, https:\/\/kaliszczasemmalowany.pl\/wp-content\/uploads\/2021\/08\/DSC_0199-2048x1365.jpg 2048w, https:\/\/kaliszczasemmalowany.pl\/wp-content\/uploads\/2021\/08\/DSC_0199-1200x800.jpg 1200w\" sizes=\"(max-width: 960px) 100vw, 960px\" \/><\/p>\n<p><img loading=\"lazy\" decoding=\"async\" class=\"alignnone wp-image-42201 size-large\" src=\"https:\/\/kaliszczasemmalowany.pl\/wp-content\/uploads\/2021\/08\/DSC_0202-1024x683.jpg\" alt=\"Na \u017bydowskiej G\u00f3rce\" width=\"960\" height=\"640\" srcset=\"https:\/\/kaliszczasemmalowany.pl\/wp-content\/uploads\/2021\/08\/DSC_0202-1024x683.jpg 1024w, https:\/\/kaliszczasemmalowany.pl\/wp-content\/uploads\/2021\/08\/DSC_0202-300x200.jpg 300w, https:\/\/kaliszczasemmalowany.pl\/wp-content\/uploads\/2021\/08\/DSC_0202-768x512.jpg 768w, https:\/\/kaliszczasemmalowany.pl\/wp-content\/uploads\/2021\/08\/DSC_0202-1536x1024.jpg 1536w, https:\/\/kaliszczasemmalowany.pl\/wp-content\/uploads\/2021\/08\/DSC_0202-2048x1365.jpg 2048w, https:\/\/kaliszczasemmalowany.pl\/wp-content\/uploads\/2021\/08\/DSC_0202-1200x800.jpg 1200w\" sizes=\"(max-width: 960px) 100vw, 960px\" \/><\/p>\n","protected":false},"excerpt":{"rendered":"<p>&nbsp; Na &#379;ydowskiej G&oacute;rce &ndash; teren cmentarza zniszczonego przez Niemc&oacute;w w czasie II Wojny &#346;wiatowej, zabudowany w latach 70. XX wieku. Stary cmentarz &#380;ydowski w Kaliszu powsta&#322; pomi&#281;dzy 1285 a 1287 r., przy zbiegu obecnych ulic Nowy &#346;wiat, Handlowa i Skalmierzyck&#261;.<\/p>\n","protected":false},"author":2,"featured_media":42199,"comment_status":"open","ping_status":"open","sticky":false,"template":"","format":"gallery","meta":{"_monsterinsights_skip_tracking":false,"_monsterinsights_sitenote_active":false,"_monsterinsights_sitenote_note":"","_monsterinsights_sitenote_category":0,"footnotes":""},"categories":[4,2,6],"tags":[26,152,309,13,211,308,452,20],"class_list":["post-42202","post","type-post","status-publish","format-gallery","has-post-thumbnail","hentry","category-cmentarze","category-o-kaliszu","category-ulice-kamienice-podworka","tag-cmentarz","tag-cmentarze","tag-handlowa","tag-kalisz","tag-nowy-swiat","tag-skalmierzycka","tag-stary-cmentarz-zydowski","tag-zydzi","post_format-post-format-gallery"],"aioseo_notices":[],"aioseo_head":"\n\t\t<!-- All in One SEO Pro 4.9.0 - aioseo.com -->\n\t<meta name=\"description\" content=\"Co si\u0119 dzieje na starym cmentarzu \u017cydowskim? Zniszczono ogrodzenie od strony ulicy Nowy \u015awiat, wyci\u0119to wiele zdrowych drzew i krzew\u00f3w\" \/>\n\t<meta name=\"robots\" content=\"max-image-preview:large\" \/>\n\t<meta name=\"author\" content=\"PiK\"\/>\n\t<meta name=\"keywords\" content=\"cmentarz,cmentarze,handlowa,kalisz,nowy \u015bwiat,skalmierzycka,stary cmentarz \u017cydowski,\u017cydzi,o kaliszu,ulice, kamienice, podw\u00f3rka\" \/>\n\t<link rel=\"canonical\" href=\"https:\/\/kaliszczasemmalowany.pl\/index.php\/2021\/na-zydowskiej-gorce-teren-cmentarza-zniszczonego-przez-niemcow-w-czasie-ii-wojny-swiatowej-zabudowany-w-latach-70-xx-wieku\/\" \/>\n\t<meta name=\"generator\" content=\"All in One SEO Pro (AIOSEO) 4.9.0\" \/>\n\t\t<meta property=\"og:locale\" content=\"pl_PL\" \/>\n\t\t<meta property=\"og:site_name\" content=\"Kalisz Czasem Malowany - Fotoblog subiektywny\" \/>\n\t\t<meta property=\"og:type\" content=\"activity\" \/>\n\t\t<meta property=\"og:title\" content=\"Na \u017bydowskiej G\u00f3rce Stary Cmentarz \u017bydowski\" \/>\n\t\t<meta property=\"og:description\" content=\"Co si\u0119 dzieje na starym cmentarzu \u017cydowskim? Zniszczono ogrodzenie od strony ulicy Nowy \u015awiat, wyci\u0119to wiele zdrowych drzew i krzew\u00f3w\" \/>\n\t\t<meta property=\"og:url\" content=\"https:\/\/kaliszczasemmalowany.pl\/index.php\/2021\/na-zydowskiej-gorce-teren-cmentarza-zniszczonego-przez-niemcow-w-czasie-ii-wojny-swiatowej-zabudowany-w-latach-70-xx-wieku\/\" \/>\n\t\t<meta property=\"fb:app_id\" content=\"1247192616682170\" \/>\n\t\t<meta property=\"fb:admins\" content=\"100003136013596,100070523616841,100004477359982\" \/>\n\t\t<meta property=\"og:image\" content=\"https:\/\/kaliszczasemmalowany.pl\/wp-content\/uploads\/2021\/08\/DSC_0200-scaled.jpg\" \/>\n\t\t<meta property=\"og:image:secure_url\" content=\"https:\/\/kaliszczasemmalowany.pl\/wp-content\/uploads\/2021\/08\/DSC_0200-scaled.jpg\" \/>\n\t\t<meta property=\"og:image:width\" content=\"2560\" \/>\n\t\t<meta property=\"og:image:height\" content=\"1707\" \/>\n\t\t<meta name=\"twitter:card\" content=\"summary_large_image\" \/>\n\t\t<meta name=\"twitter:site\" content=\"@pik1982dil\" \/>\n\t\t<meta name=\"twitter:title\" content=\"Na \u017bydowskiej G\u00f3rce Stary Cmentarz \u017bydowski\" \/>\n\t\t<meta name=\"twitter:description\" content=\"Co si\u0119 dzieje na starym cmentarzu \u017cydowskim? Zniszczono ogrodzenie od strony ulicy Nowy \u015awiat, wyci\u0119to wiele zdrowych drzew i krzew\u00f3w\" \/>\n\t\t<meta name=\"twitter:creator\" content=\"@pik1982dil\" \/>\n\t\t<meta name=\"twitter:image\" content=\"https:\/\/kaliszczasemmalowany.pl\/wp-content\/uploads\/2021\/08\/DSC_0200-scaled.jpg\" \/>\n\t\t<meta name=\"twitter:label1\" content=\"Autor\" \/>\n\t\t<meta name=\"twitter:data1\" content=\"PiK\" \/>\n\t\t<meta name=\"twitter:label2\" content=\"Szac. czas czytania\" \/>\n\t\t<meta name=\"twitter:data2\" content=\"1 minuta\" \/>\n\t\t<script type=\"application\/ld+json\" class=\"aioseo-schema\">\n\t\t\t{\"@context\":\"https:\\\/\\\/schema.org\",\"@graph\":[{\"@type\":\"BlogPosting\",\"@id\":\"https:\\\/\\\/kaliszczasemmalowany.pl\\\/index.php\\\/2021\\\/na-zydowskiej-gorce-teren-cmentarza-zniszczonego-przez-niemcow-w-czasie-ii-wojny-swiatowej-zabudowany-w-latach-70-xx-wieku\\\/#blogposting\",\"name\":\"Na \\u017bydowskiej G\\u00f3rce Stary Cmentarz \\u017bydowski\",\"headline\":\"Co si\\u0119 dzieje na starym cmentarzu \\u017cydowskim? Zniszczono ogrodzenie od strony ulicy Nowy \\u015awiat, wyci\\u0119to wiele zdrowych drzew i krzew\\u00f3w\",\"author\":{\"@id\":\"https:\\\/\\\/kaliszczasemmalowany.pl\\\/index.php\\\/author\\\/krysia\\\/#author\"},\"publisher\":{\"@id\":\"https:\\\/\\\/kaliszczasemmalowany.pl\\\/#person\"},\"image\":{\"@type\":\"ImageObject\",\"url\":\"https:\\\/\\\/kaliszczasemmalowany.pl\\\/wp-content\\\/uploads\\\/2021\\\/08\\\/DSC_0200-scaled.jpg\",\"width\":2560,\"height\":1707},\"datePublished\":\"2021-08-29T10:19:30+02:00\",\"dateModified\":\"2023-10-07T14:29:08+02:00\",\"inLanguage\":\"pl-PL\",\"mainEntityOfPage\":{\"@id\":\"https:\\\/\\\/kaliszczasemmalowany.pl\\\/index.php\\\/2021\\\/na-zydowskiej-gorce-teren-cmentarza-zniszczonego-przez-niemcow-w-czasie-ii-wojny-swiatowej-zabudowany-w-latach-70-xx-wieku\\\/#webpage\"},\"isPartOf\":{\"@id\":\"https:\\\/\\\/kaliszczasemmalowany.pl\\\/index.php\\\/2021\\\/na-zydowskiej-gorce-teren-cmentarza-zniszczonego-przez-niemcow-w-czasie-ii-wojny-swiatowej-zabudowany-w-latach-70-xx-wieku\\\/#webpage\"},\"articleSection\":\"cmentarze, O Kaliszu, ulice, kamienice, podw\\u00f3rka, cmentarz, cmentarze, Handlowa, Kalisz, Nowy \\u015awiat, Skalmierzycka, Stary Cmentarz \\u017bydowski, \\u017bydzi, Galeria\"},{\"@type\":\"BreadcrumbList\",\"@id\":\"https:\\\/\\\/kaliszczasemmalowany.pl\\\/index.php\\\/2021\\\/na-zydowskiej-gorce-teren-cmentarza-zniszczonego-przez-niemcow-w-czasie-ii-wojny-swiatowej-zabudowany-w-latach-70-xx-wieku\\\/#breadcrumblist\",\"itemListElement\":[{\"@type\":\"ListItem\",\"@id\":\"https:\\\/\\\/kaliszczasemmalowany.pl#listItem\",\"position\":1,\"name\":\"Strona g\\u0142\\u00f3wna\",\"item\":\"https:\\\/\\\/kaliszczasemmalowany.pl\",\"nextItem\":{\"@type\":\"ListItem\",\"@id\":\"https:\\\/\\\/kaliszczasemmalowany.pl\\\/index.php\\\/category\\\/o-kaliszu\\\/#listItem\",\"name\":\"O Kaliszu\"}},{\"@type\":\"ListItem\",\"@id\":\"https:\\\/\\\/kaliszczasemmalowany.pl\\\/index.php\\\/category\\\/o-kaliszu\\\/#listItem\",\"position\":2,\"name\":\"O Kaliszu\",\"item\":\"https:\\\/\\\/kaliszczasemmalowany.pl\\\/index.php\\\/category\\\/o-kaliszu\\\/\",\"nextItem\":{\"@type\":\"ListItem\",\"@id\":\"https:\\\/\\\/kaliszczasemmalowany.pl\\\/index.php\\\/category\\\/o-kaliszu\\\/cmentarze\\\/#listItem\",\"name\":\"cmentarze\"},\"previousItem\":{\"@type\":\"ListItem\",\"@id\":\"https:\\\/\\\/kaliszczasemmalowany.pl#listItem\",\"name\":\"Strona g\\u0142\\u00f3wna\"}},{\"@type\":\"ListItem\",\"@id\":\"https:\\\/\\\/kaliszczasemmalowany.pl\\\/index.php\\\/category\\\/o-kaliszu\\\/cmentarze\\\/#listItem\",\"position\":3,\"name\":\"cmentarze\",\"item\":\"https:\\\/\\\/kaliszczasemmalowany.pl\\\/index.php\\\/category\\\/o-kaliszu\\\/cmentarze\\\/\",\"nextItem\":{\"@type\":\"ListItem\",\"@id\":\"https:\\\/\\\/kaliszczasemmalowany.pl\\\/index.php\\\/2021\\\/na-zydowskiej-gorce-teren-cmentarza-zniszczonego-przez-niemcow-w-czasie-ii-wojny-swiatowej-zabudowany-w-latach-70-xx-wieku\\\/#listItem\",\"name\":\"Co si\\u0119 dzieje na starym cmentarzu \\u017cydowskim? Zniszczono ogrodzenie od strony ulicy Nowy \\u015awiat, wyci\\u0119to wiele zdrowych drzew i krzew\\u00f3w\"},\"previousItem\":{\"@type\":\"ListItem\",\"@id\":\"https:\\\/\\\/kaliszczasemmalowany.pl\\\/index.php\\\/category\\\/o-kaliszu\\\/#listItem\",\"name\":\"O Kaliszu\"}},{\"@type\":\"ListItem\",\"@id\":\"https:\\\/\\\/kaliszczasemmalowany.pl\\\/index.php\\\/2021\\\/na-zydowskiej-gorce-teren-cmentarza-zniszczonego-przez-niemcow-w-czasie-ii-wojny-swiatowej-zabudowany-w-latach-70-xx-wieku\\\/#listItem\",\"position\":4,\"name\":\"Co si\\u0119 dzieje na starym cmentarzu \\u017cydowskim? Zniszczono ogrodzenie od strony ulicy Nowy \\u015awiat, wyci\\u0119to wiele zdrowych drzew i krzew\\u00f3w\",\"previousItem\":{\"@type\":\"ListItem\",\"@id\":\"https:\\\/\\\/kaliszczasemmalowany.pl\\\/index.php\\\/category\\\/o-kaliszu\\\/cmentarze\\\/#listItem\",\"name\":\"cmentarze\"}}]},{\"@type\":\"Person\",\"@id\":\"https:\\\/\\\/kaliszczasemmalowany.pl\\\/#person\",\"name\":\"Pawe\\u0142 Liszewski\",\"image\":{\"@type\":\"ImageObject\",\"@id\":\"https:\\\/\\\/kaliszczasemmalowany.pl\\\/index.php\\\/2021\\\/na-zydowskiej-gorce-teren-cmentarza-zniszczonego-przez-niemcow-w-czasie-ii-wojny-swiatowej-zabudowany-w-latach-70-xx-wieku\\\/#personImage\",\"url\":\"https:\\\/\\\/secure.gravatar.com\\\/avatar\\\/5a5afc29e8abe93f415ca15abf21395d6303ab000250220121432e5aab91966e?s=96&d=mm&r=g\",\"width\":96,\"height\":96,\"caption\":\"Pawe\\u0142 Liszewski\"}},{\"@type\":\"Person\",\"@id\":\"https:\\\/\\\/kaliszczasemmalowany.pl\\\/index.php\\\/author\\\/krysia\\\/#author\",\"url\":\"https:\\\/\\\/kaliszczasemmalowany.pl\\\/index.php\\\/author\\\/krysia\\\/\",\"name\":\"PiK\",\"image\":{\"@type\":\"ImageObject\",\"url\":\"https:\\\/\\\/secure.gravatar.com\\\/avatar\\\/a01eefe17b2143fe4c87c80742bc7ae8a193169eeebde9de8373aab5f31e2654?s=96&d=mm&r=g\"}},{\"@type\":\"WebPage\",\"@id\":\"https:\\\/\\\/kaliszczasemmalowany.pl\\\/index.php\\\/2021\\\/na-zydowskiej-gorce-teren-cmentarza-zniszczonego-przez-niemcow-w-czasie-ii-wojny-swiatowej-zabudowany-w-latach-70-xx-wieku\\\/#webpage\",\"url\":\"https:\\\/\\\/kaliszczasemmalowany.pl\\\/index.php\\\/2021\\\/na-zydowskiej-gorce-teren-cmentarza-zniszczonego-przez-niemcow-w-czasie-ii-wojny-swiatowej-zabudowany-w-latach-70-xx-wieku\\\/\",\"name\":\"Na \\u017bydowskiej G\\u00f3rce Stary Cmentarz \\u017bydowski\",\"description\":\"Co si\\u0119 dzieje na starym cmentarzu \\u017cydowskim? Zniszczono ogrodzenie od strony ulicy Nowy \\u015awiat, wyci\\u0119to wiele zdrowych drzew i krzew\\u00f3w\",\"inLanguage\":\"pl-PL\",\"isPartOf\":{\"@id\":\"https:\\\/\\\/kaliszczasemmalowany.pl\\\/#website\"},\"breadcrumb\":{\"@id\":\"https:\\\/\\\/kaliszczasemmalowany.pl\\\/index.php\\\/2021\\\/na-zydowskiej-gorce-teren-cmentarza-zniszczonego-przez-niemcow-w-czasie-ii-wojny-swiatowej-zabudowany-w-latach-70-xx-wieku\\\/#breadcrumblist\"},\"author\":{\"@id\":\"https:\\\/\\\/kaliszczasemmalowany.pl\\\/index.php\\\/author\\\/krysia\\\/#author\"},\"creator\":{\"@id\":\"https:\\\/\\\/kaliszczasemmalowany.pl\\\/index.php\\\/author\\\/krysia\\\/#author\"},\"image\":{\"@type\":\"ImageObject\",\"url\":\"https:\\\/\\\/kaliszczasemmalowany.pl\\\/wp-content\\\/uploads\\\/2021\\\/08\\\/DSC_0200-scaled.jpg\",\"@id\":\"https:\\\/\\\/kaliszczasemmalowany.pl\\\/index.php\\\/2021\\\/na-zydowskiej-gorce-teren-cmentarza-zniszczonego-przez-niemcow-w-czasie-ii-wojny-swiatowej-zabudowany-w-latach-70-xx-wieku\\\/#mainImage\",\"width\":2560,\"height\":1707},\"primaryImageOfPage\":{\"@id\":\"https:\\\/\\\/kaliszczasemmalowany.pl\\\/index.php\\\/2021\\\/na-zydowskiej-gorce-teren-cmentarza-zniszczonego-przez-niemcow-w-czasie-ii-wojny-swiatowej-zabudowany-w-latach-70-xx-wieku\\\/#mainImage\"},\"datePublished\":\"2021-08-29T10:19:30+02:00\",\"dateModified\":\"2023-10-07T14:29:08+02:00\"},{\"@type\":\"WebSite\",\"@id\":\"https:\\\/\\\/kaliszczasemmalowany.pl\\\/#website\",\"url\":\"https:\\\/\\\/kaliszczasemmalowany.pl\\\/\",\"name\":\"Kalisz Czasem Malowany\",\"description\":\"Fotoblog subiektywny\",\"inLanguage\":\"pl-PL\",\"publisher\":{\"@id\":\"https:\\\/\\\/kaliszczasemmalowany.pl\\\/#person\"}}]}\n\t\t<\/script>\n\t\t<!-- All in One SEO Pro -->\r\n\t\t<title>Na \u017bydowskiej G\u00f3rce Stary Cmentarz \u017bydowski<\/title>\n\n","aioseo_head_json":{"title":"Na \u017bydowskiej G\u00f3rce Stary Cmentarz \u017bydowski","description":"Co si\u0119 dzieje na starym cmentarzu \u017cydowskim? Zniszczono ogrodzenie od strony ulicy Nowy \u015awiat, wyci\u0119to wiele zdrowych drzew i krzew\u00f3w","canonical_url":"https:\/\/kaliszczasemmalowany.pl\/index.php\/2021\/na-zydowskiej-gorce-teren-cmentarza-zniszczonego-przez-niemcow-w-czasie-ii-wojny-swiatowej-zabudowany-w-latach-70-xx-wieku\/","robots":"max-image-preview:large","keywords":"cmentarz,cmentarze,handlowa,kalisz,nowy \u015bwiat,skalmierzycka,stary cmentarz \u017cydowski,\u017cydzi,o kaliszu,ulice, kamienice, podw\u00f3rka","webmasterTools":{"miscellaneous":""},"schema":{"@context":"https:\/\/schema.org","@graph":[{"@type":"BlogPosting","@id":"https:\/\/kaliszczasemmalowany.pl\/index.php\/2021\/na-zydowskiej-gorce-teren-cmentarza-zniszczonego-przez-niemcow-w-czasie-ii-wojny-swiatowej-zabudowany-w-latach-70-xx-wieku\/#blogposting","name":"Na \u017bydowskiej G\u00f3rce Stary Cmentarz \u017bydowski","headline":"Co si\u0119 dzieje na starym cmentarzu \u017cydowskim? Zniszczono ogrodzenie od strony ulicy Nowy \u015awiat, wyci\u0119to wiele zdrowych drzew i krzew\u00f3w","author":{"@id":"https:\/\/kaliszczasemmalowany.pl\/index.php\/author\/krysia\/#author"},"publisher":{"@id":"https:\/\/kaliszczasemmalowany.pl\/#person"},"image":{"@type":"ImageObject","url":"https:\/\/kaliszczasemmalowany.pl\/wp-content\/uploads\/2021\/08\/DSC_0200-scaled.jpg","width":2560,"height":1707},"datePublished":"2021-08-29T10:19:30+02:00","dateModified":"2023-10-07T14:29:08+02:00","inLanguage":"pl-PL","mainEntityOfPage":{"@id":"https:\/\/kaliszczasemmalowany.pl\/index.php\/2021\/na-zydowskiej-gorce-teren-cmentarza-zniszczonego-przez-niemcow-w-czasie-ii-wojny-swiatowej-zabudowany-w-latach-70-xx-wieku\/#webpage"},"isPartOf":{"@id":"https:\/\/kaliszczasemmalowany.pl\/index.php\/2021\/na-zydowskiej-gorce-teren-cmentarza-zniszczonego-przez-niemcow-w-czasie-ii-wojny-swiatowej-zabudowany-w-latach-70-xx-wieku\/#webpage"},"articleSection":"cmentarze, O Kaliszu, ulice, kamienice, podw\u00f3rka, cmentarz, cmentarze, Handlowa, Kalisz, Nowy \u015awiat, Skalmierzycka, Stary Cmentarz \u017bydowski, \u017bydzi, Galeria"},{"@type":"BreadcrumbList","@id":"https:\/\/kaliszczasemmalowany.pl\/index.php\/2021\/na-zydowskiej-gorce-teren-cmentarza-zniszczonego-przez-niemcow-w-czasie-ii-wojny-swiatowej-zabudowany-w-latach-70-xx-wieku\/#breadcrumblist","itemListElement":[{"@type":"ListItem","@id":"https:\/\/kaliszczasemmalowany.pl#listItem","position":1,"name":"Strona g\u0142\u00f3wna","item":"https:\/\/kaliszczasemmalowany.pl","nextItem":{"@type":"ListItem","@id":"https:\/\/kaliszczasemmalowany.pl\/index.php\/category\/o-kaliszu\/#listItem","name":"O Kaliszu"}},{"@type":"ListItem","@id":"https:\/\/kaliszczasemmalowany.pl\/index.php\/category\/o-kaliszu\/#listItem","position":2,"name":"O Kaliszu","item":"https:\/\/kaliszczasemmalowany.pl\/index.php\/category\/o-kaliszu\/","nextItem":{"@type":"ListItem","@id":"https:\/\/kaliszczasemmalowany.pl\/index.php\/category\/o-kaliszu\/cmentarze\/#listItem","name":"cmentarze"},"previousItem":{"@type":"ListItem","@id":"https:\/\/kaliszczasemmalowany.pl#listItem","name":"Strona g\u0142\u00f3wna"}},{"@type":"ListItem","@id":"https:\/\/kaliszczasemmalowany.pl\/index.php\/category\/o-kaliszu\/cmentarze\/#listItem","position":3,"name":"cmentarze","item":"https:\/\/kaliszczasemmalowany.pl\/index.php\/category\/o-kaliszu\/cmentarze\/","nextItem":{"@type":"ListItem","@id":"https:\/\/kaliszczasemmalowany.pl\/index.php\/2021\/na-zydowskiej-gorce-teren-cmentarza-zniszczonego-przez-niemcow-w-czasie-ii-wojny-swiatowej-zabudowany-w-latach-70-xx-wieku\/#listItem","name":"Co si\u0119 dzieje na starym cmentarzu \u017cydowskim? Zniszczono ogrodzenie od strony ulicy Nowy \u015awiat, wyci\u0119to wiele zdrowych drzew i krzew\u00f3w"},"previousItem":{"@type":"ListItem","@id":"https:\/\/kaliszczasemmalowany.pl\/index.php\/category\/o-kaliszu\/#listItem","name":"O Kaliszu"}},{"@type":"ListItem","@id":"https:\/\/kaliszczasemmalowany.pl\/index.php\/2021\/na-zydowskiej-gorce-teren-cmentarza-zniszczonego-przez-niemcow-w-czasie-ii-wojny-swiatowej-zabudowany-w-latach-70-xx-wieku\/#listItem","position":4,"name":"Co si\u0119 dzieje na starym cmentarzu \u017cydowskim? Zniszczono ogrodzenie od strony ulicy Nowy \u015awiat, wyci\u0119to wiele zdrowych drzew i krzew\u00f3w","previousItem":{"@type":"ListItem","@id":"https:\/\/kaliszczasemmalowany.pl\/index.php\/category\/o-kaliszu\/cmentarze\/#listItem","name":"cmentarze"}}]},{"@type":"Person","@id":"https:\/\/kaliszczasemmalowany.pl\/#person","name":"Pawe\u0142 Liszewski","image":{"@type":"ImageObject","@id":"https:\/\/kaliszczasemmalowany.pl\/index.php\/2021\/na-zydowskiej-gorce-teren-cmentarza-zniszczonego-przez-niemcow-w-czasie-ii-wojny-swiatowej-zabudowany-w-latach-70-xx-wieku\/#personImage","url":"https:\/\/secure.gravatar.com\/avatar\/5a5afc29e8abe93f415ca15abf21395d6303ab000250220121432e5aab91966e?s=96&d=mm&r=g","width":96,"height":96,"caption":"Pawe\u0142 Liszewski"}},{"@type":"Person","@id":"https:\/\/kaliszczasemmalowany.pl\/index.php\/author\/krysia\/#author","url":"https:\/\/kaliszczasemmalowany.pl\/index.php\/author\/krysia\/","name":"PiK","image":{"@type":"ImageObject","url":"https:\/\/secure.gravatar.com\/avatar\/a01eefe17b2143fe4c87c80742bc7ae8a193169eeebde9de8373aab5f31e2654?s=96&d=mm&r=g"}},{"@type":"WebPage","@id":"https:\/\/kaliszczasemmalowany.pl\/index.php\/2021\/na-zydowskiej-gorce-teren-cmentarza-zniszczonego-przez-niemcow-w-czasie-ii-wojny-swiatowej-zabudowany-w-latach-70-xx-wieku\/#webpage","url":"https:\/\/kaliszczasemmalowany.pl\/index.php\/2021\/na-zydowskiej-gorce-teren-cmentarza-zniszczonego-przez-niemcow-w-czasie-ii-wojny-swiatowej-zabudowany-w-latach-70-xx-wieku\/","name":"Na \u017bydowskiej G\u00f3rce Stary Cmentarz \u017bydowski","description":"Co si\u0119 dzieje na starym cmentarzu \u017cydowskim? Zniszczono ogrodzenie od strony ulicy Nowy \u015awiat, wyci\u0119to wiele zdrowych drzew i krzew\u00f3w","inLanguage":"pl-PL","isPartOf":{"@id":"https:\/\/kaliszczasemmalowany.pl\/#website"},"breadcrumb":{"@id":"https:\/\/kaliszczasemmalowany.pl\/index.php\/2021\/na-zydowskiej-gorce-teren-cmentarza-zniszczonego-przez-niemcow-w-czasie-ii-wojny-swiatowej-zabudowany-w-latach-70-xx-wieku\/#breadcrumblist"},"author":{"@id":"https:\/\/kaliszczasemmalowany.pl\/index.php\/author\/krysia\/#author"},"creator":{"@id":"https:\/\/kaliszczasemmalowany.pl\/index.php\/author\/krysia\/#author"},"image":{"@type":"ImageObject","url":"https:\/\/kaliszczasemmalowany.pl\/wp-content\/uploads\/2021\/08\/DSC_0200-scaled.jpg","@id":"https:\/\/kaliszczasemmalowany.pl\/index.php\/2021\/na-zydowskiej-gorce-teren-cmentarza-zniszczonego-przez-niemcow-w-czasie-ii-wojny-swiatowej-zabudowany-w-latach-70-xx-wieku\/#mainImage","width":2560,"height":1707},"primaryImageOfPage":{"@id":"https:\/\/kaliszczasemmalowany.pl\/index.php\/2021\/na-zydowskiej-gorce-teren-cmentarza-zniszczonego-przez-niemcow-w-czasie-ii-wojny-swiatowej-zabudowany-w-latach-70-xx-wieku\/#mainImage"},"datePublished":"2021-08-29T10:19:30+02:00","dateModified":"2023-10-07T14:29:08+02:00"},{"@type":"WebSite","@id":"https:\/\/kaliszczasemmalowany.pl\/#website","url":"https:\/\/kaliszczasemmalowany.pl\/","name":"Kalisz Czasem Malowany","description":"Fotoblog subiektywny","inLanguage":"pl-PL","publisher":{"@id":"https:\/\/kaliszczasemmalowany.pl\/#person"}}]},"og:locale":"pl_PL","og:site_name":"Kalisz Czasem Malowany - Fotoblog subiektywny","og:type":"activity","og:title":"Na \u017bydowskiej G\u00f3rce Stary Cmentarz \u017bydowski","og:description":"Co si\u0119 dzieje na starym cmentarzu \u017cydowskim? Zniszczono ogrodzenie od strony ulicy Nowy \u015awiat, wyci\u0119to wiele zdrowych drzew i krzew\u00f3w","og:url":"https:\/\/kaliszczasemmalowany.pl\/index.php\/2021\/na-zydowskiej-gorce-teren-cmentarza-zniszczonego-przez-niemcow-w-czasie-ii-wojny-swiatowej-zabudowany-w-latach-70-xx-wieku\/","fb:app_id":"1247192616682170","fb:admins":"100003136013596,100070523616841,100004477359982","og:image":"https:\/\/kaliszczasemmalowany.pl\/wp-content\/uploads\/2021\/08\/DSC_0200-scaled.jpg","og:image:secure_url":"https:\/\/kaliszczasemmalowany.pl\/wp-content\/uploads\/2021\/08\/DSC_0200-scaled.jpg","og:image:width":2560,"og:image:height":1707,"twitter:card":"summary_large_image","twitter:site":"@pik1982dil","twitter:title":"Na \u017bydowskiej G\u00f3rce Stary Cmentarz \u017bydowski","twitter:description":"Co si\u0119 dzieje na starym cmentarzu \u017cydowskim? Zniszczono ogrodzenie od strony ulicy Nowy \u015awiat, wyci\u0119to wiele zdrowych drzew i krzew\u00f3w","twitter:creator":"@pik1982dil","twitter:image":"https:\/\/kaliszczasemmalowany.pl\/wp-content\/uploads\/2021\/08\/DSC_0200-scaled.jpg","twitter:label1":"Autor","twitter:data1":"PiK","twitter:label2":"Szac. czas czytania","twitter:data2":"1 minuta"},"aioseo_meta_data":{"post_id":"42202","title":"Na \u017bydowskiej G\u00f3rce Stary Cmentarz \u017bydowski","description":"#post_title","keywords":[],"keyphrases":{"focus":{"keyphrase":"Na \u017bydowskiej G\u00f3rce","score":80,"analysis":{"keyphraseInTitle":{"score":9,"maxScore":9,"error":0},"keyphraseInDescription":{"score":3,"maxScore":9,"error":1},"keyphraseLength":{"score":9,"maxScore":9,"error":0,"length":4},"keyphraseInURL":{"score":5,"maxScore":5,"error":0},"keyphraseInIntroduction":{"score":3,"maxScore":9,"error":1},"keyphraseInSubHeadings":[],"keyphraseInImageAlt":{"score":9,"maxScore":9,"error":0},"keywordDensity":{"type":"best","score":9,"maxScore":9,"error":0}}},"additional":[]},"primary_term":{"category":4},"canonical_url":null,"og_title":null,"og_description":null,"og_object_type":"default","og_image_type":"default","og_image_url":null,"og_image_width":null,"og_image_height":null,"og_image_custom_url":null,"og_image_custom_fields":null,"og_video":"","og_custom_url":null,"og_article_section":null,"og_article_tags":[],"twitter_use_og":true,"twitter_card":"default","twitter_image_type":"default","twitter_image_url":null,"twitter_image_custom_url":null,"twitter_image_custom_fields":null,"twitter_title":null,"twitter_description":null,"schema":{"blockGraphs":[],"customGraphs":[],"default":{"data":{"Article":[],"Course":[],"Dataset":[],"FAQPage":[],"Movie":[],"Person":[],"Product":[],"ProductReview":[],"Car":[],"Recipe":[],"Service":[],"SoftwareApplication":[],"WebPage":[]},"graphName":"BlogPosting","isEnabled":true},"graphs":[]},"schema_type":"default","schema_type_options":null,"pillar_content":false,"robots_default":true,"robots_noindex":false,"robots_noarchive":false,"robots_nosnippet":false,"robots_nofollow":false,"robots_noimageindex":false,"robots_noodp":false,"robots_notranslate":false,"robots_max_snippet":"-1","robots_max_videopreview":"-1","robots_max_imagepreview":"large","priority":null,"frequency":"default","local_seo":null,"seo_analyzer_scan_date":"2025-11-28 13:41:58","breadcrumb_settings":null,"limit_modified_date":false,"reviewed_by":null,"open_ai":"{\"title\":{\"suggestions\":[],\"usage\":0},\"description\":{\"suggestions\":[],\"usage\":0}}","ai":null,"created":"2023-08-16 18:18:48","updated":"2025-11-28 13:41:58"},"aioseo_breadcrumb":"<div class=\"aioseo-breadcrumbs\"><span class=\"aioseo-breadcrumb\">\n\t<a href=\"https:\/\/kaliszczasemmalowany.pl\" title=\"Strona g\u0142\u00f3wna\">Strona g\u0142\u00f3wna<\/a>\n<\/span><span class=\"aioseo-breadcrumb-separator\">\u00bb<\/span><span class=\"aioseo-breadcrumb\">\n\t<a href=\"https:\/\/kaliszczasemmalowany.pl\/index.php\/category\/o-kaliszu\/\" title=\"O Kaliszu\">O Kaliszu<\/a>\n<\/span><span class=\"aioseo-breadcrumb-separator\">\u00bb<\/span><span class=\"aioseo-breadcrumb\">\n\t<a href=\"https:\/\/kaliszczasemmalowany.pl\/index.php\/category\/o-kaliszu\/cmentarze\/\" title=\"cmentarze\">cmentarze<\/a>\n<\/span><span class=\"aioseo-breadcrumb-separator\">\u00bb<\/span><span class=\"aioseo-breadcrumb\">\n\tCo si\u0119 dzieje na starym cmentarzu \u017cydowskim? Zniszczono ogrodzenie od strony ulicy Nowy \u015awiat, wyci\u0119to wiele zdrowych drzew i krzew\u00f3w\n<\/span><\/div>","aioseo_breadcrumb_json":[{"label":"Strona g\u0142\u00f3wna","link":"https:\/\/kaliszczasemmalowany.pl"},{"label":"O Kaliszu","link":"https:\/\/kaliszczasemmalowany.pl\/index.php\/category\/o-kaliszu\/"},{"label":"cmentarze","link":"https:\/\/kaliszczasemmalowany.pl\/index.php\/category\/o-kaliszu\/cmentarze\/"},{"label":"Co si\u0119 dzieje na starym cmentarzu \u017cydowskim? Zniszczono ogrodzenie od strony ulicy Nowy \u015awiat, wyci\u0119to wiele zdrowych drzew i krzew\u00f3w","link":"https:\/\/kaliszczasemmalowany.pl\/index.php\/2021\/na-zydowskiej-gorce-teren-cmentarza-zniszczonego-przez-niemcow-w-czasie-ii-wojny-swiatowej-zabudowany-w-latach-70-xx-wieku\/"}],"acf":[],"_links":{"self":[{"href":"https:\/\/kaliszczasemmalowany.pl\/index.php\/wp-json\/wp\/v2\/posts\/42202","targetHints":{"allow":["GET"]}}],"collection":[{"href":"https:\/\/kaliszczasemmalowany.pl\/index.php\/wp-json\/wp\/v2\/posts"}],"about":[{"href":"https:\/\/kaliszczasemmalowany.pl\/index.php\/wp-json\/wp\/v2\/types\/post"}],"author":[{"embeddable":true,"href":"https:\/\/kaliszczasemmalowany.pl\/index.php\/wp-json\/wp\/v2\/users\/2"}],"replies":[{"embeddable":true,"href":"https:\/\/kaliszczasemmalowany.pl\/index.php\/wp-json\/wp\/v2\/comments?post=42202"}],"version-history":[{"count":6,"href":"https:\/\/kaliszczasemmalowany.pl\/index.php\/wp-json\/wp\/v2\/posts\/42202\/revisions"}],"predecessor-version":[{"id":43584,"href":"https:\/\/kaliszczasemmalowany.pl\/index.php\/wp-json\/wp\/v2\/posts\/42202\/revisions\/43584"}],"wp:featuredmedia":[{"embeddable":true,"href":"https:\/\/kaliszczasemmalowany.pl\/index.php\/wp-json\/wp\/v2\/media\/42199"}],"wp:attachment":[{"href":"https:\/\/kaliszczasemmalowany.pl\/index.php\/wp-json\/wp\/v2\/media?parent=42202"}],"wp:term":[{"taxonomy":"category","embeddable":true,"href":"https:\/\/kaliszczasemmalowany.pl\/index.php\/wp-json\/wp\/v2\/categories?post=42202"},{"taxonomy":"post_tag","embeddable":true,"href":"https:\/\/kaliszczasemmalowany.pl\/index.php\/wp-json\/wp\/v2\/tags?post=42202"}],"curies":[{"name":"wp","href":"https:\/\/api.w.org\/{rel}","templated":true}]}}