{"id":41617,"date":"2024-08-23T09:48:51","date_gmt":"2024-08-23T07:48:51","guid":{"rendered":"http:\/\/kaliszczasemmalowany.pl\/?p=41617"},"modified":"2024-10-08T09:56:52","modified_gmt":"2024-10-08T07:56:52","slug":"album-z-widokami-kalisza","status":"publish","type":"post","link":"https:\/\/kaliszczasemmalowany.pl\/index.php\/2024\/album-z-widokami-kalisza\/","title":{"rendered":"Album z widokami Kalisza z 1896, fotograf Wincenty Franciszek Boretti"},"content":{"rendered":"<p>Album z widokami Kalisza<\/p>\n<p><span style=\"font-size: 12pt;\">Muzeum Narodowe w Krakowie; www.zbiory.mnk.pl ;MNK IV-V-485\/1-23;fot. Mateusz Szczypi\u0144ski<\/span><\/p>\n<p>Klasyfikacja praw autorskich: Domena publiczna<\/p>\n<figure id=\"attachment_41619\" aria-describedby=\"caption-attachment-41619\" style=\"width: 959px\" class=\"wp-caption alignnone\"><img fetchpriority=\"high\" decoding=\"async\" class=\"wp-image-41619 \" src=\"https:\/\/kaliszczasemmalowany.pl\/wp-content\/uploads\/2020\/08\/01-863x1024.jpg\" alt=\"Album z widokami Kalisza Boretti\" width=\"959\" height=\"1138\" srcset=\"https:\/\/kaliszczasemmalowany.pl\/wp-content\/uploads\/2020\/08\/01-863x1024.jpg 863w, https:\/\/kaliszczasemmalowany.pl\/wp-content\/uploads\/2020\/08\/01-253x300.jpg 253w, https:\/\/kaliszczasemmalowany.pl\/wp-content\/uploads\/2020\/08\/01-768x911.jpg 768w, https:\/\/kaliszczasemmalowany.pl\/wp-content\/uploads\/2020\/08\/01-1295x1536.jpg 1295w, https:\/\/kaliszczasemmalowany.pl\/wp-content\/uploads\/2020\/08\/01-1727x2048.jpg 1727w, https:\/\/kaliszczasemmalowany.pl\/wp-content\/uploads\/2020\/08\/01-1200x1423.jpg 1200w\" sizes=\"(max-width: 959px) 100vw, 959px\" \/><figcaption id=\"caption-attachment-41619\" class=\"wp-caption-text\">Ok\u0142adka albumu<\/figcaption><\/figure>\n<figure id=\"attachment_41620\" aria-describedby=\"caption-attachment-41620\" style=\"width: 959px\" class=\"wp-caption alignnone\"><img decoding=\"async\" class=\"wp-image-41620\" src=\"https:\/\/kaliszczasemmalowany.pl\/wp-content\/uploads\/2020\/08\/02-851x1024.jpg\" alt=\"Album z widokami Kalisza Boretti\" width=\"959\" height=\"1154\" srcset=\"https:\/\/kaliszczasemmalowany.pl\/wp-content\/uploads\/2020\/08\/02-851x1024.jpg 851w, https:\/\/kaliszczasemmalowany.pl\/wp-content\/uploads\/2020\/08\/02-249x300.jpg 249w, https:\/\/kaliszczasemmalowany.pl\/wp-content\/uploads\/2020\/08\/02-768x924.jpg 768w, https:\/\/kaliszczasemmalowany.pl\/wp-content\/uploads\/2020\/08\/02-1276x1536.jpg 1276w, https:\/\/kaliszczasemmalowany.pl\/wp-content\/uploads\/2020\/08\/02-1701x2048.jpg 1701w, https:\/\/kaliszczasemmalowany.pl\/wp-content\/uploads\/2020\/08\/02-1200x1445.jpg 1200w\" sizes=\"(max-width: 959px) 100vw, 959px\" \/><figcaption id=\"caption-attachment-41620\" class=\"wp-caption-text\">Dedykacja: Najpierwszemu lirykowi wsp\u00f3\u0142czesnej, Po Mickiewiczowskiej epoce Najczcigodniejszemu swojemu Synowi; Rodzinne Miasto Adamowi Asnykowi<\/figcaption><\/figure>\n<p><!--more--><span style=\"font-size: 12pt;\">Tw\u00f3rca: Wincenty <a href=\"https:\/\/kaliszczasemmalowany.pl\/index.php\/2017\/wincenti-franciszek-boretti-prekursor-kaliskich-fotografikow\/\" target=\"_blank\" rel=\"noopener\">Franciszek Boretti<\/a> &#8211; fotograf; A. Lewandowicz &#8211; introligator (oprawa)<br \/>\nWymiary: wysoko\u015b\u0107: 41 cm, szeroko\u015b\u0107: 34 cm<br \/>\nTechnika: fotografia, litografia pi\u00f3rem, r\u0119kopis, rytowanie, wycinanie, techniki introligatorskie<br \/>\nTworzywo: srebro, ryps, aksamit, tektura<br \/>\nW\u0142a\u015bciciel: Muzeum Narodowe w Krakowie; Nr inw.: MNK IV-V-485\/1-23<\/span><span style=\"font-size: 8pt;\"><br \/>\n<\/span><\/p>\n<figure id=\"attachment_41622\" aria-describedby=\"caption-attachment-41622\" style=\"width: 960px\" class=\"wp-caption alignnone\"><img decoding=\"async\" class=\"wp-image-41622 size-large\" src=\"https:\/\/kaliszczasemmalowany.pl\/wp-content\/uploads\/2020\/08\/04-1024x845.jpg\" alt=\"Album z widokami Kalisza Boretti\" width=\"960\" height=\"792\" srcset=\"https:\/\/kaliszczasemmalowany.pl\/wp-content\/uploads\/2020\/08\/04-1024x845.jpg 1024w, https:\/\/kaliszczasemmalowany.pl\/wp-content\/uploads\/2020\/08\/04-300x248.jpg 300w, https:\/\/kaliszczasemmalowany.pl\/wp-content\/uploads\/2020\/08\/04-768x634.jpg 768w, https:\/\/kaliszczasemmalowany.pl\/wp-content\/uploads\/2020\/08\/04-1536x1268.jpg 1536w, https:\/\/kaliszczasemmalowany.pl\/wp-content\/uploads\/2020\/08\/04-2048x1690.jpg 2048w, https:\/\/kaliszczasemmalowany.pl\/wp-content\/uploads\/2020\/08\/04-1200x990.jpg 1200w\" sizes=\"(max-width: 960px) 100vw, 960px\" \/><figcaption id=\"caption-attachment-41622\" class=\"wp-caption-text\">Widok Kalisza z lotu ptaka<\/figcaption><\/figure>\n<figure id=\"attachment_41623\" aria-describedby=\"caption-attachment-41623\" style=\"width: 960px\" class=\"wp-caption alignnone\"><img loading=\"lazy\" decoding=\"async\" class=\"wp-image-41623 size-large\" src=\"https:\/\/kaliszczasemmalowany.pl\/wp-content\/uploads\/2020\/08\/05-1024x847.jpg\" alt=\"Album z widokami Kalisza Boretti\" width=\"960\" height=\"794\" srcset=\"https:\/\/kaliszczasemmalowany.pl\/wp-content\/uploads\/2020\/08\/05-1024x847.jpg 1024w, https:\/\/kaliszczasemmalowany.pl\/wp-content\/uploads\/2020\/08\/05-300x248.jpg 300w, https:\/\/kaliszczasemmalowany.pl\/wp-content\/uploads\/2020\/08\/05-768x635.jpg 768w, https:\/\/kaliszczasemmalowany.pl\/wp-content\/uploads\/2020\/08\/05-1536x1271.jpg 1536w, https:\/\/kaliszczasemmalowany.pl\/wp-content\/uploads\/2020\/08\/05-2048x1694.jpg 2048w, https:\/\/kaliszczasemmalowany.pl\/wp-content\/uploads\/2020\/08\/05-1200x993.jpg 1200w\" sizes=\"(max-width: 960px) 100vw, 960px\" \/><figcaption id=\"caption-attachment-41623\" class=\"wp-caption-text\">Stary Rynek<\/figcaption><\/figure>\n<figure id=\"attachment_41625\" aria-describedby=\"caption-attachment-41625\" style=\"width: 960px\" class=\"wp-caption alignnone\"><img loading=\"lazy\" decoding=\"async\" class=\"wp-image-41625 size-large\" src=\"https:\/\/kaliszczasemmalowany.pl\/wp-content\/uploads\/2020\/08\/07-1024x847.jpg\" alt=\"Album z widokami Kalisza Boretti\" width=\"960\" height=\"794\" srcset=\"https:\/\/kaliszczasemmalowany.pl\/wp-content\/uploads\/2020\/08\/07-1024x847.jpg 1024w, https:\/\/kaliszczasemmalowany.pl\/wp-content\/uploads\/2020\/08\/07-300x248.jpg 300w, https:\/\/kaliszczasemmalowany.pl\/wp-content\/uploads\/2020\/08\/07-768x635.jpg 768w, https:\/\/kaliszczasemmalowany.pl\/wp-content\/uploads\/2020\/08\/07-1536x1270.jpg 1536w, https:\/\/kaliszczasemmalowany.pl\/wp-content\/uploads\/2020\/08\/07-2048x1693.jpg 2048w, https:\/\/kaliszczasemmalowany.pl\/wp-content\/uploads\/2020\/08\/07-1200x992.jpg 1200w\" sizes=\"(max-width: 960px) 100vw, 960px\" \/><figcaption id=\"caption-attachment-41625\" class=\"wp-caption-text\">Stary Rynek z domem Towarzystwa Kredytowego Ziemskiego<\/figcaption><\/figure>\n<figure id=\"attachment_41626\" aria-describedby=\"caption-attachment-41626\" style=\"width: 960px\" class=\"wp-caption alignnone\"><img loading=\"lazy\" decoding=\"async\" class=\"wp-image-41626 size-large\" src=\"https:\/\/kaliszczasemmalowany.pl\/wp-content\/uploads\/2020\/08\/08-1024x847.jpg\" alt=\"Album z widokami Kalisza Boretti\" width=\"960\" height=\"794\" srcset=\"https:\/\/kaliszczasemmalowany.pl\/wp-content\/uploads\/2020\/08\/08-1024x847.jpg 1024w, https:\/\/kaliszczasemmalowany.pl\/wp-content\/uploads\/2020\/08\/08-300x248.jpg 300w, https:\/\/kaliszczasemmalowany.pl\/wp-content\/uploads\/2020\/08\/08-768x635.jpg 768w, https:\/\/kaliszczasemmalowany.pl\/wp-content\/uploads\/2020\/08\/08-1536x1270.jpg 1536w, https:\/\/kaliszczasemmalowany.pl\/wp-content\/uploads\/2020\/08\/08-2048x1693.jpg 2048w, https:\/\/kaliszczasemmalowany.pl\/wp-content\/uploads\/2020\/08\/08-1200x992.jpg 1200w\" sizes=\"(max-width: 960px) 100vw, 960px\" \/><figcaption id=\"caption-attachment-41626\" class=\"wp-caption-text\">Widok z Mostu Kamiennego na ko\u015bci\u00f3\u0142 oo Franciszkan\u00f3w i Folusz<\/figcaption><\/figure>\n<figure id=\"attachment_41627\" aria-describedby=\"caption-attachment-41627\" style=\"width: 961px\" class=\"wp-caption alignnone\"><img loading=\"lazy\" decoding=\"async\" class=\"wp-image-41627\" src=\"https:\/\/kaliszczasemmalowany.pl\/wp-content\/uploads\/2020\/08\/09-847x1024.jpg\" alt=\"Album z widokami Kalisza Boretti\" width=\"961\" height=\"1162\" srcset=\"https:\/\/kaliszczasemmalowany.pl\/wp-content\/uploads\/2020\/08\/09-847x1024.jpg 847w, https:\/\/kaliszczasemmalowany.pl\/wp-content\/uploads\/2020\/08\/09-248x300.jpg 248w, https:\/\/kaliszczasemmalowany.pl\/wp-content\/uploads\/2020\/08\/09-768x929.jpg 768w, https:\/\/kaliszczasemmalowany.pl\/wp-content\/uploads\/2020\/08\/09-1270x1536.jpg 1270w\" sizes=\"(max-width: 961px) 100vw, 961px\" \/><figcaption id=\"caption-attachment-41627\" class=\"wp-caption-text\">Wn\u0119trze ko\u015bcio\u0142a O.O. Franciszkan\u00f3w<\/figcaption><\/figure>\n<figure id=\"attachment_41628\" aria-describedby=\"caption-attachment-41628\" style=\"width: 962px\" class=\"wp-caption alignnone\"><img loading=\"lazy\" decoding=\"async\" class=\"wp-image-41628\" src=\"https:\/\/kaliszczasemmalowany.pl\/wp-content\/uploads\/2020\/08\/10-848x1024.jpg\" alt=\"Album z widokami Kalisza Boretti\" width=\"962\" height=\"1162\" srcset=\"https:\/\/kaliszczasemmalowany.pl\/wp-content\/uploads\/2020\/08\/10-848x1024.jpg 848w, https:\/\/kaliszczasemmalowany.pl\/wp-content\/uploads\/2020\/08\/10-249x300.jpg 249w, https:\/\/kaliszczasemmalowany.pl\/wp-content\/uploads\/2020\/08\/10-768x927.jpg 768w, https:\/\/kaliszczasemmalowany.pl\/wp-content\/uploads\/2020\/08\/10-1273x1536.jpg 1273w, https:\/\/kaliszczasemmalowany.pl\/wp-content\/uploads\/2020\/08\/10-1697x2048.jpg 1697w, https:\/\/kaliszczasemmalowany.pl\/wp-content\/uploads\/2020\/08\/10-1200x1448.jpg 1200w\" sizes=\"(max-width: 962px) 100vw, 962px\" \/><figcaption id=\"caption-attachment-41628\" class=\"wp-caption-text\">Ko\u015bci\u00f3\u0142 \u015bw. J\u00f3zefa i pomnik<\/figcaption><\/figure>\n<figure id=\"attachment_41629\" aria-describedby=\"caption-attachment-41629\" style=\"width: 965px\" class=\"wp-caption alignnone\"><img loading=\"lazy\" decoding=\"async\" class=\"wp-image-41629\" src=\"https:\/\/kaliszczasemmalowany.pl\/wp-content\/uploads\/2020\/08\/11-847x1024.jpg\" alt=\"Album z widokami Kalisza Boretti\" width=\"965\" height=\"1167\" srcset=\"https:\/\/kaliszczasemmalowany.pl\/wp-content\/uploads\/2020\/08\/11-847x1024.jpg 847w, https:\/\/kaliszczasemmalowany.pl\/wp-content\/uploads\/2020\/08\/11-248x300.jpg 248w, https:\/\/kaliszczasemmalowany.pl\/wp-content\/uploads\/2020\/08\/11-768x929.jpg 768w, https:\/\/kaliszczasemmalowany.pl\/wp-content\/uploads\/2020\/08\/11-1270x1536.jpg 1270w, https:\/\/kaliszczasemmalowany.pl\/wp-content\/uploads\/2020\/08\/11-1693x2048.jpg 1693w, https:\/\/kaliszczasemmalowany.pl\/wp-content\/uploads\/2020\/08\/11-1200x1451.jpg 1200w\" sizes=\"(max-width: 965px) 100vw, 965px\" \/><figcaption id=\"caption-attachment-41629\" class=\"wp-caption-text\">Kaplica z cudownym obrazem \u015bw. J\u00f3zefa<\/figcaption><\/figure>\n<figure id=\"attachment_41630\" aria-describedby=\"caption-attachment-41630\" style=\"width: 960px\" class=\"wp-caption alignnone\"><img loading=\"lazy\" decoding=\"async\" class=\"wp-image-41630 size-large\" src=\"https:\/\/kaliszczasemmalowany.pl\/wp-content\/uploads\/2020\/08\/12-1024x849.jpg\" alt=\"Album z widokami Kalisza Boretti\" width=\"960\" height=\"796\" srcset=\"https:\/\/kaliszczasemmalowany.pl\/wp-content\/uploads\/2020\/08\/12-1024x849.jpg 1024w, https:\/\/kaliszczasemmalowany.pl\/wp-content\/uploads\/2020\/08\/12-300x249.jpg 300w, https:\/\/kaliszczasemmalowany.pl\/wp-content\/uploads\/2020\/08\/12-768x637.jpg 768w, https:\/\/kaliszczasemmalowany.pl\/wp-content\/uploads\/2020\/08\/12-1536x1274.jpg 1536w\" sizes=\"(max-width: 960px) 100vw, 960px\" \/><figcaption id=\"caption-attachment-41630\" class=\"wp-caption-text\">Ko\u015bci\u00f3\u0142 O.O. Reformat\u00f3w i szpital \u015bw. Tr\u00f3jcy<\/figcaption><\/figure>\n<figure id=\"attachment_41631\" aria-describedby=\"caption-attachment-41631\" style=\"width: 962px\" class=\"wp-caption alignnone\"><img loading=\"lazy\" decoding=\"async\" class=\"wp-image-41631\" src=\"https:\/\/kaliszczasemmalowany.pl\/wp-content\/uploads\/2020\/08\/13-851x1024.jpg\" alt=\"Album z widokami Kalisza Boretti\" width=\"962\" height=\"1158\" srcset=\"https:\/\/kaliszczasemmalowany.pl\/wp-content\/uploads\/2020\/08\/13-851x1024.jpg 851w, https:\/\/kaliszczasemmalowany.pl\/wp-content\/uploads\/2020\/08\/13-249x300.jpg 249w, https:\/\/kaliszczasemmalowany.pl\/wp-content\/uploads\/2020\/08\/13-768x924.jpg 768w, https:\/\/kaliszczasemmalowany.pl\/wp-content\/uploads\/2020\/08\/13-1277x1536.jpg 1277w, https:\/\/kaliszczasemmalowany.pl\/wp-content\/uploads\/2020\/08\/13-1702x2048.jpg 1702w, https:\/\/kaliszczasemmalowany.pl\/wp-content\/uploads\/2020\/08\/13-1200x1444.jpg 1200w\" sizes=\"(max-width: 962px) 100vw, 962px\" \/><figcaption id=\"caption-attachment-41631\" class=\"wp-caption-text\">Wn\u0119trze ko\u015bcio\u0142a Pobernardy\u0144skiego<\/figcaption><\/figure>\n<figure id=\"attachment_41632\" aria-describedby=\"caption-attachment-41632\" style=\"width: 849px\" class=\"wp-caption alignnone\"><img loading=\"lazy\" decoding=\"async\" class=\"wp-image-41632 size-large\" src=\"https:\/\/kaliszczasemmalowany.pl\/wp-content\/uploads\/2020\/08\/14-849x1024.jpg\" alt=\"Album z widokami Kalisza Boretti\" width=\"849\" height=\"1024\" srcset=\"https:\/\/kaliszczasemmalowany.pl\/wp-content\/uploads\/2020\/08\/14-849x1024.jpg 849w, https:\/\/kaliszczasemmalowany.pl\/wp-content\/uploads\/2020\/08\/14-249x300.jpg 249w, https:\/\/kaliszczasemmalowany.pl\/wp-content\/uploads\/2020\/08\/14-768x926.jpg 768w, https:\/\/kaliszczasemmalowany.pl\/wp-content\/uploads\/2020\/08\/14-1274x1536.jpg 1274w, https:\/\/kaliszczasemmalowany.pl\/wp-content\/uploads\/2020\/08\/14-1698x2048.jpg 1698w, https:\/\/kaliszczasemmalowany.pl\/wp-content\/uploads\/2020\/08\/14-1200x1447.jpg 1200w\" sizes=\"(max-width: 849px) 100vw, 849px\" \/><figcaption id=\"caption-attachment-41632\" class=\"wp-caption-text\">Ko\u015bci\u00f3\u0142 \u015bw. Wojciecha na Zawodziu<\/figcaption><\/figure>\n<figure id=\"attachment_41633\" aria-describedby=\"caption-attachment-41633\" style=\"width: 960px\" class=\"wp-caption alignnone\"><img loading=\"lazy\" decoding=\"async\" class=\"wp-image-41633 size-large\" src=\"https:\/\/kaliszczasemmalowany.pl\/wp-content\/uploads\/2020\/08\/15-1024x849.jpg\" alt=\"Album z widokami Kalisza Boretti\" width=\"960\" height=\"796\" srcset=\"https:\/\/kaliszczasemmalowany.pl\/wp-content\/uploads\/2020\/08\/15-1024x849.jpg 1024w, https:\/\/kaliszczasemmalowany.pl\/wp-content\/uploads\/2020\/08\/15-300x249.jpg 300w, https:\/\/kaliszczasemmalowany.pl\/wp-content\/uploads\/2020\/08\/15-768x637.jpg 768w, https:\/\/kaliszczasemmalowany.pl\/wp-content\/uploads\/2020\/08\/15-1536x1274.jpg 1536w, https:\/\/kaliszczasemmalowany.pl\/wp-content\/uploads\/2020\/08\/15-2048x1698.jpg 2048w, https:\/\/kaliszczasemmalowany.pl\/wp-content\/uploads\/2020\/08\/15-1200x995.jpg 1200w\" sizes=\"(max-width: 960px) 100vw, 960px\" \/><figcaption id=\"caption-attachment-41633\" class=\"wp-caption-text\">Ulica Warszawska<\/figcaption><\/figure>\n<figure id=\"attachment_41635\" aria-describedby=\"caption-attachment-41635\" style=\"width: 960px\" class=\"wp-caption alignnone\"><img loading=\"lazy\" decoding=\"async\" class=\"wp-image-41635 size-large\" src=\"https:\/\/kaliszczasemmalowany.pl\/wp-content\/uploads\/2020\/08\/17-1024x850.jpg\" alt=\"Album z widokami Kalisza Boretti\" width=\"960\" height=\"797\" srcset=\"https:\/\/kaliszczasemmalowany.pl\/wp-content\/uploads\/2020\/08\/17-1024x850.jpg 1024w, https:\/\/kaliszczasemmalowany.pl\/wp-content\/uploads\/2020\/08\/17-300x249.jpg 300w, https:\/\/kaliszczasemmalowany.pl\/wp-content\/uploads\/2020\/08\/17-768x638.jpg 768w, https:\/\/kaliszczasemmalowany.pl\/wp-content\/uploads\/2020\/08\/17-1536x1276.jpg 1536w, https:\/\/kaliszczasemmalowany.pl\/wp-content\/uploads\/2020\/08\/17-2048x1701.jpg 2048w, https:\/\/kaliszczasemmalowany.pl\/wp-content\/uploads\/2020\/08\/17-1200x996.jpg 1200w\" sizes=\"(max-width: 960px) 100vw, 960px\" \/><figcaption id=\"caption-attachment-41635\" class=\"wp-caption-text\">Dom pod Krakusem<\/figcaption><\/figure>\n<figure id=\"attachment_41636\" aria-describedby=\"caption-attachment-41636\" style=\"width: 960px\" class=\"wp-caption alignnone\"><img loading=\"lazy\" decoding=\"async\" class=\"wp-image-41636 size-large\" src=\"https:\/\/kaliszczasemmalowany.pl\/wp-content\/uploads\/2020\/08\/18-1024x847.jpg\" alt=\"Album z widokami Kalisza Boretti\" width=\"960\" height=\"794\" srcset=\"https:\/\/kaliszczasemmalowany.pl\/wp-content\/uploads\/2020\/08\/18-1024x847.jpg 1024w, https:\/\/kaliszczasemmalowany.pl\/wp-content\/uploads\/2020\/08\/18-300x248.jpg 300w, https:\/\/kaliszczasemmalowany.pl\/wp-content\/uploads\/2020\/08\/18-768x635.jpg 768w, https:\/\/kaliszczasemmalowany.pl\/wp-content\/uploads\/2020\/08\/18-1536x1271.jpg 1536w, https:\/\/kaliszczasemmalowany.pl\/wp-content\/uploads\/2020\/08\/18-2048x1694.jpg 2048w, https:\/\/kaliszczasemmalowany.pl\/wp-content\/uploads\/2020\/08\/18-1200x993.jpg 1200w\" sizes=\"(max-width: 960px) 100vw, 960px\" \/><figcaption id=\"caption-attachment-41636\" class=\"wp-caption-text\">Gimnazjum M\u0119skie<\/figcaption><\/figure>\n<figure id=\"attachment_41637\" aria-describedby=\"caption-attachment-41637\" style=\"width: 960px\" class=\"wp-caption alignnone\"><img loading=\"lazy\" decoding=\"async\" class=\"wp-image-41637 size-large\" src=\"https:\/\/kaliszczasemmalowany.pl\/wp-content\/uploads\/2020\/08\/19-1024x851.jpg\" alt=\"Album z widokami Kalisza Boretti\" width=\"960\" height=\"798\" srcset=\"https:\/\/kaliszczasemmalowany.pl\/wp-content\/uploads\/2020\/08\/19-1024x851.jpg 1024w, https:\/\/kaliszczasemmalowany.pl\/wp-content\/uploads\/2020\/08\/19-300x249.jpg 300w, https:\/\/kaliszczasemmalowany.pl\/wp-content\/uploads\/2020\/08\/19-768x638.jpg 768w, https:\/\/kaliszczasemmalowany.pl\/wp-content\/uploads\/2020\/08\/19-1536x1277.jpg 1536w, https:\/\/kaliszczasemmalowany.pl\/wp-content\/uploads\/2020\/08\/19-2048x1702.jpg 2048w, https:\/\/kaliszczasemmalowany.pl\/wp-content\/uploads\/2020\/08\/19-1200x997.jpg 1200w\" sizes=\"(max-width: 960px) 100vw, 960px\" \/><figcaption id=\"caption-attachment-41637\" class=\"wp-caption-text\">Domek Szwajcarski w parku<\/figcaption><\/figure>\n<figure id=\"attachment_41638\" aria-describedby=\"caption-attachment-41638\" style=\"width: 960px\" class=\"wp-caption alignnone\"><img loading=\"lazy\" decoding=\"async\" class=\"wp-image-41638 size-large\" src=\"https:\/\/kaliszczasemmalowany.pl\/wp-content\/uploads\/2020\/08\/20-1024x853.jpg\" alt=\"Album z widokami Kalisza Boretti\" width=\"960\" height=\"800\" srcset=\"https:\/\/kaliszczasemmalowany.pl\/wp-content\/uploads\/2020\/08\/20-1024x853.jpg 1024w, https:\/\/kaliszczasemmalowany.pl\/wp-content\/uploads\/2020\/08\/20-300x250.jpg 300w, https:\/\/kaliszczasemmalowany.pl\/wp-content\/uploads\/2020\/08\/20-768x640.jpg 768w, https:\/\/kaliszczasemmalowany.pl\/wp-content\/uploads\/2020\/08\/20-1536x1280.jpg 1536w, https:\/\/kaliszczasemmalowany.pl\/wp-content\/uploads\/2020\/08\/20-2048x1707.jpg 2048w, https:\/\/kaliszczasemmalowany.pl\/wp-content\/uploads\/2020\/08\/20-1200x1000.jpg 1200w\" sizes=\"(max-width: 960px) 100vw, 960px\" \/><figcaption id=\"caption-attachment-41638\" class=\"wp-caption-text\">Sztuczne ruiny w Parku<\/figcaption><\/figure>\n<figure id=\"attachment_41639\" aria-describedby=\"caption-attachment-41639\" style=\"width: 960px\" class=\"wp-caption alignnone\"><img loading=\"lazy\" decoding=\"async\" class=\"wp-image-41639 size-large\" src=\"https:\/\/kaliszczasemmalowany.pl\/wp-content\/uploads\/2020\/08\/21-1024x847.jpg\" alt=\"Album z widokami Kalisza Boretti\" width=\"960\" height=\"794\" srcset=\"https:\/\/kaliszczasemmalowany.pl\/wp-content\/uploads\/2020\/08\/21-1024x847.jpg 1024w, https:\/\/kaliszczasemmalowany.pl\/wp-content\/uploads\/2020\/08\/21-300x248.jpg 300w, https:\/\/kaliszczasemmalowany.pl\/wp-content\/uploads\/2020\/08\/21-768x635.jpg 768w, https:\/\/kaliszczasemmalowany.pl\/wp-content\/uploads\/2020\/08\/21-1536x1271.jpg 1536w\" sizes=\"(max-width: 960px) 100vw, 960px\" \/><figcaption id=\"caption-attachment-41639\" class=\"wp-caption-text\">Oran\u017ceria w Parku<\/figcaption><\/figure>\n<figure id=\"attachment_41640\" aria-describedby=\"caption-attachment-41640\" style=\"width: 960px\" class=\"wp-caption alignnone\"><img loading=\"lazy\" decoding=\"async\" class=\"wp-image-41640 size-large\" src=\"https:\/\/kaliszczasemmalowany.pl\/wp-content\/uploads\/2020\/08\/22-1024x847.jpg\" alt=\"Album z widokami Kalisza Boretti\" width=\"960\" height=\"794\" srcset=\"https:\/\/kaliszczasemmalowany.pl\/wp-content\/uploads\/2020\/08\/22-1024x847.jpg 1024w, https:\/\/kaliszczasemmalowany.pl\/wp-content\/uploads\/2020\/08\/22-300x248.jpg 300w, https:\/\/kaliszczasemmalowany.pl\/wp-content\/uploads\/2020\/08\/22-768x635.jpg 768w, https:\/\/kaliszczasemmalowany.pl\/wp-content\/uploads\/2020\/08\/22-1536x1271.jpg 1536w, https:\/\/kaliszczasemmalowany.pl\/wp-content\/uploads\/2020\/08\/22-2048x1694.jpg 2048w, https:\/\/kaliszczasemmalowany.pl\/wp-content\/uploads\/2020\/08\/22-1200x993.jpg 1200w\" sizes=\"(max-width: 960px) 100vw, 960px\" \/><figcaption id=\"caption-attachment-41640\" class=\"wp-caption-text\">Staw z wysepk\u0105 zwany Kogutkiem<\/figcaption><\/figure>\n<figure id=\"attachment_41641\" aria-describedby=\"caption-attachment-41641\" style=\"width: 959px\" class=\"wp-caption alignnone\"><img loading=\"lazy\" decoding=\"async\" class=\"wp-image-41641\" src=\"https:\/\/kaliszczasemmalowany.pl\/wp-content\/uploads\/2020\/08\/23-849x1024.jpg\" alt=\"Album z widokami Kalisza Boretti\" width=\"959\" height=\"1157\" srcset=\"https:\/\/kaliszczasemmalowany.pl\/wp-content\/uploads\/2020\/08\/23-849x1024.jpg 849w, https:\/\/kaliszczasemmalowany.pl\/wp-content\/uploads\/2020\/08\/23-249x300.jpg 249w, https:\/\/kaliszczasemmalowany.pl\/wp-content\/uploads\/2020\/08\/23-768x926.jpg 768w, https:\/\/kaliszczasemmalowany.pl\/wp-content\/uploads\/2020\/08\/23-1274x1536.jpg 1274w, https:\/\/kaliszczasemmalowany.pl\/wp-content\/uploads\/2020\/08\/23-1698x2048.jpg 1698w, https:\/\/kaliszczasemmalowany.pl\/wp-content\/uploads\/2020\/08\/23-1200x1447.jpg 1200w\" sizes=\"(max-width: 959px) 100vw, 959px\" \/><figcaption id=\"caption-attachment-41641\" class=\"wp-caption-text\">Wielki o\u0142tarz w ko\u015bciele \u015bw. Miko\u0142aja<\/figcaption><\/figure>\n<p><a href=\"https:\/\/kaliszczasemmalowany.pl\/index.php\/2020\/katedra-pod-wezwaniem-sw-mikolaja-biskupa\/\" target=\"_blank\" rel=\"noopener\">O\u0142tarz w Katedrze<\/a><\/p>\n<p>zobacz r\u00f3wnie\u017c Album Staweckiego: <a href=\"https:\/\/kalisz.liszewski.info\/album-kaliskie\/\" target=\"_blank\" rel=\"nofollow noopener\">https:\/\/kalisz.liszewski.info\/album-kaliskie\/<\/a><\/p>\n","protected":false},"excerpt":{"rendered":"<p>Album z widokami Kalisza Muzeum Narodowe w Krakowie; www.zbiory.mnk.pl ;MNK IV-V-485\/1-23;fot. Mateusz Szczypi&#324;ski Klasyfikacja praw autorskich: Domena publiczna<\/p>\n","protected":false},"author":2,"featured_media":41624,"comment_status":"open","ping_status":"open","sticky":false,"template":"","format":"standard","meta":{"_monsterinsights_skip_tracking":false,"_monsterinsights_sitenote_active":false,"_monsterinsights_sitenote_note":"","_monsterinsights_sitenote_category":0,"footnotes":""},"categories":[39,2,372],"tags":[273,234,9,35,23,85,154,399,274,178,116],"class_list":["post-41617","post","type-post","status-publish","format-standard","has-post-thumbnail","hentry","category-kaliszanie","category-o-kaliszu","category-zabytki","tag-adam-asnyk","tag-boretti","tag-glowny-rynek","tag-koscioly","tag-park","tag-park-miejski","tag-rogatka","tag-rzeznicza","tag-szkoly","tag-wincenty-franciszek-boretti","tag-zamkowa"],"aioseo_notices":[],"aioseo_head":"\n\t\t<!-- All in One SEO Pro 4.9.0 - aioseo.com -->\n\t<meta name=\"description\" content=\"Album z widokami Kalisza z 1896, fotograf Wincenty Franciszek Boretti - A. Lewandowicz - introligator (oprawa)- Fotoblog subiektywny - Kalisz Czasem Malowany\" \/>\n\t<meta name=\"robots\" content=\"max-image-preview:large\" \/>\n\t<meta name=\"author\" content=\"PiK\"\/>\n\t<meta name=\"keywords\" content=\"adam asnyk,boretti,g\u0142\u00f3wny rynek,ko\u015bcio\u0142y,park,park miejski,rogatka,rze\u017anicza,szko\u0142y,wincenty franciszek boretti,zamkowa,kaliszanie,o kaliszu,zabytki\" \/>\n\t<link rel=\"canonical\" href=\"https:\/\/kaliszczasemmalowany.pl\/index.php\/2024\/album-z-widokami-kalisza\/\" \/>\n\t<meta name=\"generator\" content=\"All in One SEO Pro (AIOSEO) 4.9.0\" \/>\n\t\t<meta property=\"og:locale\" content=\"pl_PL\" \/>\n\t\t<meta property=\"og:site_name\" content=\"Kalisz Czasem Malowany - Fotoblog subiektywny\" \/>\n\t\t<meta property=\"og:type\" content=\"activity\" \/>\n\t\t<meta property=\"og:title\" content=\"Album z widokami Kalisza z 1896, fotograf Wincenty Franciszek Boretti - Kalisz Czasem Malowany\" \/>\n\t\t<meta property=\"og:description\" content=\"Album z widokami Kalisza z 1896, fotograf Wincenty Franciszek Boretti - A. Lewandowicz - introligator (oprawa)- Fotoblog subiektywny - Kalisz Czasem Malowany\" \/>\n\t\t<meta property=\"og:url\" content=\"https:\/\/kaliszczasemmalowany.pl\/index.php\/2024\/album-z-widokami-kalisza\/\" \/>\n\t\t<meta property=\"fb:app_id\" content=\"1247192616682170\" \/>\n\t\t<meta property=\"fb:admins\" content=\"100003136013596,100070523616841,100004477359982\" \/>\n\t\t<meta property=\"og:image\" content=\"https:\/\/kaliszczasemmalowany.pl\/wp-content\/uploads\/2020\/08\/06-scaled.jpg\" \/>\n\t\t<meta property=\"og:image:secure_url\" content=\"https:\/\/kaliszczasemmalowany.pl\/wp-content\/uploads\/2020\/08\/06-scaled.jpg\" \/>\n\t\t<meta property=\"og:image:width\" content=\"2560\" \/>\n\t\t<meta property=\"og:image:height\" content=\"2117\" \/>\n\t\t<meta name=\"twitter:card\" content=\"summary_large_image\" \/>\n\t\t<meta name=\"twitter:site\" content=\"@pik1982dil\" \/>\n\t\t<meta name=\"twitter:title\" content=\"Album z widokami Kalisza z 1896, fotograf Wincenty Franciszek Boretti - Kalisz Czasem Malowany\" \/>\n\t\t<meta name=\"twitter:description\" content=\"Album z widokami Kalisza z 1896, fotograf Wincenty Franciszek Boretti - A. Lewandowicz - introligator (oprawa)- Fotoblog subiektywny - Kalisz Czasem Malowany\" \/>\n\t\t<meta name=\"twitter:creator\" content=\"@pik1982dil\" \/>\n\t\t<meta name=\"twitter:image\" content=\"https:\/\/kaliszczasemmalowany.pl\/wp-content\/uploads\/2020\/08\/06-scaled.jpg\" \/>\n\t\t<meta name=\"twitter:label1\" content=\"Autor\" \/>\n\t\t<meta name=\"twitter:data1\" content=\"PiK\" \/>\n\t\t<meta name=\"twitter:label2\" content=\"Szac. czas czytania\" \/>\n\t\t<meta name=\"twitter:data2\" content=\"2 minuty\" \/>\n\t\t<script type=\"application\/ld+json\" class=\"aioseo-schema\">\n\t\t\t{\"@context\":\"https:\\\/\\\/schema.org\",\"@graph\":[{\"@type\":\"BlogPosting\",\"@id\":\"https:\\\/\\\/kaliszczasemmalowany.pl\\\/index.php\\\/2024\\\/album-z-widokami-kalisza\\\/#blogposting\",\"name\":\"Album z widokami Kalisza z 1896, fotograf Wincenty Franciszek Boretti - Kalisz Czasem Malowany\",\"headline\":\"Album z widokami Kalisza z 1896, fotograf Wincenty Franciszek Boretti\",\"author\":{\"@id\":\"https:\\\/\\\/kaliszczasemmalowany.pl\\\/index.php\\\/author\\\/krysia\\\/#author\"},\"publisher\":{\"@id\":\"https:\\\/\\\/kaliszczasemmalowany.pl\\\/#person\"},\"image\":{\"@type\":\"ImageObject\",\"url\":\"https:\\\/\\\/kaliszczasemmalowany.pl\\\/wp-content\\\/uploads\\\/2020\\\/08\\\/06-scaled.jpg\",\"width\":2560,\"height\":2117,\"caption\":\"Muzeum Narodowe w Krakowie; www.zbiory.mnk.pl ;MNK IV-V-485\\\/1-23;;fot. Mateusz Szczypi?ski\"},\"datePublished\":\"2024-08-23T09:48:51+02:00\",\"dateModified\":\"2024-10-08T09:56:52+02:00\",\"inLanguage\":\"pl-PL\",\"mainEntityOfPage\":{\"@id\":\"https:\\\/\\\/kaliszczasemmalowany.pl\\\/index.php\\\/2024\\\/album-z-widokami-kalisza\\\/#webpage\"},\"isPartOf\":{\"@id\":\"https:\\\/\\\/kaliszczasemmalowany.pl\\\/index.php\\\/2024\\\/album-z-widokami-kalisza\\\/#webpage\"},\"articleSection\":\"kaliszanie, O Kaliszu, zabytki, Adam Asnyk, Boretti, G\\u0142\\u00f3wny Rynek, ko\\u015bcio\\u0142y, park, Park Miejski, Rogatka, Rze\\u017anicza, szko\\u0142y, Wincenty Franciszek Boretti, Zamkowa\"},{\"@type\":\"BreadcrumbList\",\"@id\":\"https:\\\/\\\/kaliszczasemmalowany.pl\\\/index.php\\\/2024\\\/album-z-widokami-kalisza\\\/#breadcrumblist\",\"itemListElement\":[{\"@type\":\"ListItem\",\"@id\":\"https:\\\/\\\/kaliszczasemmalowany.pl#listItem\",\"position\":1,\"name\":\"Strona g\\u0142\\u00f3wna\",\"item\":\"https:\\\/\\\/kaliszczasemmalowany.pl\",\"nextItem\":{\"@type\":\"ListItem\",\"@id\":\"https:\\\/\\\/kaliszczasemmalowany.pl\\\/index.php\\\/category\\\/o-kaliszu\\\/#listItem\",\"name\":\"O Kaliszu\"}},{\"@type\":\"ListItem\",\"@id\":\"https:\\\/\\\/kaliszczasemmalowany.pl\\\/index.php\\\/category\\\/o-kaliszu\\\/#listItem\",\"position\":2,\"name\":\"O Kaliszu\",\"item\":\"https:\\\/\\\/kaliszczasemmalowany.pl\\\/index.php\\\/category\\\/o-kaliszu\\\/\",\"nextItem\":{\"@type\":\"ListItem\",\"@id\":\"https:\\\/\\\/kaliszczasemmalowany.pl\\\/index.php\\\/2024\\\/album-z-widokami-kalisza\\\/#listItem\",\"name\":\"Album z widokami Kalisza z 1896, fotograf Wincenty Franciszek Boretti\"},\"previousItem\":{\"@type\":\"ListItem\",\"@id\":\"https:\\\/\\\/kaliszczasemmalowany.pl#listItem\",\"name\":\"Strona g\\u0142\\u00f3wna\"}},{\"@type\":\"ListItem\",\"@id\":\"https:\\\/\\\/kaliszczasemmalowany.pl\\\/index.php\\\/2024\\\/album-z-widokami-kalisza\\\/#listItem\",\"position\":3,\"name\":\"Album z widokami Kalisza z 1896, fotograf Wincenty Franciszek Boretti\",\"previousItem\":{\"@type\":\"ListItem\",\"@id\":\"https:\\\/\\\/kaliszczasemmalowany.pl\\\/index.php\\\/category\\\/o-kaliszu\\\/#listItem\",\"name\":\"O Kaliszu\"}}]},{\"@type\":\"Person\",\"@id\":\"https:\\\/\\\/kaliszczasemmalowany.pl\\\/#person\",\"name\":\"Pawe\\u0142 Liszewski\",\"image\":{\"@type\":\"ImageObject\",\"@id\":\"https:\\\/\\\/kaliszczasemmalowany.pl\\\/index.php\\\/2024\\\/album-z-widokami-kalisza\\\/#personImage\",\"url\":\"https:\\\/\\\/secure.gravatar.com\\\/avatar\\\/5a5afc29e8abe93f415ca15abf21395d6303ab000250220121432e5aab91966e?s=96&d=mm&r=g\",\"width\":96,\"height\":96,\"caption\":\"Pawe\\u0142 Liszewski\"}},{\"@type\":\"Person\",\"@id\":\"https:\\\/\\\/kaliszczasemmalowany.pl\\\/index.php\\\/author\\\/krysia\\\/#author\",\"url\":\"https:\\\/\\\/kaliszczasemmalowany.pl\\\/index.php\\\/author\\\/krysia\\\/\",\"name\":\"PiK\",\"image\":{\"@type\":\"ImageObject\",\"url\":\"https:\\\/\\\/secure.gravatar.com\\\/avatar\\\/a01eefe17b2143fe4c87c80742bc7ae8a193169eeebde9de8373aab5f31e2654?s=96&d=mm&r=g\"}},{\"@type\":\"WebPage\",\"@id\":\"https:\\\/\\\/kaliszczasemmalowany.pl\\\/index.php\\\/2024\\\/album-z-widokami-kalisza\\\/#webpage\",\"url\":\"https:\\\/\\\/kaliszczasemmalowany.pl\\\/index.php\\\/2024\\\/album-z-widokami-kalisza\\\/\",\"name\":\"Album z widokami Kalisza z 1896, fotograf Wincenty Franciszek Boretti - Kalisz Czasem Malowany\",\"description\":\"Album z widokami Kalisza z 1896, fotograf Wincenty Franciszek Boretti - A. Lewandowicz - introligator (oprawa)- Fotoblog subiektywny - Kalisz Czasem Malowany\",\"inLanguage\":\"pl-PL\",\"isPartOf\":{\"@id\":\"https:\\\/\\\/kaliszczasemmalowany.pl\\\/#website\"},\"breadcrumb\":{\"@id\":\"https:\\\/\\\/kaliszczasemmalowany.pl\\\/index.php\\\/2024\\\/album-z-widokami-kalisza\\\/#breadcrumblist\"},\"author\":{\"@id\":\"https:\\\/\\\/kaliszczasemmalowany.pl\\\/index.php\\\/author\\\/krysia\\\/#author\"},\"creator\":{\"@id\":\"https:\\\/\\\/kaliszczasemmalowany.pl\\\/index.php\\\/author\\\/krysia\\\/#author\"},\"image\":{\"@type\":\"ImageObject\",\"url\":\"https:\\\/\\\/kaliszczasemmalowany.pl\\\/wp-content\\\/uploads\\\/2020\\\/08\\\/06-scaled.jpg\",\"@id\":\"https:\\\/\\\/kaliszczasemmalowany.pl\\\/index.php\\\/2024\\\/album-z-widokami-kalisza\\\/#mainImage\",\"width\":2560,\"height\":2117,\"caption\":\"Muzeum Narodowe w Krakowie; www.zbiory.mnk.pl ;MNK IV-V-485\\\/1-23;;fot. Mateusz Szczypi?ski\"},\"primaryImageOfPage\":{\"@id\":\"https:\\\/\\\/kaliszczasemmalowany.pl\\\/index.php\\\/2024\\\/album-z-widokami-kalisza\\\/#mainImage\"},\"datePublished\":\"2024-08-23T09:48:51+02:00\",\"dateModified\":\"2024-10-08T09:56:52+02:00\"},{\"@type\":\"WebSite\",\"@id\":\"https:\\\/\\\/kaliszczasemmalowany.pl\\\/#website\",\"url\":\"https:\\\/\\\/kaliszczasemmalowany.pl\\\/\",\"name\":\"Kalisz Czasem Malowany\",\"description\":\"Fotoblog subiektywny\",\"inLanguage\":\"pl-PL\",\"publisher\":{\"@id\":\"https:\\\/\\\/kaliszczasemmalowany.pl\\\/#person\"}}]}\n\t\t<\/script>\n\t\t<!-- All in One SEO Pro -->\r\n\t\t<title>Album z widokami Kalisza z 1896, fotograf Wincenty Franciszek Boretti - Kalisz Czasem Malowany<\/title>\n\n","aioseo_head_json":{"title":"Album z widokami Kalisza z 1896, fotograf Wincenty Franciszek Boretti - Kalisz Czasem Malowany","description":"Album z widokami Kalisza z 1896, fotograf Wincenty Franciszek Boretti - A. Lewandowicz - introligator (oprawa)- Fotoblog subiektywny - Kalisz Czasem Malowany","canonical_url":"https:\/\/kaliszczasemmalowany.pl\/index.php\/2024\/album-z-widokami-kalisza\/","robots":"max-image-preview:large","keywords":"adam asnyk,boretti,g\u0142\u00f3wny rynek,ko\u015bcio\u0142y,park,park miejski,rogatka,rze\u017anicza,szko\u0142y,wincenty franciszek boretti,zamkowa,kaliszanie,o kaliszu,zabytki","webmasterTools":{"miscellaneous":""},"schema":{"@context":"https:\/\/schema.org","@graph":[{"@type":"BlogPosting","@id":"https:\/\/kaliszczasemmalowany.pl\/index.php\/2024\/album-z-widokami-kalisza\/#blogposting","name":"Album z widokami Kalisza z 1896, fotograf Wincenty Franciszek Boretti - Kalisz Czasem Malowany","headline":"Album z widokami Kalisza z 1896, fotograf Wincenty Franciszek Boretti","author":{"@id":"https:\/\/kaliszczasemmalowany.pl\/index.php\/author\/krysia\/#author"},"publisher":{"@id":"https:\/\/kaliszczasemmalowany.pl\/#person"},"image":{"@type":"ImageObject","url":"https:\/\/kaliszczasemmalowany.pl\/wp-content\/uploads\/2020\/08\/06-scaled.jpg","width":2560,"height":2117,"caption":"Muzeum Narodowe w Krakowie; www.zbiory.mnk.pl ;MNK IV-V-485\/1-23;;fot. Mateusz Szczypi?ski"},"datePublished":"2024-08-23T09:48:51+02:00","dateModified":"2024-10-08T09:56:52+02:00","inLanguage":"pl-PL","mainEntityOfPage":{"@id":"https:\/\/kaliszczasemmalowany.pl\/index.php\/2024\/album-z-widokami-kalisza\/#webpage"},"isPartOf":{"@id":"https:\/\/kaliszczasemmalowany.pl\/index.php\/2024\/album-z-widokami-kalisza\/#webpage"},"articleSection":"kaliszanie, O Kaliszu, zabytki, Adam Asnyk, Boretti, G\u0142\u00f3wny Rynek, ko\u015bcio\u0142y, park, Park Miejski, Rogatka, Rze\u017anicza, szko\u0142y, Wincenty Franciszek Boretti, Zamkowa"},{"@type":"BreadcrumbList","@id":"https:\/\/kaliszczasemmalowany.pl\/index.php\/2024\/album-z-widokami-kalisza\/#breadcrumblist","itemListElement":[{"@type":"ListItem","@id":"https:\/\/kaliszczasemmalowany.pl#listItem","position":1,"name":"Strona g\u0142\u00f3wna","item":"https:\/\/kaliszczasemmalowany.pl","nextItem":{"@type":"ListItem","@id":"https:\/\/kaliszczasemmalowany.pl\/index.php\/category\/o-kaliszu\/#listItem","name":"O Kaliszu"}},{"@type":"ListItem","@id":"https:\/\/kaliszczasemmalowany.pl\/index.php\/category\/o-kaliszu\/#listItem","position":2,"name":"O Kaliszu","item":"https:\/\/kaliszczasemmalowany.pl\/index.php\/category\/o-kaliszu\/","nextItem":{"@type":"ListItem","@id":"https:\/\/kaliszczasemmalowany.pl\/index.php\/2024\/album-z-widokami-kalisza\/#listItem","name":"Album z widokami Kalisza z 1896, fotograf Wincenty Franciszek Boretti"},"previousItem":{"@type":"ListItem","@id":"https:\/\/kaliszczasemmalowany.pl#listItem","name":"Strona g\u0142\u00f3wna"}},{"@type":"ListItem","@id":"https:\/\/kaliszczasemmalowany.pl\/index.php\/2024\/album-z-widokami-kalisza\/#listItem","position":3,"name":"Album z widokami Kalisza z 1896, fotograf Wincenty Franciszek Boretti","previousItem":{"@type":"ListItem","@id":"https:\/\/kaliszczasemmalowany.pl\/index.php\/category\/o-kaliszu\/#listItem","name":"O Kaliszu"}}]},{"@type":"Person","@id":"https:\/\/kaliszczasemmalowany.pl\/#person","name":"Pawe\u0142 Liszewski","image":{"@type":"ImageObject","@id":"https:\/\/kaliszczasemmalowany.pl\/index.php\/2024\/album-z-widokami-kalisza\/#personImage","url":"https:\/\/secure.gravatar.com\/avatar\/5a5afc29e8abe93f415ca15abf21395d6303ab000250220121432e5aab91966e?s=96&d=mm&r=g","width":96,"height":96,"caption":"Pawe\u0142 Liszewski"}},{"@type":"Person","@id":"https:\/\/kaliszczasemmalowany.pl\/index.php\/author\/krysia\/#author","url":"https:\/\/kaliszczasemmalowany.pl\/index.php\/author\/krysia\/","name":"PiK","image":{"@type":"ImageObject","url":"https:\/\/secure.gravatar.com\/avatar\/a01eefe17b2143fe4c87c80742bc7ae8a193169eeebde9de8373aab5f31e2654?s=96&d=mm&r=g"}},{"@type":"WebPage","@id":"https:\/\/kaliszczasemmalowany.pl\/index.php\/2024\/album-z-widokami-kalisza\/#webpage","url":"https:\/\/kaliszczasemmalowany.pl\/index.php\/2024\/album-z-widokami-kalisza\/","name":"Album z widokami Kalisza z 1896, fotograf Wincenty Franciszek Boretti - Kalisz Czasem Malowany","description":"Album z widokami Kalisza z 1896, fotograf Wincenty Franciszek Boretti - A. Lewandowicz - introligator (oprawa)- Fotoblog subiektywny - Kalisz Czasem Malowany","inLanguage":"pl-PL","isPartOf":{"@id":"https:\/\/kaliszczasemmalowany.pl\/#website"},"breadcrumb":{"@id":"https:\/\/kaliszczasemmalowany.pl\/index.php\/2024\/album-z-widokami-kalisza\/#breadcrumblist"},"author":{"@id":"https:\/\/kaliszczasemmalowany.pl\/index.php\/author\/krysia\/#author"},"creator":{"@id":"https:\/\/kaliszczasemmalowany.pl\/index.php\/author\/krysia\/#author"},"image":{"@type":"ImageObject","url":"https:\/\/kaliszczasemmalowany.pl\/wp-content\/uploads\/2020\/08\/06-scaled.jpg","@id":"https:\/\/kaliszczasemmalowany.pl\/index.php\/2024\/album-z-widokami-kalisza\/#mainImage","width":2560,"height":2117,"caption":"Muzeum Narodowe w Krakowie; www.zbiory.mnk.pl ;MNK IV-V-485\/1-23;;fot. Mateusz Szczypi?ski"},"primaryImageOfPage":{"@id":"https:\/\/kaliszczasemmalowany.pl\/index.php\/2024\/album-z-widokami-kalisza\/#mainImage"},"datePublished":"2024-08-23T09:48:51+02:00","dateModified":"2024-10-08T09:56:52+02:00"},{"@type":"WebSite","@id":"https:\/\/kaliszczasemmalowany.pl\/#website","url":"https:\/\/kaliszczasemmalowany.pl\/","name":"Kalisz Czasem Malowany","description":"Fotoblog subiektywny","inLanguage":"pl-PL","publisher":{"@id":"https:\/\/kaliszczasemmalowany.pl\/#person"}}]},"og:locale":"pl_PL","og:site_name":"Kalisz Czasem Malowany - Fotoblog subiektywny","og:type":"activity","og:title":"Album z widokami Kalisza z 1896, fotograf Wincenty Franciszek Boretti - Kalisz Czasem Malowany","og:description":"Album z widokami Kalisza z 1896, fotograf Wincenty Franciszek Boretti - A. Lewandowicz - introligator (oprawa)- Fotoblog subiektywny - Kalisz Czasem Malowany","og:url":"https:\/\/kaliszczasemmalowany.pl\/index.php\/2024\/album-z-widokami-kalisza\/","fb:app_id":"1247192616682170","fb:admins":"100003136013596,100070523616841,100004477359982","og:image":"https:\/\/kaliszczasemmalowany.pl\/wp-content\/uploads\/2020\/08\/06-scaled.jpg","og:image:secure_url":"https:\/\/kaliszczasemmalowany.pl\/wp-content\/uploads\/2020\/08\/06-scaled.jpg","og:image:width":2560,"og:image:height":2117,"twitter:card":"summary_large_image","twitter:site":"@pik1982dil","twitter:title":"Album z widokami Kalisza z 1896, fotograf Wincenty Franciszek Boretti - Kalisz Czasem Malowany","twitter:description":"Album z widokami Kalisza z 1896, fotograf Wincenty Franciszek Boretti - A. Lewandowicz - introligator (oprawa)- Fotoblog subiektywny - Kalisz Czasem Malowany","twitter:creator":"@pik1982dil","twitter:image":"https:\/\/kaliszczasemmalowany.pl\/wp-content\/uploads\/2020\/08\/06-scaled.jpg","twitter:label1":"Autor","twitter:data1":"PiK","twitter:label2":"Szac. czas czytania","twitter:data2":"2 minuty"},"aioseo_meta_data":{"post_id":"41617","title":null,"description":"#post_title #separator_sa A. Lewandowicz - introligator (oprawa)#separator_sa #tagline #separator_sa #site_title","keywords":null,"keyphrases":{"focus":{"keyphrase":"Album z widokami Kalisza","score":100,"analysis":{"keyphraseInTitle":{"score":9,"maxScore":9,"error":0},"keyphraseInDescription":{"score":9,"maxScore":9,"error":0},"keyphraseLength":{"score":9,"maxScore":9,"error":0,"length":4},"keyphraseInURL":{"score":5,"maxScore":5,"error":0},"keyphraseInIntroduction":{"score":9,"maxScore":9,"error":0},"keyphraseInSubHeadings":[],"keyphraseInImageAlt":{"score":9,"maxScore":9,"error":0},"keywordDensity":{"type":"best","score":9,"maxScore":9,"error":0}}},"additional":[]},"primary_term":{"category":2},"canonical_url":null,"og_title":null,"og_description":null,"og_object_type":"default","og_image_type":"default","og_image_url":null,"og_image_width":null,"og_image_height":null,"og_image_custom_url":null,"og_image_custom_fields":null,"og_video":"","og_custom_url":null,"og_article_section":null,"og_article_tags":null,"twitter_use_og":true,"twitter_card":"default","twitter_image_type":"default","twitter_image_url":null,"twitter_image_custom_url":null,"twitter_image_custom_fields":null,"twitter_title":null,"twitter_description":null,"schema":{"blockGraphs":[],"customGraphs":[],"default":{"data":{"Article":[],"Course":[],"Dataset":[],"FAQPage":[],"Movie":[],"Person":[],"Product":[],"ProductReview":[],"Car":[],"Recipe":[],"Service":[],"SoftwareApplication":[],"WebPage":[]},"graphName":"BlogPosting","isEnabled":true},"graphs":[]},"schema_type":"default","schema_type_options":null,"pillar_content":false,"robots_default":true,"robots_noindex":false,"robots_noarchive":false,"robots_nosnippet":false,"robots_nofollow":false,"robots_noimageindex":false,"robots_noodp":false,"robots_notranslate":false,"robots_max_snippet":"-1","robots_max_videopreview":"-1","robots_max_imagepreview":"large","priority":null,"frequency":"default","local_seo":null,"seo_analyzer_scan_date":"2025-11-28 14:46:40","breadcrumb_settings":null,"limit_modified_date":false,"reviewed_by":null,"open_ai":"{\"title\":{\"suggestions\":[],\"usage\":0},\"description\":{\"suggestions\":[],\"usage\":0}}","ai":null,"created":"2023-08-16 18:13:35","updated":"2025-11-28 14:46:40"},"aioseo_breadcrumb":"<div class=\"aioseo-breadcrumbs\"><span class=\"aioseo-breadcrumb\">\n\t<a href=\"https:\/\/kaliszczasemmalowany.pl\" title=\"Strona g\u0142\u00f3wna\">Strona g\u0142\u00f3wna<\/a>\n<\/span><span class=\"aioseo-breadcrumb-separator\">\u00bb<\/span><span class=\"aioseo-breadcrumb\">\n\t<a href=\"https:\/\/kaliszczasemmalowany.pl\/index.php\/category\/o-kaliszu\/\" title=\"O Kaliszu\">O Kaliszu<\/a>\n<\/span><span class=\"aioseo-breadcrumb-separator\">\u00bb<\/span><span class=\"aioseo-breadcrumb\">\n\tAlbum z widokami Kalisza z 1896, fotograf Wincenty Franciszek Boretti\n<\/span><\/div>","aioseo_breadcrumb_json":[{"label":"Strona g\u0142\u00f3wna","link":"https:\/\/kaliszczasemmalowany.pl"},{"label":"O Kaliszu","link":"https:\/\/kaliszczasemmalowany.pl\/index.php\/category\/o-kaliszu\/"},{"label":"Album z widokami Kalisza z 1896, fotograf Wincenty Franciszek Boretti","link":"https:\/\/kaliszczasemmalowany.pl\/index.php\/2024\/album-z-widokami-kalisza\/"}],"acf":[],"_links":{"self":[{"href":"https:\/\/kaliszczasemmalowany.pl\/index.php\/wp-json\/wp\/v2\/posts\/41617","targetHints":{"allow":["GET"]}}],"collection":[{"href":"https:\/\/kaliszczasemmalowany.pl\/index.php\/wp-json\/wp\/v2\/posts"}],"about":[{"href":"https:\/\/kaliszczasemmalowany.pl\/index.php\/wp-json\/wp\/v2\/types\/post"}],"author":[{"embeddable":true,"href":"https:\/\/kaliszczasemmalowany.pl\/index.php\/wp-json\/wp\/v2\/users\/2"}],"replies":[{"embeddable":true,"href":"https:\/\/kaliszczasemmalowany.pl\/index.php\/wp-json\/wp\/v2\/comments?post=41617"}],"version-history":[{"count":13,"href":"https:\/\/kaliszczasemmalowany.pl\/index.php\/wp-json\/wp\/v2\/posts\/41617\/revisions"}],"predecessor-version":[{"id":45848,"href":"https:\/\/kaliszczasemmalowany.pl\/index.php\/wp-json\/wp\/v2\/posts\/41617\/revisions\/45848"}],"wp:featuredmedia":[{"embeddable":true,"href":"https:\/\/kaliszczasemmalowany.pl\/index.php\/wp-json\/wp\/v2\/media\/41624"}],"wp:attachment":[{"href":"https:\/\/kaliszczasemmalowany.pl\/index.php\/wp-json\/wp\/v2\/media?parent=41617"}],"wp:term":[{"taxonomy":"category","embeddable":true,"href":"https:\/\/kaliszczasemmalowany.pl\/index.php\/wp-json\/wp\/v2\/categories?post=41617"},{"taxonomy":"post_tag","embeddable":true,"href":"https:\/\/kaliszczasemmalowany.pl\/index.php\/wp-json\/wp\/v2\/tags?post=41617"}],"curies":[{"name":"wp","href":"https:\/\/api.w.org\/{rel}","templated":true}]}}