{"id":376,"date":"2026-04-04T08:00:24","date_gmt":"2026-04-04T07:00:24","guid":{"rendered":"http:\/\/kaliszczasemmalowany.pl\/?p=376"},"modified":"2026-04-17T10:29:31","modified_gmt":"2026-04-17T08:29:31","slug":"romantyczne-ruiny-daragana-i-rzezby-parkowe","status":"publish","type":"post","link":"https:\/\/kaliszczasemmalowany.pl\/index.php\/2026\/romantyczne-ruiny-daragana-i-rzezby-parkowe\/","title":{"rendered":"Romantyczne ruiny Daragana i rze\u017aby parkowe"},"content":{"rendered":"<p>Rze\u017aby w kaliskim Parku Miejskim.<\/p>\n<p><img fetchpriority=\"high\" decoding=\"async\" class=\"alignnone wp-image-43531\" src=\"https:\/\/kaliszczasemmalowany.pl\/wp-content\/uploads\/2023\/09\/DSC_3132.jpg\" alt=\"kalisz park flora rze\u017aby\" width=\"1110\" height=\"787\" srcset=\"https:\/\/kaliszczasemmalowany.pl\/wp-content\/uploads\/2023\/09\/DSC_3132.jpg 2048w, https:\/\/kaliszczasemmalowany.pl\/wp-content\/uploads\/2023\/09\/DSC_3132-300x213.jpg 300w, https:\/\/kaliszczasemmalowany.pl\/wp-content\/uploads\/2023\/09\/DSC_3132-768x544.jpg 768w, https:\/\/kaliszczasemmalowany.pl\/wp-content\/uploads\/2023\/09\/DSC_3132-1536x1088.jpg 1536w, https:\/\/kaliszczasemmalowany.pl\/wp-content\/uploads\/2023\/09\/DSC_3132-1140x808.jpg 1140w\" sizes=\"(max-width: 1110px) 100vw, 1110px\" \/><\/p>\n<p>Osiem rze\u017ab zdobi\u0105cych Park Miejski zniszczono podczas II wojny \u015bwiatowej. Park Miejski utraci\u0142 tak\u017ce zabytkowe ruiny pami\u0119taj\u0105ce<br \/>\nczasy gubernatora Daragana. Do dzi\u015b przetrwa\u0142a tylko Flora.<\/p>\n<figure id=\"attachment_371\" aria-describedby=\"caption-attachment-371\" style=\"width: 1110px\" class=\"wp-caption alignnone\"><img decoding=\"async\" class=\"wp-image-371\" src=\"https:\/\/kaliszczasemmalowany.pl\/wp-content\/uploads\/2017\/02\/RzezbyS-6-1024x976.jpg\" alt=\"kalisz park rze\u017aby ruiny\" width=\"1110\" height=\"1058\" srcset=\"https:\/\/kaliszczasemmalowany.pl\/wp-content\/uploads\/2017\/02\/RzezbyS-6-1024x976.jpg 1024w, https:\/\/kaliszczasemmalowany.pl\/wp-content\/uploads\/2017\/02\/RzezbyS-6-300x286.jpg 300w, https:\/\/kaliszczasemmalowany.pl\/wp-content\/uploads\/2017\/02\/RzezbyS-6-768x732.jpg 768w, https:\/\/kaliszczasemmalowany.pl\/wp-content\/uploads\/2017\/02\/RzezbyS-6-1200x1144.jpg 1200w, https:\/\/kaliszczasemmalowany.pl\/wp-content\/uploads\/2017\/02\/RzezbyS-6.jpg 1790w\" sizes=\"(max-width: 1110px) 100vw, 1110px\" \/><figcaption id=\"caption-attachment-371\" class=\"wp-caption-text\">Z\u00a0 inicjatywy carskiego gubernatora Micha\u0142a Daragana, w roku 1888 wzniesiono romantyczne ruiny. Do ko\u0144ca stulecia umieszczono te\u017c 6 rze\u017ab zam\u00f3wionych i wykonanych w fabryce Terrakotten der Tonwarenfabrik Ernst March &amp;S\u00f6hne w\u00a0Charlottenburgu, obecnej dzielnicy Berlina.<\/figcaption><\/figure>\n<p><!--more--><\/p>\n<p><img decoding=\"async\" class=\"alignnone wp-image-368 \" src=\"https:\/\/kaliszczasemmalowany.pl\/wp-content\/uploads\/2017\/02\/RzezbyS-3-1024x654.jpg\" alt=\"kalisz park rze\u017aby ruiny\" width=\"1107\" height=\"707\" srcset=\"https:\/\/kaliszczasemmalowany.pl\/wp-content\/uploads\/2017\/02\/RzezbyS-3-1024x654.jpg 1024w, https:\/\/kaliszczasemmalowany.pl\/wp-content\/uploads\/2017\/02\/RzezbyS-3-300x192.jpg 300w, https:\/\/kaliszczasemmalowany.pl\/wp-content\/uploads\/2017\/02\/RzezbyS-3-768x491.jpg 768w, https:\/\/kaliszczasemmalowany.pl\/wp-content\/uploads\/2017\/02\/RzezbyS-3-1200x766.jpg 1200w, https:\/\/kaliszczasemmalowany.pl\/wp-content\/uploads\/2017\/02\/RzezbyS-3.jpg 1611w\" sizes=\"(max-width: 1107px) 100vw, 1107px\" \/><\/p>\n<p><span style=\"font-size: 12pt;\">&#8222;Wspania\u0142\u0105 ozdob\u0105 parku by\u0142y wzniesione nad kana\u0142em Babink\u0105 sztuczne ruiny zamku. C\u00f3\u017c to by\u0142o za urocze miejsce! Tam zawsze umawiali\u015bmy si\u0119 na spotkania. Ukryci w cudownych zak\u0105tkach,<br \/>\nw\u015br\u00f3d p\u0142askorze\u017ab, pos\u0105g\u00f3w i kolumn oplecionych bluszczem, trawili\u015bmy d\u0142ugie godziny na rozmowach. Pami\u0119tam, \u017ce w\u015br\u00f3d tych imitacji starych mur\u00f3w i pos\u0105g\u00f3w stylizowanych na antyczne rze\u017aby, by\u0142y r\u00f3wnie\u017c umieszczone cenne historyczne zabytki. By\u0142a tam na przyk\u0142ad du\u017ca granitowa p\u0142yta z herbem arcybiskupa gnie\u017anie\u0144skiego Stanis\u0142awa Karnkowskiego, kt\u00f3ry zapisa\u0142 si\u0119 w dziejach Kalisza jako fundator zespo\u0142u gmach\u00f3w kolegium jezuickiego. Herb &#8222;Junosza&#8221; przedstawia\u0142 baranka, a wok\u00f3\u0142 niego wykuty by\u0142 \u0142aci\u0144ski napis: BURSA KARNKOVIANA ET SEMINARIUM 1595. Data ta wed\u0142ug historyk\u00f3w &#8211; oznacza rok uko\u0144czenia budowy kompleksu jezuickiego.&#8221;<\/span><br \/>\n<span style=\"font-size: 12pt;\"><em>cytat z ksi\u0105\u017cki MIASTO MEJ M\u0141ODO\u015aCI Tadeusza Pniewskiego<\/em><\/span><\/p>\n<figure id=\"attachment_2644\" aria-describedby=\"caption-attachment-2644\" style=\"width: 1107px\" class=\"wp-caption alignnone\"><img loading=\"lazy\" decoding=\"async\" class=\"wp-image-2644\" src=\"https:\/\/kaliszczasemmalowany.pl\/wp-content\/uploads\/2019\/01\/Jozefa-Wypych-Stowarzyszenie-mlodziezy-katolickiej-1-2-1024x653.jpg\" alt=\"kalisz park rze\u017aby ruiny\" width=\"1107\" height=\"706\" srcset=\"https:\/\/kaliszczasemmalowany.pl\/wp-content\/uploads\/2019\/01\/Jozefa-Wypych-Stowarzyszenie-mlodziezy-katolickiej-1-2-1024x653.jpg 1024w, https:\/\/kaliszczasemmalowany.pl\/wp-content\/uploads\/2019\/01\/Jozefa-Wypych-Stowarzyszenie-mlodziezy-katolickiej-1-2-300x191.jpg 300w, https:\/\/kaliszczasemmalowany.pl\/wp-content\/uploads\/2019\/01\/Jozefa-Wypych-Stowarzyszenie-mlodziezy-katolickiej-1-2-768x490.jpg 768w, https:\/\/kaliszczasemmalowany.pl\/wp-content\/uploads\/2019\/01\/Jozefa-Wypych-Stowarzyszenie-mlodziezy-katolickiej-1-2-1200x765.jpg 1200w\" sizes=\"(max-width: 1107px) 100vw, 1107px\" \/><figcaption id=\"caption-attachment-2644\" class=\"wp-caption-text\">Na zdj\u0119ciu kaliszanki ze Stowarzyszenia M\u0142odzie\u017cy Katolickiej.<\/figcaption><\/figure>\n<figure id=\"attachment_43524\" aria-describedby=\"caption-attachment-43524\" style=\"width: 1110px\" class=\"wp-caption alignnone\"><img loading=\"lazy\" decoding=\"async\" class=\"wp-image-43524 \" src=\"https:\/\/kaliszczasemmalowany.pl\/wp-content\/uploads\/2017\/02\/Flora.jpg\" alt=\"kalisz park flora rze\u017aby\" width=\"1110\" height=\"735\" srcset=\"https:\/\/kaliszczasemmalowany.pl\/wp-content\/uploads\/2017\/02\/Flora.jpg 2048w, https:\/\/kaliszczasemmalowany.pl\/wp-content\/uploads\/2017\/02\/Flora-300x199.jpg 300w, https:\/\/kaliszczasemmalowany.pl\/wp-content\/uploads\/2017\/02\/Flora-768x509.jpg 768w, https:\/\/kaliszczasemmalowany.pl\/wp-content\/uploads\/2017\/02\/Flora-1536x1017.jpg 1536w, https:\/\/kaliszczasemmalowany.pl\/wp-content\/uploads\/2017\/02\/Flora-1140x755.jpg 1140w, https:\/\/kaliszczasemmalowany.pl\/wp-content\/uploads\/2017\/02\/Flora-500x330.jpg 500w\" sizes=\"(max-width: 1110px) 100vw, 1110px\" \/><figcaption id=\"caption-attachment-43524\" class=\"wp-caption-text\"><a href=\"https:\/\/kaliszczasemmalowany.pl\/index.php\/2017\/flora-i-eurydyki-tanczace-w-parku\/\" target=\"_blank\" rel=\"noopener\">Flora zdobi Park Miejski do dzisiaj<\/a><\/figcaption><\/figure>\n<figure id=\"attachment_366\" aria-describedby=\"caption-attachment-366\" style=\"width: 1105px\" class=\"wp-caption alignnone\"><img loading=\"lazy\" decoding=\"async\" class=\"wp-image-366\" src=\"https:\/\/kaliszczasemmalowany.pl\/wp-content\/uploads\/2017\/02\/RzezbyS-1-777x1024.jpg\" alt=\"kalisz park calisia rze\u017aby\" width=\"1105\" height=\"1456\" srcset=\"https:\/\/kaliszczasemmalowany.pl\/wp-content\/uploads\/2017\/02\/RzezbyS-1-777x1024.jpg 777w, https:\/\/kaliszczasemmalowany.pl\/wp-content\/uploads\/2017\/02\/RzezbyS-1-228x300.jpg 228w, https:\/\/kaliszczasemmalowany.pl\/wp-content\/uploads\/2017\/02\/RzezbyS-1-768x1012.jpg 768w, https:\/\/kaliszczasemmalowany.pl\/wp-content\/uploads\/2017\/02\/RzezbyS-1-1200x1582.jpg 1200w, https:\/\/kaliszczasemmalowany.pl\/wp-content\/uploads\/2017\/02\/RzezbyS-1.jpg 1706w\" sizes=\"(max-width: 1105px) 100vw, 1105px\" \/><figcaption id=\"caption-attachment-366\" class=\"wp-caption-text\">Rze\u017aby by\u0142y miejscem spotka\u0144 kaliszan. Na zdj\u0119ciu grupa m\u0119\u017cczyzn przy pomniku Calisii (zdj\u0119cie pochodzi z archiwum rodziny Ficner\u00f3w)<\/figcaption><\/figure>\n<figure id=\"attachment_375\" aria-describedby=\"caption-attachment-375\" style=\"width: 1106px\" class=\"wp-caption alignnone\"><img loading=\"lazy\" decoding=\"async\" class=\"wp-image-375\" src=\"https:\/\/kaliszczasemmalowany.pl\/wp-content\/uploads\/2017\/02\/RzezbyS-10-1024x665.jpg\" alt=\"kalisz park sandalarka rze\u017aby\" width=\"1106\" height=\"719\" srcset=\"https:\/\/kaliszczasemmalowany.pl\/wp-content\/uploads\/2017\/02\/RzezbyS-10-1024x665.jpg 1024w, https:\/\/kaliszczasemmalowany.pl\/wp-content\/uploads\/2017\/02\/RzezbyS-10-300x195.jpg 300w, https:\/\/kaliszczasemmalowany.pl\/wp-content\/uploads\/2017\/02\/RzezbyS-10-768x499.jpg 768w, https:\/\/kaliszczasemmalowany.pl\/wp-content\/uploads\/2017\/02\/RzezbyS-10-1200x779.jpg 1200w, https:\/\/kaliszczasemmalowany.pl\/wp-content\/uploads\/2017\/02\/RzezbyS-10.jpg 2048w\" sizes=\"(max-width: 1106px) 100vw, 1106px\" \/><figcaption id=\"caption-attachment-375\" class=\"wp-caption-text\">Wi\u0105\u017c\u0105ca sanda\u0142y \u201eSandalarka\u201d<\/figcaption><\/figure>\n<figure id=\"attachment_372\" aria-describedby=\"caption-attachment-372\" style=\"width: 1093px\" class=\"wp-caption alignnone\"><img loading=\"lazy\" decoding=\"async\" class=\"wp-image-372\" src=\"https:\/\/kaliszczasemmalowany.pl\/wp-content\/uploads\/2017\/02\/RzezbyS-7.jpg\" alt=\"kalisz park strzelec rze\u017aby kogutek\" width=\"1093\" height=\"1674\" srcset=\"https:\/\/kaliszczasemmalowany.pl\/wp-content\/uploads\/2017\/02\/RzezbyS-7.jpg 645w, https:\/\/kaliszczasemmalowany.pl\/wp-content\/uploads\/2017\/02\/RzezbyS-7-196x300.jpg 196w\" sizes=\"(max-width: 1093px) 100vw, 1093px\" \/><figcaption id=\"caption-attachment-372\" class=\"wp-caption-text\">Strzelec Alpejski, kt\u00f3ry spokojn\u0105 przysta\u0144 odnalaz\u0142 na \u201eKogutku\u201d<\/figcaption><\/figure>\n<figure id=\"attachment_370\" aria-describedby=\"caption-attachment-370\" style=\"width: 1092px\" class=\"wp-caption alignnone\"><img loading=\"lazy\" decoding=\"async\" class=\"wp-image-370 \" src=\"https:\/\/kaliszczasemmalowany.pl\/wp-content\/uploads\/2017\/02\/RzezbyS-5.jpg\" alt=\"kalisz park psyche rze\u017aby\" width=\"1092\" height=\"1442\" srcset=\"https:\/\/kaliszczasemmalowany.pl\/wp-content\/uploads\/2017\/02\/RzezbyS-5.jpg 727w, https:\/\/kaliszczasemmalowany.pl\/wp-content\/uploads\/2017\/02\/RzezbyS-5-227x300.jpg 227w\" sizes=\"(max-width: 1092px) 100vw, 1092px\" \/><figcaption id=\"caption-attachment-370\" class=\"wp-caption-text\">pos\u0105g Psyche<\/figcaption><\/figure>\n<figure id=\"attachment_369\" aria-describedby=\"caption-attachment-369\" style=\"width: 1093px\" class=\"wp-caption alignnone\"><img loading=\"lazy\" decoding=\"async\" class=\"wp-image-369\" src=\"https:\/\/kaliszczasemmalowany.pl\/wp-content\/uploads\/2017\/02\/RzezbyS-4.jpg\" alt=\"kalisz park gryf rze\u017aby\" width=\"1093\" height=\"1721\" srcset=\"https:\/\/kaliszczasemmalowany.pl\/wp-content\/uploads\/2017\/02\/RzezbyS-4.jpg 610w, https:\/\/kaliszczasemmalowany.pl\/wp-content\/uploads\/2017\/02\/RzezbyS-4-191x300.jpg 191w\" sizes=\"(max-width: 1093px) 100vw, 1093px\" \/><figcaption id=\"caption-attachment-369\" class=\"wp-caption-text\">Gryf<\/figcaption><\/figure>\n<p><img loading=\"lazy\" decoding=\"async\" class=\"alignnone wp-image-367 \" src=\"https:\/\/kaliszczasemmalowany.pl\/wp-content\/uploads\/2017\/02\/RzezbyS-2-1024x701.jpg\" alt=\"kalisz park satyr rze\u017aby\" width=\"1092\" height=\"747\" srcset=\"https:\/\/kaliszczasemmalowany.pl\/wp-content\/uploads\/2017\/02\/RzezbyS-2-1024x701.jpg 1024w, https:\/\/kaliszczasemmalowany.pl\/wp-content\/uploads\/2017\/02\/RzezbyS-2-300x205.jpg 300w, https:\/\/kaliszczasemmalowany.pl\/wp-content\/uploads\/2017\/02\/RzezbyS-2-768x526.jpg 768w, https:\/\/kaliszczasemmalowany.pl\/wp-content\/uploads\/2017\/02\/RzezbyS-2-1200x821.jpg 1200w, https:\/\/kaliszczasemmalowany.pl\/wp-content\/uploads\/2017\/02\/RzezbyS-2.jpg 1974w\" sizes=\"(max-width: 1092px) 100vw, 1092px\" \/><\/p>\n<figure id=\"attachment_373\" aria-describedby=\"caption-attachment-373\" style=\"width: 1094px\" class=\"wp-caption alignnone\"><img loading=\"lazy\" decoding=\"async\" class=\"wp-image-373 \" src=\"https:\/\/kaliszczasemmalowany.pl\/wp-content\/uploads\/2017\/02\/RzezbyS-8.jpg\" alt=\"kalisz park satyr faun rze\u017aby\" width=\"1094\" height=\"1477\" srcset=\"https:\/\/kaliszczasemmalowany.pl\/wp-content\/uploads\/2017\/02\/RzezbyS-8.jpg 711w, https:\/\/kaliszczasemmalowany.pl\/wp-content\/uploads\/2017\/02\/RzezbyS-8-222x300.jpg 222w\" sizes=\"(max-width: 1094px) 100vw, 1094px\" \/><figcaption id=\"caption-attachment-373\" class=\"wp-caption-text\">Rze\u017aba &#8222;Wiktoria&#8221; zdobi\u0142a gmach teatru<\/figcaption><\/figure>\n<figure id=\"attachment_380\" aria-describedby=\"caption-attachment-380\" style=\"width: 1092px\" class=\"wp-caption alignnone\"><img loading=\"lazy\" decoding=\"async\" class=\"wp-image-380 \" src=\"https:\/\/kaliszczasemmalowany.pl\/wp-content\/uploads\/2017\/02\/RzezbyS-11-1024x898.jpg\" alt=\"kalisz park teatr rze\u017aby wiktoria\" width=\"1092\" height=\"958\" srcset=\"https:\/\/kaliszczasemmalowany.pl\/wp-content\/uploads\/2017\/02\/RzezbyS-11-1024x898.jpg 1024w, https:\/\/kaliszczasemmalowany.pl\/wp-content\/uploads\/2017\/02\/RzezbyS-11-300x263.jpg 300w, https:\/\/kaliszczasemmalowany.pl\/wp-content\/uploads\/2017\/02\/RzezbyS-11-768x674.jpg 768w, https:\/\/kaliszczasemmalowany.pl\/wp-content\/uploads\/2017\/02\/RzezbyS-11-1200x1052.jpg 1200w\" sizes=\"(max-width: 1092px) 100vw, 1092px\" \/><figcaption id=\"caption-attachment-380\" class=\"wp-caption-text\">Rze\u017aba &#8222;Wiktoria&#8221; zdobi\u0142a gmach teatru<\/figcaption><\/figure>\n<p><em>\u017ar\u00f3d\u0142o: <a href=\"https:\/\/zyciekalisza.pl\/artykul\/spotkajmy-sie-przy-sandalarce\/619256\" target=\"_blank\" rel=\"noopener\">https:\/\/zyciekalisza.pl\/artykul\/spotkajmy-sie-przy-sandalarce\/619256<\/a><br \/>\n<\/em><\/p>\n<p><a href=\"https:\/\/calisia.pl\/czy-na-rynek-powroci-kalisia-czy-jest-cien-szansy-ze-do-parku-powroca-posagi,28749\" target=\"_blank\" rel=\"noopener\">https:\/\/calisia.pl\/czy-na-rynek-powroci-kalisia-czy-jest-cien-szansy-ze-do-parku-powroca-posagi,28749<\/a><\/p>\n<p>&nbsp;<\/p>\n","protected":false},"excerpt":{"rendered":"<p>Rze&#378;by w kaliskim Parku Miejskim. Osiem rze&#378;b zdobi&#261;cych Park Miejski zniszczono podczas II wojny &#347;wiatowej. Park Miejski utraci&#322; tak&#380;e zabytkowe ruiny pami&#281;taj&#261;ce czasy gubernatora Daragana. Do dzi&#347; przetrwa&#322;a tylko Flora.<\/p>\n","protected":false},"author":2,"featured_media":43531,"comment_status":"open","ping_status":"open","sticky":false,"template":"","format":"standard","meta":{"_monsterinsights_skip_tracking":false,"_monsterinsights_sitenote_active":false,"_monsterinsights_sitenote_note":"","_monsterinsights_sitenote_category":0,"footnotes":""},"categories":[2,5,483],"tags":[187,148,186,13,23,85,217,24,297,14],"class_list":["post-376","post","type-post","status-publish","format-standard","has-post-thumbnail","hentry","category-o-kaliszu","category-park","category-zielony-kalisz","tag-daragan","tag-flora","tag-gubernator","tag-kalisz","tag-park","tag-park-miejski","tag-prosna","tag-rzezby","tag-tadeusz-pniewski","tag-teatr"],"aioseo_notices":[],"aioseo_head":"\n\t\t<!-- All in One SEO Pro 4.9.0 - aioseo.com -->\n\t<meta name=\"description\" content=\"Rze\u017aby w kaliskim Parku Miejskim. Osiem rze\u017ab zdobi\u0105cych Park Miejski zniszczono podczas II wojny \u015bwiatowej. Do dzi\u015b przetrwa\u0142a tylko Flora.\" \/>\n\t<meta name=\"robots\" content=\"max-image-preview:large\" \/>\n\t<meta name=\"author\" content=\"PiK\"\/>\n\t<meta name=\"keywords\" content=\"daragan,flora,gubernator,kalisz,park,park miejski,prosna,rze\u017aby,tadeusz pniewski,teatr,o kaliszu,parki,zielony kalisz\" \/>\n\t<link rel=\"canonical\" href=\"https:\/\/kaliszczasemmalowany.pl\/index.php\/2026\/romantyczne-ruiny-daragana-i-rzezby-parkowe\/\" \/>\n\t<meta name=\"generator\" content=\"All in One SEO Pro (AIOSEO) 4.9.0\" \/>\n\t\t<meta property=\"og:locale\" content=\"pl_PL\" \/>\n\t\t<meta property=\"og:site_name\" content=\"Kalisz Czasem Malowany - Fotoblog subiektywny\" \/>\n\t\t<meta property=\"og:type\" content=\"activity\" \/>\n\t\t<meta property=\"og:title\" content=\"Rze\u017aby - Romantyczne ruiny Daragana i rze\u017aby parkowe\" \/>\n\t\t<meta property=\"og:description\" content=\"Rze\u017aby w kaliskim Parku Miejskim. Osiem rze\u017ab zdobi\u0105cych Park Miejski zniszczono podczas II wojny \u015bwiatowej. Do dzi\u015b przetrwa\u0142a tylko Flora.\" \/>\n\t\t<meta property=\"og:url\" content=\"https:\/\/kaliszczasemmalowany.pl\/index.php\/2026\/romantyczne-ruiny-daragana-i-rzezby-parkowe\/\" \/>\n\t\t<meta property=\"fb:app_id\" content=\"1247192616682170\" \/>\n\t\t<meta property=\"fb:admins\" content=\"100003136013596,100070523616841,100004477359982\" \/>\n\t\t<meta property=\"og:image\" content=\"https:\/\/kaliszczasemmalowany.pl\/wp-content\/uploads\/2023\/09\/DSC_3132.jpg\" \/>\n\t\t<meta property=\"og:image:secure_url\" content=\"https:\/\/kaliszczasemmalowany.pl\/wp-content\/uploads\/2023\/09\/DSC_3132.jpg\" \/>\n\t\t<meta property=\"og:image:width\" content=\"2048\" \/>\n\t\t<meta property=\"og:image:height\" content=\"1451\" \/>\n\t\t<meta name=\"twitter:card\" content=\"summary_large_image\" \/>\n\t\t<meta name=\"twitter:site\" content=\"@pik1982dil\" \/>\n\t\t<meta name=\"twitter:title\" content=\"Rze\u017aby - Romantyczne ruiny Daragana i rze\u017aby parkowe\" \/>\n\t\t<meta name=\"twitter:description\" content=\"Rze\u017aby w kaliskim Parku Miejskim. Osiem rze\u017ab zdobi\u0105cych Park Miejski zniszczono podczas II wojny \u015bwiatowej. Do dzi\u015b przetrwa\u0142a tylko Flora.\" \/>\n\t\t<meta name=\"twitter:creator\" content=\"@pik1982dil\" \/>\n\t\t<meta name=\"twitter:image\" content=\"https:\/\/kaliszczasemmalowany.pl\/wp-content\/uploads\/2023\/09\/DSC_3132.jpg\" \/>\n\t\t<meta name=\"twitter:label1\" content=\"Autor\" \/>\n\t\t<meta name=\"twitter:data1\" content=\"PiK\" \/>\n\t\t<meta name=\"twitter:label2\" content=\"Szac. czas czytania\" \/>\n\t\t<meta name=\"twitter:data2\" content=\"2 minuty\" \/>\n\t\t<script type=\"application\/ld+json\" class=\"aioseo-schema\">\n\t\t\t{\"@context\":\"https:\\\/\\\/schema.org\",\"@graph\":[{\"@type\":\"BlogPosting\",\"@id\":\"https:\\\/\\\/kaliszczasemmalowany.pl\\\/index.php\\\/2026\\\/romantyczne-ruiny-daragana-i-rzezby-parkowe\\\/#blogposting\",\"name\":\"Rze\\u017aby - Romantyczne ruiny Daragana i rze\\u017aby parkowe\",\"headline\":\"Romantyczne ruiny Daragana i rze\\u017aby parkowe\",\"author\":{\"@id\":\"https:\\\/\\\/kaliszczasemmalowany.pl\\\/index.php\\\/author\\\/krysia\\\/#author\"},\"publisher\":{\"@id\":\"https:\\\/\\\/kaliszczasemmalowany.pl\\\/#person\"},\"image\":{\"@type\":\"ImageObject\",\"url\":\"https:\\\/\\\/kaliszczasemmalowany.pl\\\/wp-content\\\/uploads\\\/2023\\\/09\\\/DSC_3132.jpg\",\"width\":2048,\"height\":1451,\"caption\":\"kalisz park flora rze\\u017aby\"},\"datePublished\":\"2026-04-04T08:00:24+02:00\",\"dateModified\":\"2026-04-17T10:29:31+02:00\",\"inLanguage\":\"pl-PL\",\"commentCount\":1,\"mainEntityOfPage\":{\"@id\":\"https:\\\/\\\/kaliszczasemmalowany.pl\\\/index.php\\\/2026\\\/romantyczne-ruiny-daragana-i-rzezby-parkowe\\\/#webpage\"},\"isPartOf\":{\"@id\":\"https:\\\/\\\/kaliszczasemmalowany.pl\\\/index.php\\\/2026\\\/romantyczne-ruiny-daragana-i-rzezby-parkowe\\\/#webpage\"},\"articleSection\":\"O Kaliszu, parki, Zielony Kalisz, Daragan, flora, gubernator, Kalisz, park, Park Miejski, Prosna, rze\\u017aby, Tadeusz Pniewski, teatr\"},{\"@type\":\"BreadcrumbList\",\"@id\":\"https:\\\/\\\/kaliszczasemmalowany.pl\\\/index.php\\\/2026\\\/romantyczne-ruiny-daragana-i-rzezby-parkowe\\\/#breadcrumblist\",\"itemListElement\":[{\"@type\":\"ListItem\",\"@id\":\"https:\\\/\\\/kaliszczasemmalowany.pl#listItem\",\"position\":1,\"name\":\"Strona g\\u0142\\u00f3wna\",\"item\":\"https:\\\/\\\/kaliszczasemmalowany.pl\",\"nextItem\":{\"@type\":\"ListItem\",\"@id\":\"https:\\\/\\\/kaliszczasemmalowany.pl\\\/index.php\\\/category\\\/o-kaliszu\\\/#listItem\",\"name\":\"O Kaliszu\"}},{\"@type\":\"ListItem\",\"@id\":\"https:\\\/\\\/kaliszczasemmalowany.pl\\\/index.php\\\/category\\\/o-kaliszu\\\/#listItem\",\"position\":2,\"name\":\"O Kaliszu\",\"item\":\"https:\\\/\\\/kaliszczasemmalowany.pl\\\/index.php\\\/category\\\/o-kaliszu\\\/\",\"nextItem\":{\"@type\":\"ListItem\",\"@id\":\"https:\\\/\\\/kaliszczasemmalowany.pl\\\/index.php\\\/category\\\/o-kaliszu\\\/park\\\/#listItem\",\"name\":\"parki\"},\"previousItem\":{\"@type\":\"ListItem\",\"@id\":\"https:\\\/\\\/kaliszczasemmalowany.pl#listItem\",\"name\":\"Strona g\\u0142\\u00f3wna\"}},{\"@type\":\"ListItem\",\"@id\":\"https:\\\/\\\/kaliszczasemmalowany.pl\\\/index.php\\\/category\\\/o-kaliszu\\\/park\\\/#listItem\",\"position\":3,\"name\":\"parki\",\"item\":\"https:\\\/\\\/kaliszczasemmalowany.pl\\\/index.php\\\/category\\\/o-kaliszu\\\/park\\\/\",\"nextItem\":{\"@type\":\"ListItem\",\"@id\":\"https:\\\/\\\/kaliszczasemmalowany.pl\\\/index.php\\\/2026\\\/romantyczne-ruiny-daragana-i-rzezby-parkowe\\\/#listItem\",\"name\":\"Romantyczne ruiny Daragana i rze\\u017aby parkowe\"},\"previousItem\":{\"@type\":\"ListItem\",\"@id\":\"https:\\\/\\\/kaliszczasemmalowany.pl\\\/index.php\\\/category\\\/o-kaliszu\\\/#listItem\",\"name\":\"O Kaliszu\"}},{\"@type\":\"ListItem\",\"@id\":\"https:\\\/\\\/kaliszczasemmalowany.pl\\\/index.php\\\/2026\\\/romantyczne-ruiny-daragana-i-rzezby-parkowe\\\/#listItem\",\"position\":4,\"name\":\"Romantyczne ruiny Daragana i rze\\u017aby parkowe\",\"previousItem\":{\"@type\":\"ListItem\",\"@id\":\"https:\\\/\\\/kaliszczasemmalowany.pl\\\/index.php\\\/category\\\/o-kaliszu\\\/park\\\/#listItem\",\"name\":\"parki\"}}]},{\"@type\":\"Person\",\"@id\":\"https:\\\/\\\/kaliszczasemmalowany.pl\\\/#person\",\"name\":\"Pawe\\u0142 Liszewski\",\"image\":{\"@type\":\"ImageObject\",\"@id\":\"https:\\\/\\\/kaliszczasemmalowany.pl\\\/index.php\\\/2026\\\/romantyczne-ruiny-daragana-i-rzezby-parkowe\\\/#personImage\",\"url\":\"https:\\\/\\\/secure.gravatar.com\\\/avatar\\\/5a5afc29e8abe93f415ca15abf21395d6303ab000250220121432e5aab91966e?s=96&d=mm&r=g\",\"width\":96,\"height\":96,\"caption\":\"Pawe\\u0142 Liszewski\"}},{\"@type\":\"Person\",\"@id\":\"https:\\\/\\\/kaliszczasemmalowany.pl\\\/index.php\\\/author\\\/krysia\\\/#author\",\"url\":\"https:\\\/\\\/kaliszczasemmalowany.pl\\\/index.php\\\/author\\\/krysia\\\/\",\"name\":\"PiK\",\"image\":{\"@type\":\"ImageObject\",\"url\":\"https:\\\/\\\/secure.gravatar.com\\\/avatar\\\/a01eefe17b2143fe4c87c80742bc7ae8a193169eeebde9de8373aab5f31e2654?s=96&d=mm&r=g\"}},{\"@type\":\"WebPage\",\"@id\":\"https:\\\/\\\/kaliszczasemmalowany.pl\\\/index.php\\\/2026\\\/romantyczne-ruiny-daragana-i-rzezby-parkowe\\\/#webpage\",\"url\":\"https:\\\/\\\/kaliszczasemmalowany.pl\\\/index.php\\\/2026\\\/romantyczne-ruiny-daragana-i-rzezby-parkowe\\\/\",\"name\":\"Rze\\u017aby - Romantyczne ruiny Daragana i rze\\u017aby parkowe\",\"description\":\"Rze\\u017aby w kaliskim Parku Miejskim. Osiem rze\\u017ab zdobi\\u0105cych Park Miejski zniszczono podczas II wojny \\u015bwiatowej. Do dzi\\u015b przetrwa\\u0142a tylko Flora.\",\"inLanguage\":\"pl-PL\",\"isPartOf\":{\"@id\":\"https:\\\/\\\/kaliszczasemmalowany.pl\\\/#website\"},\"breadcrumb\":{\"@id\":\"https:\\\/\\\/kaliszczasemmalowany.pl\\\/index.php\\\/2026\\\/romantyczne-ruiny-daragana-i-rzezby-parkowe\\\/#breadcrumblist\"},\"author\":{\"@id\":\"https:\\\/\\\/kaliszczasemmalowany.pl\\\/index.php\\\/author\\\/krysia\\\/#author\"},\"creator\":{\"@id\":\"https:\\\/\\\/kaliszczasemmalowany.pl\\\/index.php\\\/author\\\/krysia\\\/#author\"},\"image\":{\"@type\":\"ImageObject\",\"url\":\"https:\\\/\\\/kaliszczasemmalowany.pl\\\/wp-content\\\/uploads\\\/2023\\\/09\\\/DSC_3132.jpg\",\"@id\":\"https:\\\/\\\/kaliszczasemmalowany.pl\\\/index.php\\\/2026\\\/romantyczne-ruiny-daragana-i-rzezby-parkowe\\\/#mainImage\",\"width\":2048,\"height\":1451,\"caption\":\"kalisz park flora rze\\u017aby\"},\"primaryImageOfPage\":{\"@id\":\"https:\\\/\\\/kaliszczasemmalowany.pl\\\/index.php\\\/2026\\\/romantyczne-ruiny-daragana-i-rzezby-parkowe\\\/#mainImage\"},\"datePublished\":\"2026-04-04T08:00:24+02:00\",\"dateModified\":\"2026-04-17T10:29:31+02:00\"},{\"@type\":\"WebSite\",\"@id\":\"https:\\\/\\\/kaliszczasemmalowany.pl\\\/#website\",\"url\":\"https:\\\/\\\/kaliszczasemmalowany.pl\\\/\",\"name\":\"Kalisz Czasem Malowany\",\"description\":\"Fotoblog subiektywny\",\"inLanguage\":\"pl-PL\",\"publisher\":{\"@id\":\"https:\\\/\\\/kaliszczasemmalowany.pl\\\/#person\"}}]}\n\t\t<\/script>\n\t\t<!-- All in One SEO Pro -->\r\n\t\t<title>Rze\u017aby - Romantyczne ruiny Daragana i rze\u017aby parkowe<\/title>\n\n","aioseo_head_json":{"title":"Rze\u017aby - Romantyczne ruiny Daragana i rze\u017aby parkowe","description":"Rze\u017aby w kaliskim Parku Miejskim. Osiem rze\u017ab zdobi\u0105cych Park Miejski zniszczono podczas II wojny \u015bwiatowej. Do dzi\u015b przetrwa\u0142a tylko Flora.","canonical_url":"https:\/\/kaliszczasemmalowany.pl\/index.php\/2026\/romantyczne-ruiny-daragana-i-rzezby-parkowe\/","robots":"max-image-preview:large","keywords":"daragan,flora,gubernator,kalisz,park,park miejski,prosna,rze\u017aby,tadeusz pniewski,teatr,o kaliszu,parki,zielony kalisz","webmasterTools":{"miscellaneous":""},"schema":{"@context":"https:\/\/schema.org","@graph":[{"@type":"BlogPosting","@id":"https:\/\/kaliszczasemmalowany.pl\/index.php\/2026\/romantyczne-ruiny-daragana-i-rzezby-parkowe\/#blogposting","name":"Rze\u017aby - Romantyczne ruiny Daragana i rze\u017aby parkowe","headline":"Romantyczne ruiny Daragana i rze\u017aby parkowe","author":{"@id":"https:\/\/kaliszczasemmalowany.pl\/index.php\/author\/krysia\/#author"},"publisher":{"@id":"https:\/\/kaliszczasemmalowany.pl\/#person"},"image":{"@type":"ImageObject","url":"https:\/\/kaliszczasemmalowany.pl\/wp-content\/uploads\/2023\/09\/DSC_3132.jpg","width":2048,"height":1451,"caption":"kalisz park flora rze\u017aby"},"datePublished":"2026-04-04T08:00:24+02:00","dateModified":"2026-04-17T10:29:31+02:00","inLanguage":"pl-PL","commentCount":1,"mainEntityOfPage":{"@id":"https:\/\/kaliszczasemmalowany.pl\/index.php\/2026\/romantyczne-ruiny-daragana-i-rzezby-parkowe\/#webpage"},"isPartOf":{"@id":"https:\/\/kaliszczasemmalowany.pl\/index.php\/2026\/romantyczne-ruiny-daragana-i-rzezby-parkowe\/#webpage"},"articleSection":"O Kaliszu, parki, Zielony Kalisz, Daragan, flora, gubernator, Kalisz, park, Park Miejski, Prosna, rze\u017aby, Tadeusz Pniewski, teatr"},{"@type":"BreadcrumbList","@id":"https:\/\/kaliszczasemmalowany.pl\/index.php\/2026\/romantyczne-ruiny-daragana-i-rzezby-parkowe\/#breadcrumblist","itemListElement":[{"@type":"ListItem","@id":"https:\/\/kaliszczasemmalowany.pl#listItem","position":1,"name":"Strona g\u0142\u00f3wna","item":"https:\/\/kaliszczasemmalowany.pl","nextItem":{"@type":"ListItem","@id":"https:\/\/kaliszczasemmalowany.pl\/index.php\/category\/o-kaliszu\/#listItem","name":"O Kaliszu"}},{"@type":"ListItem","@id":"https:\/\/kaliszczasemmalowany.pl\/index.php\/category\/o-kaliszu\/#listItem","position":2,"name":"O Kaliszu","item":"https:\/\/kaliszczasemmalowany.pl\/index.php\/category\/o-kaliszu\/","nextItem":{"@type":"ListItem","@id":"https:\/\/kaliszczasemmalowany.pl\/index.php\/category\/o-kaliszu\/park\/#listItem","name":"parki"},"previousItem":{"@type":"ListItem","@id":"https:\/\/kaliszczasemmalowany.pl#listItem","name":"Strona g\u0142\u00f3wna"}},{"@type":"ListItem","@id":"https:\/\/kaliszczasemmalowany.pl\/index.php\/category\/o-kaliszu\/park\/#listItem","position":3,"name":"parki","item":"https:\/\/kaliszczasemmalowany.pl\/index.php\/category\/o-kaliszu\/park\/","nextItem":{"@type":"ListItem","@id":"https:\/\/kaliszczasemmalowany.pl\/index.php\/2026\/romantyczne-ruiny-daragana-i-rzezby-parkowe\/#listItem","name":"Romantyczne ruiny Daragana i rze\u017aby parkowe"},"previousItem":{"@type":"ListItem","@id":"https:\/\/kaliszczasemmalowany.pl\/index.php\/category\/o-kaliszu\/#listItem","name":"O Kaliszu"}},{"@type":"ListItem","@id":"https:\/\/kaliszczasemmalowany.pl\/index.php\/2026\/romantyczne-ruiny-daragana-i-rzezby-parkowe\/#listItem","position":4,"name":"Romantyczne ruiny Daragana i rze\u017aby parkowe","previousItem":{"@type":"ListItem","@id":"https:\/\/kaliszczasemmalowany.pl\/index.php\/category\/o-kaliszu\/park\/#listItem","name":"parki"}}]},{"@type":"Person","@id":"https:\/\/kaliszczasemmalowany.pl\/#person","name":"Pawe\u0142 Liszewski","image":{"@type":"ImageObject","@id":"https:\/\/kaliszczasemmalowany.pl\/index.php\/2026\/romantyczne-ruiny-daragana-i-rzezby-parkowe\/#personImage","url":"https:\/\/secure.gravatar.com\/avatar\/5a5afc29e8abe93f415ca15abf21395d6303ab000250220121432e5aab91966e?s=96&d=mm&r=g","width":96,"height":96,"caption":"Pawe\u0142 Liszewski"}},{"@type":"Person","@id":"https:\/\/kaliszczasemmalowany.pl\/index.php\/author\/krysia\/#author","url":"https:\/\/kaliszczasemmalowany.pl\/index.php\/author\/krysia\/","name":"PiK","image":{"@type":"ImageObject","url":"https:\/\/secure.gravatar.com\/avatar\/a01eefe17b2143fe4c87c80742bc7ae8a193169eeebde9de8373aab5f31e2654?s=96&d=mm&r=g"}},{"@type":"WebPage","@id":"https:\/\/kaliszczasemmalowany.pl\/index.php\/2026\/romantyczne-ruiny-daragana-i-rzezby-parkowe\/#webpage","url":"https:\/\/kaliszczasemmalowany.pl\/index.php\/2026\/romantyczne-ruiny-daragana-i-rzezby-parkowe\/","name":"Rze\u017aby - Romantyczne ruiny Daragana i rze\u017aby parkowe","description":"Rze\u017aby w kaliskim Parku Miejskim. Osiem rze\u017ab zdobi\u0105cych Park Miejski zniszczono podczas II wojny \u015bwiatowej. Do dzi\u015b przetrwa\u0142a tylko Flora.","inLanguage":"pl-PL","isPartOf":{"@id":"https:\/\/kaliszczasemmalowany.pl\/#website"},"breadcrumb":{"@id":"https:\/\/kaliszczasemmalowany.pl\/index.php\/2026\/romantyczne-ruiny-daragana-i-rzezby-parkowe\/#breadcrumblist"},"author":{"@id":"https:\/\/kaliszczasemmalowany.pl\/index.php\/author\/krysia\/#author"},"creator":{"@id":"https:\/\/kaliszczasemmalowany.pl\/index.php\/author\/krysia\/#author"},"image":{"@type":"ImageObject","url":"https:\/\/kaliszczasemmalowany.pl\/wp-content\/uploads\/2023\/09\/DSC_3132.jpg","@id":"https:\/\/kaliszczasemmalowany.pl\/index.php\/2026\/romantyczne-ruiny-daragana-i-rzezby-parkowe\/#mainImage","width":2048,"height":1451,"caption":"kalisz park flora rze\u017aby"},"primaryImageOfPage":{"@id":"https:\/\/kaliszczasemmalowany.pl\/index.php\/2026\/romantyczne-ruiny-daragana-i-rzezby-parkowe\/#mainImage"},"datePublished":"2026-04-04T08:00:24+02:00","dateModified":"2026-04-17T10:29:31+02:00"},{"@type":"WebSite","@id":"https:\/\/kaliszczasemmalowany.pl\/#website","url":"https:\/\/kaliszczasemmalowany.pl\/","name":"Kalisz Czasem Malowany","description":"Fotoblog subiektywny","inLanguage":"pl-PL","publisher":{"@id":"https:\/\/kaliszczasemmalowany.pl\/#person"}}]},"og:locale":"pl_PL","og:site_name":"Kalisz Czasem Malowany - Fotoblog subiektywny","og:type":"activity","og:title":"Rze\u017aby - Romantyczne ruiny Daragana i rze\u017aby parkowe","og:description":"Rze\u017aby w kaliskim Parku Miejskim. Osiem rze\u017ab zdobi\u0105cych Park Miejski zniszczono podczas II wojny \u015bwiatowej. Do dzi\u015b przetrwa\u0142a tylko Flora.","og:url":"https:\/\/kaliszczasemmalowany.pl\/index.php\/2026\/romantyczne-ruiny-daragana-i-rzezby-parkowe\/","fb:app_id":"1247192616682170","fb:admins":"100003136013596,100070523616841,100004477359982","og:image":"https:\/\/kaliszczasemmalowany.pl\/wp-content\/uploads\/2023\/09\/DSC_3132.jpg","og:image:secure_url":"https:\/\/kaliszczasemmalowany.pl\/wp-content\/uploads\/2023\/09\/DSC_3132.jpg","og:image:width":"2048","og:image:height":"1451","twitter:card":"summary_large_image","twitter:site":"@pik1982dil","twitter:title":"Rze\u017aby - Romantyczne ruiny Daragana i rze\u017aby parkowe","twitter:description":"Rze\u017aby w kaliskim Parku Miejskim. Osiem rze\u017ab zdobi\u0105cych Park Miejski zniszczono podczas II wojny \u015bwiatowej. Do dzi\u015b przetrwa\u0142a tylko Flora.","twitter:creator":"@pik1982dil","twitter:image":"https:\/\/kaliszczasemmalowany.pl\/wp-content\/uploads\/2023\/09\/DSC_3132.jpg","twitter:label1":"Autor","twitter:data1":"PiK","twitter:label2":"Szac. czas czytania","twitter:data2":"2 minuty"},"aioseo_meta_data":{"post_id":"376","title":"Rze\u017aby #separator_sa #post_title","description":"Rze\u017aby w kaliskim Parku Miejskim. Osiem rze\u017ab zdobi\u0105cych Park Miejski zniszczono podczas II wojny \u015bwiatowej. Do dzi\u015b przetrwa\u0142a tylko Flora.","keywords":null,"keyphrases":{"focus":{"keyphrase":"rze\u017aby","score":100,"analysis":{"keyphraseInTitle":{"score":9,"maxScore":9,"error":0},"keyphraseInDescription":{"score":9,"maxScore":9,"error":0},"keyphraseLength":{"score":9,"maxScore":9,"error":0,"length":2},"keyphraseInURL":{"score":5,"maxScore":5,"error":0},"keyphraseInIntroduction":{"score":9,"maxScore":9,"error":0},"keyphraseInSubHeadings":[],"keyphraseInImageAlt":{"score":9,"maxScore":9,"error":0},"keywordDensity":{"type":"best","score":9,"maxScore":9,"error":0}}},"additional":[]},"primary_term":{"category":5},"canonical_url":null,"og_title":null,"og_description":null,"og_object_type":"default","og_image_type":"featured","og_image_url":"https:\/\/kaliszczasemmalowany.pl\/wp-content\/uploads\/2023\/09\/DSC_3132.jpg","og_image_width":"2048","og_image_height":"1451","og_image_custom_url":null,"og_image_custom_fields":null,"og_video":"","og_custom_url":null,"og_article_section":null,"og_article_tags":null,"twitter_use_og":true,"twitter_card":"default","twitter_image_type":"default","twitter_image_url":null,"twitter_image_custom_url":null,"twitter_image_custom_fields":null,"twitter_title":null,"twitter_description":null,"schema":{"blockGraphs":[],"customGraphs":[],"default":{"data":{"Article":[],"Course":[],"Dataset":[],"FAQPage":[],"Movie":[],"Person":[],"Product":[],"ProductReview":[],"Car":[],"Recipe":[],"Service":[],"SoftwareApplication":[],"WebPage":[]},"graphName":"BlogPosting","isEnabled":true},"graphs":[]},"schema_type":"default","schema_type_options":null,"pillar_content":false,"robots_default":true,"robots_noindex":false,"robots_noarchive":false,"robots_nosnippet":false,"robots_nofollow":false,"robots_noimageindex":false,"robots_noodp":false,"robots_notranslate":false,"robots_max_snippet":"-1","robots_max_videopreview":"-1","robots_max_imagepreview":"large","priority":null,"frequency":"default","local_seo":null,"seo_analyzer_scan_date":"2026-04-17 08:33:29","breadcrumb_settings":null,"limit_modified_date":false,"reviewed_by":"0","open_ai":"{\"title\":{\"suggestions\":[],\"usage\":0},\"description\":{\"suggestions\":[],\"usage\":0}}","ai":{"faqs":[],"keyPoints":[],"titles":[],"descriptions":[],"socialPosts":{"email":[],"linkedin":[],"twitter":[],"facebook":[],"instagram":[]}},"created":"2023-08-16 17:46:40","updated":"2026-04-17 08:44:44"},"aioseo_breadcrumb":"<div class=\"aioseo-breadcrumbs\"><span class=\"aioseo-breadcrumb\">\n\t<a href=\"https:\/\/kaliszczasemmalowany.pl\" title=\"Strona g\u0142\u00f3wna\">Strona g\u0142\u00f3wna<\/a>\n<\/span><span class=\"aioseo-breadcrumb-separator\">\u00bb<\/span><span class=\"aioseo-breadcrumb\">\n\t<a href=\"https:\/\/kaliszczasemmalowany.pl\/index.php\/category\/o-kaliszu\/\" title=\"O Kaliszu\">O Kaliszu<\/a>\n<\/span><span class=\"aioseo-breadcrumb-separator\">\u00bb<\/span><span class=\"aioseo-breadcrumb\">\n\t<a href=\"https:\/\/kaliszczasemmalowany.pl\/index.php\/category\/o-kaliszu\/park\/\" title=\"parki\">parki<\/a>\n<\/span><span class=\"aioseo-breadcrumb-separator\">\u00bb<\/span><span class=\"aioseo-breadcrumb\">\n\tRomantyczne ruiny Daragana i rze\u017aby parkowe\n<\/span><\/div>","aioseo_breadcrumb_json":[{"label":"Strona g\u0142\u00f3wna","link":"https:\/\/kaliszczasemmalowany.pl"},{"label":"O Kaliszu","link":"https:\/\/kaliszczasemmalowany.pl\/index.php\/category\/o-kaliszu\/"},{"label":"parki","link":"https:\/\/kaliszczasemmalowany.pl\/index.php\/category\/o-kaliszu\/park\/"},{"label":"Romantyczne ruiny Daragana i rze\u017aby parkowe","link":"https:\/\/kaliszczasemmalowany.pl\/index.php\/2026\/romantyczne-ruiny-daragana-i-rzezby-parkowe\/"}],"acf":[],"_links":{"self":[{"href":"https:\/\/kaliszczasemmalowany.pl\/index.php\/wp-json\/wp\/v2\/posts\/376","targetHints":{"allow":["GET"]}}],"collection":[{"href":"https:\/\/kaliszczasemmalowany.pl\/index.php\/wp-json\/wp\/v2\/posts"}],"about":[{"href":"https:\/\/kaliszczasemmalowany.pl\/index.php\/wp-json\/wp\/v2\/types\/post"}],"author":[{"embeddable":true,"href":"https:\/\/kaliszczasemmalowany.pl\/index.php\/wp-json\/wp\/v2\/users\/2"}],"replies":[{"embeddable":true,"href":"https:\/\/kaliszczasemmalowany.pl\/index.php\/wp-json\/wp\/v2\/comments?post=376"}],"version-history":[{"count":21,"href":"https:\/\/kaliszczasemmalowany.pl\/index.php\/wp-json\/wp\/v2\/posts\/376\/revisions"}],"predecessor-version":[{"id":47919,"href":"https:\/\/kaliszczasemmalowany.pl\/index.php\/wp-json\/wp\/v2\/posts\/376\/revisions\/47919"}],"wp:featuredmedia":[{"embeddable":true,"href":"https:\/\/kaliszczasemmalowany.pl\/index.php\/wp-json\/wp\/v2\/media\/43531"}],"wp:attachment":[{"href":"https:\/\/kaliszczasemmalowany.pl\/index.php\/wp-json\/wp\/v2\/media?parent=376"}],"wp:term":[{"taxonomy":"category","embeddable":true,"href":"https:\/\/kaliszczasemmalowany.pl\/index.php\/wp-json\/wp\/v2\/categories?post=376"},{"taxonomy":"post_tag","embeddable":true,"href":"https:\/\/kaliszczasemmalowany.pl\/index.php\/wp-json\/wp\/v2\/tags?post=376"}],"curies":[{"name":"wp","href":"https:\/\/api.w.org\/{rel}","templated":true}]}}