{"id":33617,"date":"2025-05-25T06:27:33","date_gmt":"2025-05-25T04:27:33","guid":{"rendered":"http:\/\/kaliszczasemmalowany.pl\/?p=33617"},"modified":"2025-05-25T10:29:32","modified_gmt":"2025-05-25T08:29:32","slug":"benedykt-jerzy-dorys-kaliszanin-wybitny-artysta-fotografik-portrecista-fotograf-mody-reportazysta","status":"publish","type":"post","link":"https:\/\/kaliszczasemmalowany.pl\/index.php\/2025\/benedykt-jerzy-dorys-kaliszanin-wybitny-artysta-fotografik-portrecista-fotograf-mody-reportazysta\/","title":{"rendered":"Benedykt Jerzy Dorys, kaliszanin, wybitny artysta fotografik, portrecista, fotograf mody, reporta\u017cysta"},"content":{"rendered":"<figure id=\"attachment_46713\" aria-describedby=\"caption-attachment-46713\" style=\"width: 1000px\" class=\"wp-caption alignnone\"><img fetchpriority=\"high\" decoding=\"async\" class=\"wp-image-46713 size-full\" src=\"https:\/\/kaliszczasemmalowany.pl\/wp-content\/uploads\/2025\/05\/7500651.jpg\" alt=\"dorys\" width=\"1000\" height=\"685\" srcset=\"https:\/\/kaliszczasemmalowany.pl\/wp-content\/uploads\/2025\/05\/7500651.jpg 1000w, https:\/\/kaliszczasemmalowany.pl\/wp-content\/uploads\/2025\/05\/7500651-768x526.jpg 768w\" sizes=\"(max-width: 1000px) 100vw, 1000px\" \/><figcaption id=\"caption-attachment-46713\" class=\"wp-caption-text\">autoportret<\/figcaption><\/figure>\n<p style=\"text-align: left;\"><span style=\"font-size: 8pt;\"><span style=\"font-size: 12pt;\"><strong>Benedykt Jerzy Dorys<\/strong> (w\u0142a\u015bciwe nazwisko Rotenberg, 1901\u20131990) urodzi\u0142 si\u0119 w Kaliszu, tam te\u017c kszta\u0142ci\u0142 si\u0119<\/span> <span style=\"font-size: 12pt;\">w szkole muzycznej. Dorys porzuci\u0142 jednak karier\u0119 skrzypka, po\u015bwi\u0119caj\u0105c si\u0119 fotografii i przeprowadzi\u0142 si\u0119<\/span> <span style=\"font-size: 12pt;\">do Warszawy. W 1926 roku przyj\u0119to go do Towarzystwa Mi\u0142o\u015bnik\u00f3w Fotografii, a w roku 1929 otworzy\u0142 atelier fotograficzne w Alejach Jerozolimskich. Po wojnie otworzy\u0142 nowe atelier w Warszawie przy Nowym \u015awiecie 29, gdzie zn\u00f3w powstawa\u0142y portrety ludzi \u015bwiata artystycznego. Zawitali tam: Julian Tuwim, Nina Andrycz, Zbigniew Herbert, Eugeniusz Bodo\u2026 Byli te\u017c <a href=\"https:\/\/kaliszczasemmalowany.pl\/index.php\/tag\/kaliszanie\/\" target=\"_blank\" rel=\"noopener\">znani kaliszanie<\/a> \u2013 Maria D\u0105browska i oczywi\u015bcie Tadeusz Kulisiewicz, przyjaciel Dorysa. Benedykt Dorys by\u0142 jednym z za\u0142o\u017cycieli <\/span><span style=\"font-size: 12pt;\">i dzia\u0142aczem Zwi\u0105zku Polskich Artyst\u00f3w Fotografik\u00f3w. <\/span><\/span><\/p>\n<p>Benedykt Dorys &#8211; portrety znanych os\u00f3b<\/p>\n<figure id=\"attachment_33623\" aria-describedby=\"caption-attachment-33623\" style=\"width: 863px\" class=\"wp-caption alignnone\"><img decoding=\"async\" class=\"wp-image-33623 size-large\" src=\"https:\/\/kaliszczasemmalowany.pl\/wp-content\/uploads\/2020\/05\/DSC_7192-863x1024.jpg\" alt=\"Benedykt Dorys portrety\" width=\"863\" height=\"1024\" srcset=\"https:\/\/kaliszczasemmalowany.pl\/wp-content\/uploads\/2020\/05\/DSC_7192-863x1024.jpg 863w, https:\/\/kaliszczasemmalowany.pl\/wp-content\/uploads\/2020\/05\/DSC_7192-253x300.jpg 253w, https:\/\/kaliszczasemmalowany.pl\/wp-content\/uploads\/2020\/05\/DSC_7192-768x911.jpg 768w, https:\/\/kaliszczasemmalowany.pl\/wp-content\/uploads\/2020\/05\/DSC_7192-1295x1536.jpg 1295w, https:\/\/kaliszczasemmalowany.pl\/wp-content\/uploads\/2020\/05\/DSC_7192-1726x2048.jpg 1726w, https:\/\/kaliszczasemmalowany.pl\/wp-content\/uploads\/2020\/05\/DSC_7192-1200x1424.jpg 1200w\" sizes=\"(max-width: 863px) 100vw, 863px\" \/><figcaption id=\"caption-attachment-33623\" class=\"wp-caption-text\">Eugeniusz Bodo<\/figcaption><\/figure>\n<p><!--more--><\/p>\n<figure id=\"attachment_33627\" aria-describedby=\"caption-attachment-33627\" style=\"width: 865px\" class=\"wp-caption alignnone\"><img decoding=\"async\" class=\"wp-image-33627\" src=\"https:\/\/kaliszczasemmalowany.pl\/wp-content\/uploads\/2020\/05\/DSC_7197-629x1024.jpg\" alt=\"Benedykt Jerzy Dorys portrety\" width=\"865\" height=\"1408\" srcset=\"https:\/\/kaliszczasemmalowany.pl\/wp-content\/uploads\/2020\/05\/DSC_7197-629x1024.jpg 629w, https:\/\/kaliszczasemmalowany.pl\/wp-content\/uploads\/2020\/05\/DSC_7197-184x300.jpg 184w, https:\/\/kaliszczasemmalowany.pl\/wp-content\/uploads\/2020\/05\/DSC_7197-768x1250.jpg 768w, https:\/\/kaliszczasemmalowany.pl\/wp-content\/uploads\/2020\/05\/DSC_7197-944x1536.jpg 944w, https:\/\/kaliszczasemmalowany.pl\/wp-content\/uploads\/2020\/05\/DSC_7197-1258x2048.jpg 1258w, https:\/\/kaliszczasemmalowany.pl\/wp-content\/uploads\/2020\/05\/DSC_7197-1200x1954.jpg 1200w, https:\/\/kaliszczasemmalowany.pl\/wp-content\/uploads\/2020\/05\/DSC_7197-scaled.jpg 1573w\" sizes=\"(max-width: 865px) 100vw, 865px\" \/><figcaption id=\"caption-attachment-33627\" class=\"wp-caption-text\">Tadeusz Kulisiewicz<\/figcaption><\/figure>\n<figure id=\"attachment_33628\" aria-describedby=\"caption-attachment-33628\" style=\"width: 867px\" class=\"wp-caption alignnone\"><img loading=\"lazy\" decoding=\"async\" class=\"wp-image-33628\" src=\"https:\/\/kaliszczasemmalowany.pl\/wp-content\/uploads\/2020\/05\/DSC_7198-scaled.jpg\" alt=\"Benedykt Jerzy Dorys portrety\" width=\"867\" height=\"850\" srcset=\"https:\/\/kaliszczasemmalowany.pl\/wp-content\/uploads\/2020\/05\/DSC_7198-scaled.jpg 2560w, https:\/\/kaliszczasemmalowany.pl\/wp-content\/uploads\/2020\/05\/DSC_7198-300x295.jpg 300w\" sizes=\"(max-width: 867px) 100vw, 867px\" \/><figcaption id=\"caption-attachment-33628\" class=\"wp-caption-text\">Nina Andrycz i El\u017cbieta Barszczewska<\/figcaption><\/figure>\n<figure id=\"attachment_33625\" aria-describedby=\"caption-attachment-33625\" style=\"width: 869px\" class=\"wp-caption alignnone\"><img loading=\"lazy\" decoding=\"async\" class=\"wp-image-33625\" src=\"https:\/\/kaliszczasemmalowany.pl\/wp-content\/uploads\/2020\/05\/DSC_7194-632x1024.jpg\" alt=\"Benedykt Dorys portrety\" width=\"869\" height=\"1409\" srcset=\"https:\/\/kaliszczasemmalowany.pl\/wp-content\/uploads\/2020\/05\/DSC_7194-632x1024.jpg 632w, https:\/\/kaliszczasemmalowany.pl\/wp-content\/uploads\/2020\/05\/DSC_7194-185x300.jpg 185w, https:\/\/kaliszczasemmalowany.pl\/wp-content\/uploads\/2020\/05\/DSC_7194-768x1244.jpg 768w, https:\/\/kaliszczasemmalowany.pl\/wp-content\/uploads\/2020\/05\/DSC_7194-948x1536.jpg 948w, https:\/\/kaliszczasemmalowany.pl\/wp-content\/uploads\/2020\/05\/DSC_7194-1264x2048.jpg 1264w, https:\/\/kaliszczasemmalowany.pl\/wp-content\/uploads\/2020\/05\/DSC_7194-1200x1944.jpg 1200w, https:\/\/kaliszczasemmalowany.pl\/wp-content\/uploads\/2020\/05\/DSC_7194-scaled.jpg 1580w\" sizes=\"(max-width: 869px) 100vw, 869px\" \/><figcaption id=\"caption-attachment-33625\" class=\"wp-caption-text\">Zbigniew Herbert<\/figcaption><\/figure>\n<div class=\"html-div xe8uvvx xdj266r x11i5rnm xat24cr x1mh8g0r xexx8yu x4uap5 x18d9i69 xkhd6sd\" dir=\"auto\">\n<div id=\":R5al5bb9l5qq9papd5aqH2:\" class=\"x1iorvi4 x1pi30zi x1l90r2v x1swvt13\" data-ad-comet-preview=\"message\" data-ad-preview=\"message\">\n<div class=\"x78zum5 xdt5ytf xz62fqu x16ldp7u\">\n<div class=\"xu06os2 x1ok221b\">\n<div class=\"xdj266r x11i5rnm xat24cr x1mh8g0r x1vvkbs x126k92a\">\n<div dir=\"auto\">Hila Marcinkowska napisa\u0142a: &#8222;Wiele os\u00f3b napisa\u0142o dzi\u015b o rocznicy urodzin Benedykta Dorysa.<\/div>\n<\/div>\n<div class=\"x11i5rnm xat24cr x1mh8g0r x1vvkbs xtlvy1s x126k92a\">\n<div dir=\"auto\">Pisa\u0142am o nim wiele lat temu, kiedy dopiero odkopywano jego osob\u0119 z do\u0142ka niepami\u0119ci. Ale chyba warto, kilka kaliskich fakt\u00f3w, o nim przypomnie\u0107.<\/div>\n<\/div>\n<div class=\"x11i5rnm xat24cr x1mh8g0r x1vvkbs xtlvy1s x126k92a\">\n<div dir=\"auto\">Dorys to by\u0142 pseudonim artystyczny.<\/div>\n<div dir=\"auto\">Benedykt Rotenberg syn Maurycego i Anny z domu Wajchselfisz, zmieni\u0142 oficjalnie nazwisko na Dorys, dopiero w 1946 r. (zrobi\u0142 to w Kaliszu).<\/div>\n<div dir=\"auto\">Po wojnie, wraz z \u017con\u0105 Halin\u0105, wr\u00f3ci\u0142 do Kalisza i byli tu kilka miesi\u0119cy. Zarejestrowali si\u0119 w Kaliskim Komitecie \u017bydowskim i zamieszkali przy ul. Sukienniczej 11.<\/div>\n<\/div>\n<div class=\"x11i5rnm xat24cr x1mh8g0r x1vvkbs xtlvy1s x126k92a\">\n<div dir=\"auto\">Rotenberg, jako dziecko zbudowa\u0142 w\u0142asny aparat fotograficzny, a jednymi z jego pierwszych zdj\u0119\u0107, by\u0142y fotografie spalonego w 1914 r. Kalisza (mia\u0142 wtedy 13 lat).<\/div>\n<\/div>\n<div class=\"x11i5rnm xat24cr x1mh8g0r x1vvkbs xtlvy1s x126k92a\">\n<div dir=\"auto\">Jego wielk\u0105 mi\u0142o\u015bci\u0105 by\u0142a Kaliszanka, Halina z domu Pregier. By\u0142a utalentowan\u0105 pianistk\u0105. Ten zwi\u0105zek by\u0142 mezaliansem, ona panienka z bogatego domu, on syn zegarmistrza. Zamieszkali w Warszawie, ale cz\u0119sto bywali u rodziny w Kaliszu. Halina wojn\u0119 prze\u017cy\u0142a w Duszanbe, spotkali si\u0119 dopiero w 1945 r.<\/div>\n<\/div>\n<div class=\"x11i5rnm xat24cr x1mh8g0r x1vvkbs xtlvy1s x126k92a\">\n<div dir=\"auto\">Rotenberg jako dziecko wykona\u0142 wiele fotografii rodzinnego miasta. Widzia\u0142am tylko kilka z nich, reszt\u0119 poch\u0142on\u0119\u0142a wojna&#8221;.<\/div>\n<\/div>\n<\/div>\n<\/div>\n<\/div>\n<\/div>\n<p>Kaliskie klimaty, ko\u015bci\u00f3\u0142 na Rypinku<\/p>\n<p><img loading=\"lazy\" decoding=\"async\" class=\"wp-image-44368 \" src=\"https:\/\/kaliszczasemmalowany.pl\/wp-content\/uploads\/2023\/11\/Kalisz-Rypinek-Benedykt-Jerzy-Dorys-awers-2560x2274.jpg\" alt=\"Benedykt Dorys portrety\" width=\"873\" height=\"776\" srcset=\"https:\/\/kaliszczasemmalowany.pl\/wp-content\/uploads\/2023\/11\/Kalisz-Rypinek-Benedykt-Jerzy-Dorys-awers-2560x2274.jpg 2560w, https:\/\/kaliszczasemmalowany.pl\/wp-content\/uploads\/2023\/11\/Kalisz-Rypinek-Benedykt-Jerzy-Dorys-awers-768x682.jpg 768w, https:\/\/kaliszczasemmalowany.pl\/wp-content\/uploads\/2023\/11\/Kalisz-Rypinek-Benedykt-Jerzy-Dorys-awers-1536x1365.jpg 1536w, https:\/\/kaliszczasemmalowany.pl\/wp-content\/uploads\/2023\/11\/Kalisz-Rypinek-Benedykt-Jerzy-Dorys-awers-2048x1819.jpg 2048w, https:\/\/kaliszczasemmalowany.pl\/wp-content\/uploads\/2023\/11\/Kalisz-Rypinek-Benedykt-Jerzy-Dorys-awers-1140x1013.jpg 1140w\" sizes=\"(max-width: 873px) 100vw, 873px\" \/><\/p>\n<p>reporta\u017c z Kazimierza nad Wis\u0142\u0105<\/p>\n<p><img loading=\"lazy\" decoding=\"async\" class=\"alignnone wp-image-33620\" src=\"http:\/\/kaliszczasemmalowany.pl\/wp-content\/uploads\/2020\/05\/dorys-kazimierz-dziewczynka.jpg\" alt=\"Benedykt Dorys portrety Kazimierz\" width=\"868\" height=\"647\" srcset=\"https:\/\/kaliszczasemmalowany.pl\/wp-content\/uploads\/2020\/05\/dorys-kazimierz-dziewczynka.jpg 465w, https:\/\/kaliszczasemmalowany.pl\/wp-content\/uploads\/2020\/05\/dorys-kazimierz-dziewczynka-300x224.jpg 300w\" sizes=\"(max-width: 868px) 100vw, 868px\" \/><\/p>\n<p><img loading=\"lazy\" decoding=\"async\" class=\"alignnone wp-image-33621\" src=\"http:\/\/kaliszczasemmalowany.pl\/wp-content\/uploads\/2020\/05\/Dorys-kazimierz-jarmark.jpg\" alt=\"Benedykt Dorys portrety\" width=\"867\" height=\"682\" srcset=\"https:\/\/kaliszczasemmalowany.pl\/wp-content\/uploads\/2020\/05\/Dorys-kazimierz-jarmark.jpg 500w, https:\/\/kaliszczasemmalowany.pl\/wp-content\/uploads\/2020\/05\/Dorys-kazimierz-jarmark-300x236.jpg 300w\" sizes=\"(max-width: 867px) 100vw, 867px\" \/><\/p>\n<p><img loading=\"lazy\" decoding=\"async\" class=\"alignnone wp-image-33629 \" src=\"https:\/\/kaliszczasemmalowany.pl\/wp-content\/uploads\/2020\/05\/jerzy-benedykt-dorys-11.jpg\" alt=\"Benedykt Dorys portrety\" width=\"870\" height=\"647\" srcset=\"https:\/\/kaliszczasemmalowany.pl\/wp-content\/uploads\/2020\/05\/jerzy-benedykt-dorys-11.jpg 500w, https:\/\/kaliszczasemmalowany.pl\/wp-content\/uploads\/2020\/05\/jerzy-benedykt-dorys-11-300x223.jpg 300w\" sizes=\"(max-width: 870px) 100vw, 870px\" \/> <img loading=\"lazy\" decoding=\"async\" class=\"alignnone wp-image-33619 \" src=\"https:\/\/kaliszczasemmalowany.pl\/wp-content\/uploads\/2020\/05\/canvaskazimierz-dorys-1024x667.png\" alt=\"Benedykt Dorys portrety\" width=\"947\" height=\"617\" srcset=\"https:\/\/kaliszczasemmalowany.pl\/wp-content\/uploads\/2020\/05\/canvaskazimierz-dorys-1024x667.png 1024w, https:\/\/kaliszczasemmalowany.pl\/wp-content\/uploads\/2020\/05\/canvaskazimierz-dorys-300x196.png 300w, https:\/\/kaliszczasemmalowany.pl\/wp-content\/uploads\/2020\/05\/canvaskazimierz-dorys-768x501.png 768w, https:\/\/kaliszczasemmalowany.pl\/wp-content\/uploads\/2020\/05\/canvaskazimierz-dorys-1200x782.png 1200w, https:\/\/kaliszczasemmalowany.pl\/wp-content\/uploads\/2020\/05\/canvaskazimierz-dorys.png 1427w\" sizes=\"(max-width: 947px) 100vw, 947px\" \/> <img loading=\"lazy\" decoding=\"async\" class=\"alignnone wp-image-33622\" src=\"https:\/\/kaliszczasemmalowany.pl\/wp-content\/uploads\/2020\/05\/dorys-kazimierz.jpg\" alt=\"Benedykt Jerzy Dorys portrety\" width=\"939\" height=\"697\" srcset=\"https:\/\/kaliszczasemmalowany.pl\/wp-content\/uploads\/2020\/05\/dorys-kazimierz.jpg 465w, https:\/\/kaliszczasemmalowany.pl\/wp-content\/uploads\/2020\/05\/dorys-kazimierz-300x223.jpg 300w\" sizes=\"(max-width: 939px) 100vw, 939px\" \/><\/p>\n<p>Benedykt Jerzy Dorys reporta\u017c z Kazimierza nad Wis\u0142\u0105<\/p>\n<p>\u017ar\u00f3d\u0142o: <a href=\"https:\/\/culture.pl\/pl\/tworca\/benedykt-jerzy-dorys\" target=\"_blank\" rel=\"nofollow noopener\">https:\/\/culture.pl\/pl\/tworca\/benedykt-jerzy-dorys<\/a>z<br \/>\n<a href=\"http:\/\/zasoby.msl.org.pl\">http:\/\/zasoby.msl.org.pl<\/a><\/p>\n<p>&nbsp;<\/p>\n<p>&nbsp;<\/p>\n<p>&nbsp;<\/p>\n","protected":false},"excerpt":{"rendered":"<p>Benedykt Jerzy Dorys (w&#322;a&#347;ciwe nazwisko Rotenberg, 1901&ndash;1990) urodzi&#322; si&#281; w Kaliszu, tam te&#380; kszta&#322;ci&#322; si&#281; w szkole muzycznej. Dorys porzuci&#322; jednak karier&#281; skrzypka, po&#347;wi&#281;caj&#261;c si&#281; fotografii i przeprowadzi&#322; si&#281; do Warszawy. W 1926 roku przyj&#281;to go do Towarzystwa Mi&#322;o&#347;nik&oacute;w Fotografii, a w roku 1929 otworzy&#322; atelier fotograficzne w Alejach Jerozolimskich. Po wojnie otworzy&#322; nowe atelier w Warszawie przy Nowym &#346;wiecie 29, gdzie zn&oacute;w powstawa&#322;y portrety ludzi &#347;wiata artystycznego. Zawitali tam: Julian Tuwim, Nina Andrycz, Zbigniew Herbert, Eugeniusz Bodo&hellip; Byli te&#380; znani kaliszanie &ndash; Maria D&#261;browska i oczywi&#347;cie Tadeusz Kulisiewicz, przyjaciel Dorysa. Benedykt Dorys by&#322; jednym z za&#322;o&#380;ycieli i dzia&#322;aczem Zwi&#261;zku Polskich Artyst&oacute;w Fotografik&oacute;w. Benedykt Dorys &ndash; portrety znanych os&oacute;b<\/p>\n","protected":false},"author":2,"featured_media":46716,"comment_status":"open","ping_status":"open","sticky":false,"template":"","format":"standard","meta":{"_monsterinsights_skip_tracking":false,"_monsterinsights_sitenote_active":false,"_monsterinsights_sitenote_note":"","_monsterinsights_sitenote_category":0,"footnotes":""},"categories":[39,2],"tags":[89,387,310,9,13,269,863,244,119,388],"class_list":["post-33617","post","type-post","status-publish","format-standard","has-post-thumbnail","hentry","category-kaliszanie","category-o-kaliszu","tag-czestochowska","tag-dorys","tag-fotografia","tag-glowny-rynek","tag-kalisz","tag-kaliszanie","tag-kazimierz-na-wisla","tag-kulisiewicz","tag-rypinek","tag-wystawa"],"aioseo_notices":[],"aioseo_head":"\n\t\t<!-- All in One SEO Pro 4.9.0 - aioseo.com -->\n\t<meta name=\"description\" content=\"Benedykt Jerzy Dorys (w\u0142a\u015bciwe nazwisko Rotenberg, 1901\u20131990) urodzi\u0142 si\u0119 w Kaliszu, tam te\u017c kszta\u0142ci\u0142 si\u0119 w szkole muzycznej.\" \/>\n\t<meta name=\"robots\" content=\"max-image-preview:large\" \/>\n\t<meta name=\"author\" content=\"PiK\"\/>\n\t<meta name=\"keywords\" content=\"cz\u0119stochowska,dorys,fotografia,g\u0142\u00f3wny rynek,kalisz,kaliszanie,kazimierz na wis\u0142\u0105,kulisiewicz,rypinek,wystawa,o kaliszu\" \/>\n\t<link rel=\"canonical\" href=\"https:\/\/kaliszczasemmalowany.pl\/index.php\/2025\/benedykt-jerzy-dorys-kaliszanin-wybitny-artysta-fotografik-portrecista-fotograf-mody-reportazysta\/\" \/>\n\t<meta name=\"generator\" content=\"All in One SEO Pro (AIOSEO) 4.9.0\" \/>\n\t\t<meta property=\"og:locale\" content=\"pl_PL\" \/>\n\t\t<meta property=\"og:site_name\" content=\"Kalisz Czasem Malowany - Fotoblog subiektywny\" \/>\n\t\t<meta property=\"og:type\" content=\"activity\" \/>\n\t\t<meta property=\"og:title\" content=\"Benedykt Jerzy Dorys, kaliszanin, fotografik, portrecista\" \/>\n\t\t<meta property=\"og:description\" content=\"Benedykt Jerzy Dorys (w\u0142a\u015bciwe nazwisko Rotenberg, 1901\u20131990) urodzi\u0142 si\u0119 w Kaliszu, tam te\u017c kszta\u0142ci\u0142 si\u0119 w szkole muzycznej.\" \/>\n\t\t<meta property=\"og:url\" content=\"https:\/\/kaliszczasemmalowany.pl\/index.php\/2025\/benedykt-jerzy-dorys-kaliszanin-wybitny-artysta-fotografik-portrecista-fotograf-mody-reportazysta\/\" \/>\n\t\t<meta property=\"fb:app_id\" content=\"1247192616682170\" \/>\n\t\t<meta property=\"fb:admins\" content=\"100003136013596,100070523616841,100004477359982\" \/>\n\t\t<meta property=\"og:image\" content=\"https:\/\/kaliszczasemmalowany.pl\/wp-content\/uploads\/2025\/05\/dorys-1.jpg\" \/>\n\t\t<meta property=\"og:image:secure_url\" content=\"https:\/\/kaliszczasemmalowany.pl\/wp-content\/uploads\/2025\/05\/dorys-1.jpg\" \/>\n\t\t<meta property=\"og:image:width\" content=\"1000\" \/>\n\t\t<meta property=\"og:image:height\" content=\"750\" \/>\n\t\t<meta name=\"twitter:card\" content=\"summary_large_image\" \/>\n\t\t<meta name=\"twitter:site\" content=\"@pik1982dil\" \/>\n\t\t<meta name=\"twitter:title\" content=\"Benedykt Jerzy Dorys, kaliszanin, fotografik, portrecista\" \/>\n\t\t<meta name=\"twitter:description\" content=\"Benedykt Jerzy Dorys (w\u0142a\u015bciwe nazwisko Rotenberg, 1901\u20131990) urodzi\u0142 si\u0119 w Kaliszu, tam te\u017c kszta\u0142ci\u0142 si\u0119 w szkole muzycznej.\" \/>\n\t\t<meta name=\"twitter:creator\" content=\"@pik1982dil\" \/>\n\t\t<meta name=\"twitter:image\" content=\"https:\/\/kaliszczasemmalowany.pl\/wp-content\/uploads\/2025\/05\/dorys-1.jpg\" \/>\n\t\t<meta name=\"twitter:label1\" content=\"Autor\" \/>\n\t\t<meta name=\"twitter:data1\" content=\"PiK\" \/>\n\t\t<meta name=\"twitter:label2\" content=\"Szac. czas czytania\" \/>\n\t\t<meta name=\"twitter:data2\" content=\"2 minuty\" \/>\n\t\t<script type=\"application\/ld+json\" class=\"aioseo-schema\">\n\t\t\t{\"@context\":\"https:\\\/\\\/schema.org\",\"@graph\":[{\"@type\":\"BlogPosting\",\"@id\":\"https:\\\/\\\/kaliszczasemmalowany.pl\\\/index.php\\\/2025\\\/benedykt-jerzy-dorys-kaliszanin-wybitny-artysta-fotografik-portrecista-fotograf-mody-reportazysta\\\/#blogposting\",\"name\":\"Benedykt Jerzy Dorys, kaliszanin, fotografik, portrecista\",\"headline\":\"Benedykt Jerzy Dorys, kaliszanin, wybitny artysta fotografik, portrecista, fotograf mody, reporta\\u017cysta\",\"author\":{\"@id\":\"https:\\\/\\\/kaliszczasemmalowany.pl\\\/index.php\\\/author\\\/krysia\\\/#author\"},\"publisher\":{\"@id\":\"https:\\\/\\\/kaliszczasemmalowany.pl\\\/#person\"},\"image\":{\"@type\":\"ImageObject\",\"url\":\"https:\\\/\\\/kaliszczasemmalowany.pl\\\/wp-content\\\/uploads\\\/2025\\\/05\\\/dorys-1.jpg\",\"width\":1000,\"height\":750,\"caption\":\"Benedykt Jerzy Dorys\"},\"datePublished\":\"2025-05-25T06:27:33+02:00\",\"dateModified\":\"2025-05-25T10:29:32+02:00\",\"inLanguage\":\"pl-PL\",\"mainEntityOfPage\":{\"@id\":\"https:\\\/\\\/kaliszczasemmalowany.pl\\\/index.php\\\/2025\\\/benedykt-jerzy-dorys-kaliszanin-wybitny-artysta-fotografik-portrecista-fotograf-mody-reportazysta\\\/#webpage\"},\"isPartOf\":{\"@id\":\"https:\\\/\\\/kaliszczasemmalowany.pl\\\/index.php\\\/2025\\\/benedykt-jerzy-dorys-kaliszanin-wybitny-artysta-fotografik-portrecista-fotograf-mody-reportazysta\\\/#webpage\"},\"articleSection\":\"kaliszanie, O Kaliszu, Cz\\u0119stochowska, Dorys, fotografia, G\\u0142\\u00f3wny Rynek, Kalisz, kaliszanie, Kazimierz na Wis\\u0142\\u0105, Kulisiewicz, Rypinek, wystawa\"},{\"@type\":\"BreadcrumbList\",\"@id\":\"https:\\\/\\\/kaliszczasemmalowany.pl\\\/index.php\\\/2025\\\/benedykt-jerzy-dorys-kaliszanin-wybitny-artysta-fotografik-portrecista-fotograf-mody-reportazysta\\\/#breadcrumblist\",\"itemListElement\":[{\"@type\":\"ListItem\",\"@id\":\"https:\\\/\\\/kaliszczasemmalowany.pl#listItem\",\"position\":1,\"name\":\"Strona g\\u0142\\u00f3wna\",\"item\":\"https:\\\/\\\/kaliszczasemmalowany.pl\",\"nextItem\":{\"@type\":\"ListItem\",\"@id\":\"https:\\\/\\\/kaliszczasemmalowany.pl\\\/index.php\\\/category\\\/kaliszanie\\\/#listItem\",\"name\":\"kaliszanie\"}},{\"@type\":\"ListItem\",\"@id\":\"https:\\\/\\\/kaliszczasemmalowany.pl\\\/index.php\\\/category\\\/kaliszanie\\\/#listItem\",\"position\":2,\"name\":\"kaliszanie\",\"item\":\"https:\\\/\\\/kaliszczasemmalowany.pl\\\/index.php\\\/category\\\/kaliszanie\\\/\",\"nextItem\":{\"@type\":\"ListItem\",\"@id\":\"https:\\\/\\\/kaliszczasemmalowany.pl\\\/index.php\\\/2025\\\/benedykt-jerzy-dorys-kaliszanin-wybitny-artysta-fotografik-portrecista-fotograf-mody-reportazysta\\\/#listItem\",\"name\":\"Benedykt Jerzy Dorys, kaliszanin, wybitny artysta fotografik, portrecista, fotograf mody, reporta\\u017cysta\"},\"previousItem\":{\"@type\":\"ListItem\",\"@id\":\"https:\\\/\\\/kaliszczasemmalowany.pl#listItem\",\"name\":\"Strona g\\u0142\\u00f3wna\"}},{\"@type\":\"ListItem\",\"@id\":\"https:\\\/\\\/kaliszczasemmalowany.pl\\\/index.php\\\/2025\\\/benedykt-jerzy-dorys-kaliszanin-wybitny-artysta-fotografik-portrecista-fotograf-mody-reportazysta\\\/#listItem\",\"position\":3,\"name\":\"Benedykt Jerzy Dorys, kaliszanin, wybitny artysta fotografik, portrecista, fotograf mody, reporta\\u017cysta\",\"previousItem\":{\"@type\":\"ListItem\",\"@id\":\"https:\\\/\\\/kaliszczasemmalowany.pl\\\/index.php\\\/category\\\/kaliszanie\\\/#listItem\",\"name\":\"kaliszanie\"}}]},{\"@type\":\"Person\",\"@id\":\"https:\\\/\\\/kaliszczasemmalowany.pl\\\/#person\",\"name\":\"Pawe\\u0142 Liszewski\",\"image\":{\"@type\":\"ImageObject\",\"@id\":\"https:\\\/\\\/kaliszczasemmalowany.pl\\\/index.php\\\/2025\\\/benedykt-jerzy-dorys-kaliszanin-wybitny-artysta-fotografik-portrecista-fotograf-mody-reportazysta\\\/#personImage\",\"url\":\"https:\\\/\\\/secure.gravatar.com\\\/avatar\\\/5a5afc29e8abe93f415ca15abf21395d6303ab000250220121432e5aab91966e?s=96&d=mm&r=g\",\"width\":96,\"height\":96,\"caption\":\"Pawe\\u0142 Liszewski\"}},{\"@type\":\"Person\",\"@id\":\"https:\\\/\\\/kaliszczasemmalowany.pl\\\/index.php\\\/author\\\/krysia\\\/#author\",\"url\":\"https:\\\/\\\/kaliszczasemmalowany.pl\\\/index.php\\\/author\\\/krysia\\\/\",\"name\":\"PiK\",\"image\":{\"@type\":\"ImageObject\",\"url\":\"https:\\\/\\\/secure.gravatar.com\\\/avatar\\\/a01eefe17b2143fe4c87c80742bc7ae8a193169eeebde9de8373aab5f31e2654?s=96&d=mm&r=g\"}},{\"@type\":\"WebPage\",\"@id\":\"https:\\\/\\\/kaliszczasemmalowany.pl\\\/index.php\\\/2025\\\/benedykt-jerzy-dorys-kaliszanin-wybitny-artysta-fotografik-portrecista-fotograf-mody-reportazysta\\\/#webpage\",\"url\":\"https:\\\/\\\/kaliszczasemmalowany.pl\\\/index.php\\\/2025\\\/benedykt-jerzy-dorys-kaliszanin-wybitny-artysta-fotografik-portrecista-fotograf-mody-reportazysta\\\/\",\"name\":\"Benedykt Jerzy Dorys, kaliszanin, fotografik, portrecista\",\"description\":\"Benedykt Jerzy Dorys (w\\u0142a\\u015bciwe nazwisko Rotenberg, 1901\\u20131990) urodzi\\u0142 si\\u0119 w Kaliszu, tam te\\u017c kszta\\u0142ci\\u0142 si\\u0119 w szkole muzycznej.\",\"inLanguage\":\"pl-PL\",\"isPartOf\":{\"@id\":\"https:\\\/\\\/kaliszczasemmalowany.pl\\\/#website\"},\"breadcrumb\":{\"@id\":\"https:\\\/\\\/kaliszczasemmalowany.pl\\\/index.php\\\/2025\\\/benedykt-jerzy-dorys-kaliszanin-wybitny-artysta-fotografik-portrecista-fotograf-mody-reportazysta\\\/#breadcrumblist\"},\"author\":{\"@id\":\"https:\\\/\\\/kaliszczasemmalowany.pl\\\/index.php\\\/author\\\/krysia\\\/#author\"},\"creator\":{\"@id\":\"https:\\\/\\\/kaliszczasemmalowany.pl\\\/index.php\\\/author\\\/krysia\\\/#author\"},\"image\":{\"@type\":\"ImageObject\",\"url\":\"https:\\\/\\\/kaliszczasemmalowany.pl\\\/wp-content\\\/uploads\\\/2025\\\/05\\\/dorys-1.jpg\",\"@id\":\"https:\\\/\\\/kaliszczasemmalowany.pl\\\/index.php\\\/2025\\\/benedykt-jerzy-dorys-kaliszanin-wybitny-artysta-fotografik-portrecista-fotograf-mody-reportazysta\\\/#mainImage\",\"width\":1000,\"height\":750,\"caption\":\"Benedykt Jerzy Dorys\"},\"primaryImageOfPage\":{\"@id\":\"https:\\\/\\\/kaliszczasemmalowany.pl\\\/index.php\\\/2025\\\/benedykt-jerzy-dorys-kaliszanin-wybitny-artysta-fotografik-portrecista-fotograf-mody-reportazysta\\\/#mainImage\"},\"datePublished\":\"2025-05-25T06:27:33+02:00\",\"dateModified\":\"2025-05-25T10:29:32+02:00\"},{\"@type\":\"WebSite\",\"@id\":\"https:\\\/\\\/kaliszczasemmalowany.pl\\\/#website\",\"url\":\"https:\\\/\\\/kaliszczasemmalowany.pl\\\/\",\"name\":\"Kalisz Czasem Malowany\",\"description\":\"Fotoblog subiektywny\",\"inLanguage\":\"pl-PL\",\"publisher\":{\"@id\":\"https:\\\/\\\/kaliszczasemmalowany.pl\\\/#person\"}}]}\n\t\t<\/script>\n\t\t<!-- All in One SEO Pro -->\r\n\t\t<title>Benedykt Jerzy Dorys, kaliszanin, fotografik, portrecista<\/title>\n\n","aioseo_head_json":{"title":"Benedykt Jerzy Dorys, kaliszanin, fotografik, portrecista","description":"Benedykt Jerzy Dorys (w\u0142a\u015bciwe nazwisko Rotenberg, 1901\u20131990) urodzi\u0142 si\u0119 w Kaliszu, tam te\u017c kszta\u0142ci\u0142 si\u0119 w szkole muzycznej.","canonical_url":"https:\/\/kaliszczasemmalowany.pl\/index.php\/2025\/benedykt-jerzy-dorys-kaliszanin-wybitny-artysta-fotografik-portrecista-fotograf-mody-reportazysta\/","robots":"max-image-preview:large","keywords":"cz\u0119stochowska,dorys,fotografia,g\u0142\u00f3wny rynek,kalisz,kaliszanie,kazimierz na wis\u0142\u0105,kulisiewicz,rypinek,wystawa,o kaliszu","webmasterTools":{"miscellaneous":""},"schema":{"@context":"https:\/\/schema.org","@graph":[{"@type":"BlogPosting","@id":"https:\/\/kaliszczasemmalowany.pl\/index.php\/2025\/benedykt-jerzy-dorys-kaliszanin-wybitny-artysta-fotografik-portrecista-fotograf-mody-reportazysta\/#blogposting","name":"Benedykt Jerzy Dorys, kaliszanin, fotografik, portrecista","headline":"Benedykt Jerzy Dorys, kaliszanin, wybitny artysta fotografik, portrecista, fotograf mody, reporta\u017cysta","author":{"@id":"https:\/\/kaliszczasemmalowany.pl\/index.php\/author\/krysia\/#author"},"publisher":{"@id":"https:\/\/kaliszczasemmalowany.pl\/#person"},"image":{"@type":"ImageObject","url":"https:\/\/kaliszczasemmalowany.pl\/wp-content\/uploads\/2025\/05\/dorys-1.jpg","width":1000,"height":750,"caption":"Benedykt Jerzy Dorys"},"datePublished":"2025-05-25T06:27:33+02:00","dateModified":"2025-05-25T10:29:32+02:00","inLanguage":"pl-PL","mainEntityOfPage":{"@id":"https:\/\/kaliszczasemmalowany.pl\/index.php\/2025\/benedykt-jerzy-dorys-kaliszanin-wybitny-artysta-fotografik-portrecista-fotograf-mody-reportazysta\/#webpage"},"isPartOf":{"@id":"https:\/\/kaliszczasemmalowany.pl\/index.php\/2025\/benedykt-jerzy-dorys-kaliszanin-wybitny-artysta-fotografik-portrecista-fotograf-mody-reportazysta\/#webpage"},"articleSection":"kaliszanie, O Kaliszu, Cz\u0119stochowska, Dorys, fotografia, G\u0142\u00f3wny Rynek, Kalisz, kaliszanie, Kazimierz na Wis\u0142\u0105, Kulisiewicz, Rypinek, wystawa"},{"@type":"BreadcrumbList","@id":"https:\/\/kaliszczasemmalowany.pl\/index.php\/2025\/benedykt-jerzy-dorys-kaliszanin-wybitny-artysta-fotografik-portrecista-fotograf-mody-reportazysta\/#breadcrumblist","itemListElement":[{"@type":"ListItem","@id":"https:\/\/kaliszczasemmalowany.pl#listItem","position":1,"name":"Strona g\u0142\u00f3wna","item":"https:\/\/kaliszczasemmalowany.pl","nextItem":{"@type":"ListItem","@id":"https:\/\/kaliszczasemmalowany.pl\/index.php\/category\/kaliszanie\/#listItem","name":"kaliszanie"}},{"@type":"ListItem","@id":"https:\/\/kaliszczasemmalowany.pl\/index.php\/category\/kaliszanie\/#listItem","position":2,"name":"kaliszanie","item":"https:\/\/kaliszczasemmalowany.pl\/index.php\/category\/kaliszanie\/","nextItem":{"@type":"ListItem","@id":"https:\/\/kaliszczasemmalowany.pl\/index.php\/2025\/benedykt-jerzy-dorys-kaliszanin-wybitny-artysta-fotografik-portrecista-fotograf-mody-reportazysta\/#listItem","name":"Benedykt Jerzy Dorys, kaliszanin, wybitny artysta fotografik, portrecista, fotograf mody, reporta\u017cysta"},"previousItem":{"@type":"ListItem","@id":"https:\/\/kaliszczasemmalowany.pl#listItem","name":"Strona g\u0142\u00f3wna"}},{"@type":"ListItem","@id":"https:\/\/kaliszczasemmalowany.pl\/index.php\/2025\/benedykt-jerzy-dorys-kaliszanin-wybitny-artysta-fotografik-portrecista-fotograf-mody-reportazysta\/#listItem","position":3,"name":"Benedykt Jerzy Dorys, kaliszanin, wybitny artysta fotografik, portrecista, fotograf mody, reporta\u017cysta","previousItem":{"@type":"ListItem","@id":"https:\/\/kaliszczasemmalowany.pl\/index.php\/category\/kaliszanie\/#listItem","name":"kaliszanie"}}]},{"@type":"Person","@id":"https:\/\/kaliszczasemmalowany.pl\/#person","name":"Pawe\u0142 Liszewski","image":{"@type":"ImageObject","@id":"https:\/\/kaliszczasemmalowany.pl\/index.php\/2025\/benedykt-jerzy-dorys-kaliszanin-wybitny-artysta-fotografik-portrecista-fotograf-mody-reportazysta\/#personImage","url":"https:\/\/secure.gravatar.com\/avatar\/5a5afc29e8abe93f415ca15abf21395d6303ab000250220121432e5aab91966e?s=96&d=mm&r=g","width":96,"height":96,"caption":"Pawe\u0142 Liszewski"}},{"@type":"Person","@id":"https:\/\/kaliszczasemmalowany.pl\/index.php\/author\/krysia\/#author","url":"https:\/\/kaliszczasemmalowany.pl\/index.php\/author\/krysia\/","name":"PiK","image":{"@type":"ImageObject","url":"https:\/\/secure.gravatar.com\/avatar\/a01eefe17b2143fe4c87c80742bc7ae8a193169eeebde9de8373aab5f31e2654?s=96&d=mm&r=g"}},{"@type":"WebPage","@id":"https:\/\/kaliszczasemmalowany.pl\/index.php\/2025\/benedykt-jerzy-dorys-kaliszanin-wybitny-artysta-fotografik-portrecista-fotograf-mody-reportazysta\/#webpage","url":"https:\/\/kaliszczasemmalowany.pl\/index.php\/2025\/benedykt-jerzy-dorys-kaliszanin-wybitny-artysta-fotografik-portrecista-fotograf-mody-reportazysta\/","name":"Benedykt Jerzy Dorys, kaliszanin, fotografik, portrecista","description":"Benedykt Jerzy Dorys (w\u0142a\u015bciwe nazwisko Rotenberg, 1901\u20131990) urodzi\u0142 si\u0119 w Kaliszu, tam te\u017c kszta\u0142ci\u0142 si\u0119 w szkole muzycznej.","inLanguage":"pl-PL","isPartOf":{"@id":"https:\/\/kaliszczasemmalowany.pl\/#website"},"breadcrumb":{"@id":"https:\/\/kaliszczasemmalowany.pl\/index.php\/2025\/benedykt-jerzy-dorys-kaliszanin-wybitny-artysta-fotografik-portrecista-fotograf-mody-reportazysta\/#breadcrumblist"},"author":{"@id":"https:\/\/kaliszczasemmalowany.pl\/index.php\/author\/krysia\/#author"},"creator":{"@id":"https:\/\/kaliszczasemmalowany.pl\/index.php\/author\/krysia\/#author"},"image":{"@type":"ImageObject","url":"https:\/\/kaliszczasemmalowany.pl\/wp-content\/uploads\/2025\/05\/dorys-1.jpg","@id":"https:\/\/kaliszczasemmalowany.pl\/index.php\/2025\/benedykt-jerzy-dorys-kaliszanin-wybitny-artysta-fotografik-portrecista-fotograf-mody-reportazysta\/#mainImage","width":1000,"height":750,"caption":"Benedykt Jerzy Dorys"},"primaryImageOfPage":{"@id":"https:\/\/kaliszczasemmalowany.pl\/index.php\/2025\/benedykt-jerzy-dorys-kaliszanin-wybitny-artysta-fotografik-portrecista-fotograf-mody-reportazysta\/#mainImage"},"datePublished":"2025-05-25T06:27:33+02:00","dateModified":"2025-05-25T10:29:32+02:00"},{"@type":"WebSite","@id":"https:\/\/kaliszczasemmalowany.pl\/#website","url":"https:\/\/kaliszczasemmalowany.pl\/","name":"Kalisz Czasem Malowany","description":"Fotoblog subiektywny","inLanguage":"pl-PL","publisher":{"@id":"https:\/\/kaliszczasemmalowany.pl\/#person"}}]},"og:locale":"pl_PL","og:site_name":"Kalisz Czasem Malowany - Fotoblog subiektywny","og:type":"activity","og:title":"Benedykt Jerzy Dorys, kaliszanin, fotografik, portrecista","og:description":"Benedykt Jerzy Dorys (w\u0142a\u015bciwe nazwisko Rotenberg, 1901\u20131990) urodzi\u0142 si\u0119 w Kaliszu, tam te\u017c kszta\u0142ci\u0142 si\u0119 w szkole muzycznej.","og:url":"https:\/\/kaliszczasemmalowany.pl\/index.php\/2025\/benedykt-jerzy-dorys-kaliszanin-wybitny-artysta-fotografik-portrecista-fotograf-mody-reportazysta\/","fb:app_id":"1247192616682170","fb:admins":"100003136013596,100070523616841,100004477359982","og:image":"https:\/\/kaliszczasemmalowany.pl\/wp-content\/uploads\/2025\/05\/dorys-1.jpg","og:image:secure_url":"https:\/\/kaliszczasemmalowany.pl\/wp-content\/uploads\/2025\/05\/dorys-1.jpg","og:image:width":1000,"og:image:height":750,"twitter:card":"summary_large_image","twitter:site":"@pik1982dil","twitter:title":"Benedykt Jerzy Dorys, kaliszanin, fotografik, portrecista","twitter:description":"Benedykt Jerzy Dorys (w\u0142a\u015bciwe nazwisko Rotenberg, 1901\u20131990) urodzi\u0142 si\u0119 w Kaliszu, tam te\u017c kszta\u0142ci\u0142 si\u0119 w szkole muzycznej.","twitter:creator":"@pik1982dil","twitter:image":"https:\/\/kaliszczasemmalowany.pl\/wp-content\/uploads\/2025\/05\/dorys-1.jpg","twitter:label1":"Autor","twitter:data1":"PiK","twitter:label2":"Szac. czas czytania","twitter:data2":"2 minuty"},"aioseo_meta_data":{"post_id":"33617","title":"Benedykt Jerzy Dorys, kaliszanin, fotografik, portrecista","description":"Benedykt Jerzy Dorys (w\u0142a\u015bciwe nazwisko Rotenberg, 1901\u20131990) urodzi\u0142 si\u0119 w Kaliszu, tam te\u017c kszta\u0142ci\u0142 si\u0119 w szkole muzycznej.","keywords":null,"keyphrases":{"focus":{"keyphrase":"Benedykt Jerzy Dorys","score":100,"analysis":{"keyphraseInTitle":{"score":9,"maxScore":9,"error":0},"keyphraseInDescription":{"score":9,"maxScore":9,"error":0},"keyphraseLength":{"score":9,"maxScore":9,"error":0,"length":3},"keyphraseInURL":{"score":5,"maxScore":5,"error":0},"keyphraseInIntroduction":{"score":9,"maxScore":9,"error":0},"keyphraseInSubHeadings":[],"keyphraseInImageAlt":{"score":9,"maxScore":9,"error":0},"keywordDensity":{"type":"best","score":9,"maxScore":9,"error":0}}},"additional":[]},"primary_term":{"category":39},"canonical_url":null,"og_title":null,"og_description":null,"og_object_type":"default","og_image_type":"default","og_image_url":null,"og_image_width":null,"og_image_height":null,"og_image_custom_url":null,"og_image_custom_fields":null,"og_video":"","og_custom_url":null,"og_article_section":null,"og_article_tags":null,"twitter_use_og":true,"twitter_card":"default","twitter_image_type":"default","twitter_image_url":null,"twitter_image_custom_url":null,"twitter_image_custom_fields":null,"twitter_title":null,"twitter_description":null,"schema":{"blockGraphs":[],"customGraphs":[],"default":{"data":{"Article":[],"Course":[],"Dataset":[],"FAQPage":[],"Movie":[],"Person":[],"Product":[],"ProductReview":[],"Car":[],"Recipe":[],"Service":[],"SoftwareApplication":[],"WebPage":[]},"graphName":"BlogPosting","isEnabled":true},"graphs":[]},"schema_type":"default","schema_type_options":null,"pillar_content":false,"robots_default":true,"robots_noindex":false,"robots_noarchive":false,"robots_nosnippet":false,"robots_nofollow":false,"robots_noimageindex":false,"robots_noodp":false,"robots_notranslate":false,"robots_max_snippet":"-1","robots_max_videopreview":"-1","robots_max_imagepreview":"large","priority":null,"frequency":"default","local_seo":null,"seo_analyzer_scan_date":"2025-11-28 15:21:42","breadcrumb_settings":null,"limit_modified_date":false,"reviewed_by":null,"open_ai":"{\"title\":{\"suggestions\":[],\"usage\":0},\"description\":{\"suggestions\":[],\"usage\":0}}","ai":null,"created":"2023-08-16 18:12:33","updated":"2025-11-28 15:21:42"},"aioseo_breadcrumb":"<div class=\"aioseo-breadcrumbs\"><span class=\"aioseo-breadcrumb\">\n\t<a href=\"https:\/\/kaliszczasemmalowany.pl\" title=\"Strona g\u0142\u00f3wna\">Strona g\u0142\u00f3wna<\/a>\n<\/span><span class=\"aioseo-breadcrumb-separator\">\u00bb<\/span><span class=\"aioseo-breadcrumb\">\n\t<a href=\"https:\/\/kaliszczasemmalowany.pl\/index.php\/category\/kaliszanie\/\" title=\"kaliszanie\">kaliszanie<\/a>\n<\/span><span class=\"aioseo-breadcrumb-separator\">\u00bb<\/span><span class=\"aioseo-breadcrumb\">\n\tBenedykt Jerzy Dorys, kaliszanin, wybitny artysta fotografik, portrecista, fotograf mody, reporta\u017cysta\n<\/span><\/div>","aioseo_breadcrumb_json":[{"label":"Strona g\u0142\u00f3wna","link":"https:\/\/kaliszczasemmalowany.pl"},{"label":"kaliszanie","link":"https:\/\/kaliszczasemmalowany.pl\/index.php\/category\/kaliszanie\/"},{"label":"Benedykt Jerzy Dorys, kaliszanin, wybitny artysta fotografik, portrecista, fotograf mody, reporta\u017cysta","link":"https:\/\/kaliszczasemmalowany.pl\/index.php\/2025\/benedykt-jerzy-dorys-kaliszanin-wybitny-artysta-fotografik-portrecista-fotograf-mody-reportazysta\/"}],"acf":[],"_links":{"self":[{"href":"https:\/\/kaliszczasemmalowany.pl\/index.php\/wp-json\/wp\/v2\/posts\/33617","targetHints":{"allow":["GET"]}}],"collection":[{"href":"https:\/\/kaliszczasemmalowany.pl\/index.php\/wp-json\/wp\/v2\/posts"}],"about":[{"href":"https:\/\/kaliszczasemmalowany.pl\/index.php\/wp-json\/wp\/v2\/types\/post"}],"author":[{"embeddable":true,"href":"https:\/\/kaliszczasemmalowany.pl\/index.php\/wp-json\/wp\/v2\/users\/2"}],"replies":[{"embeddable":true,"href":"https:\/\/kaliszczasemmalowany.pl\/index.php\/wp-json\/wp\/v2\/comments?post=33617"}],"version-history":[{"count":21,"href":"https:\/\/kaliszczasemmalowany.pl\/index.php\/wp-json\/wp\/v2\/posts\/33617\/revisions"}],"predecessor-version":[{"id":45452,"href":"https:\/\/kaliszczasemmalowany.pl\/index.php\/wp-json\/wp\/v2\/posts\/33617\/revisions\/45452"}],"wp:featuredmedia":[{"embeddable":true,"href":"https:\/\/kaliszczasemmalowany.pl\/index.php\/wp-json\/wp\/v2\/media\/46716"}],"wp:attachment":[{"href":"https:\/\/kaliszczasemmalowany.pl\/index.php\/wp-json\/wp\/v2\/media?parent=33617"}],"wp:term":[{"taxonomy":"category","embeddable":true,"href":"https:\/\/kaliszczasemmalowany.pl\/index.php\/wp-json\/wp\/v2\/categories?post=33617"},{"taxonomy":"post_tag","embeddable":true,"href":"https:\/\/kaliszczasemmalowany.pl\/index.php\/wp-json\/wp\/v2\/tags?post=33617"}],"curies":[{"name":"wp","href":"https:\/\/api.w.org\/{rel}","templated":true}]}}