{"id":27527,"date":"2020-05-02T11:31:34","date_gmt":"2020-05-02T10:31:34","guid":{"rendered":"http:\/\/kaliszczasemmalowany.pl\/?p=27527"},"modified":"2023-10-06T13:14:58","modified_gmt":"2023-10-06T11:14:58","slug":"zostanwdomu-kiedys-bylo-jakos-fajniej-tlumy-na-glownym-rynku-w-kaliszu","status":"publish","type":"post","link":"https:\/\/kaliszczasemmalowany.pl\/index.php\/2020\/zostanwdomu-kiedys-bylo-jakos-fajniej-tlumy-na-glownym-rynku-w-kaliszu\/","title":{"rendered":"#Zosta\u0144wDomu &#8211; Kiedy\u015b by\u0142o jako\u015b fajniej &#8211; T\u0142umy na G\u0142\u00f3wnym Rynku w Kaliszu"},"content":{"rendered":"<p>Kiedy\u015b by\u0142o jako\u015b fajniej &#8211; T\u0142umy <a href=\"https:\/\/kaliszczasemmalowany.pl\/index.php\/2018\/lato-2018-lody-slonce-i-glowny-rynek\/\" target=\"_blank\" rel=\"noopener\">na G\u0142\u00f3wnym Rynku<\/a> w Kaliszu<\/p>\n<p><img fetchpriority=\"high\" decoding=\"async\" class=\"alignnone size-large wp-image-27522\" src=\"http:\/\/kaliszczasemmalowany.pl\/wp-content\/uploads\/2020\/05\/DSC_6220-1024x683.jpg\" alt=\"\" width=\"840\" height=\"560\" srcset=\"https:\/\/kaliszczasemmalowany.pl\/wp-content\/uploads\/2020\/05\/DSC_6220-1024x683.jpg 1024w, https:\/\/kaliszczasemmalowany.pl\/wp-content\/uploads\/2020\/05\/DSC_6220-300x200.jpg 300w, https:\/\/kaliszczasemmalowany.pl\/wp-content\/uploads\/2020\/05\/DSC_6220-768x512.jpg 768w, https:\/\/kaliszczasemmalowany.pl\/wp-content\/uploads\/2020\/05\/DSC_6220-1536x1024.jpg 1536w, https:\/\/kaliszczasemmalowany.pl\/wp-content\/uploads\/2020\/05\/DSC_6220-2048x1365.jpg 2048w, https:\/\/kaliszczasemmalowany.pl\/wp-content\/uploads\/2020\/05\/DSC_6220-1200x800.jpg 1200w\" sizes=\"(max-width: 840px) 100vw, 840px\" \/><\/p>\n<p><!--more--><\/p>\n<p><img decoding=\"async\" class=\"alignnone size-large wp-image-27520\" src=\"http:\/\/kaliszczasemmalowany.pl\/wp-content\/uploads\/2020\/05\/DSC_2832-1024x680.jpg\" alt=\"\" width=\"840\" height=\"558\" srcset=\"https:\/\/kaliszczasemmalowany.pl\/wp-content\/uploads\/2020\/05\/DSC_2832-1024x680.jpg 1024w, https:\/\/kaliszczasemmalowany.pl\/wp-content\/uploads\/2020\/05\/DSC_2832-300x199.jpg 300w, https:\/\/kaliszczasemmalowany.pl\/wp-content\/uploads\/2020\/05\/DSC_2832-768x510.jpg 768w, https:\/\/kaliszczasemmalowany.pl\/wp-content\/uploads\/2020\/05\/DSC_2832-1536x1020.jpg 1536w, https:\/\/kaliszczasemmalowany.pl\/wp-content\/uploads\/2020\/05\/DSC_2832-2048x1360.jpg 2048w, https:\/\/kaliszczasemmalowany.pl\/wp-content\/uploads\/2020\/05\/DSC_2832-1200x797.jpg 1200w\" sizes=\"(max-width: 840px) 100vw, 840px\" \/><\/p>\n<p><img decoding=\"async\" class=\"alignnone size-large wp-image-27519\" src=\"http:\/\/kaliszczasemmalowany.pl\/wp-content\/uploads\/2020\/05\/DSC_2557-1024x680.jpg\" alt=\"\" width=\"840\" height=\"558\" srcset=\"https:\/\/kaliszczasemmalowany.pl\/wp-content\/uploads\/2020\/05\/DSC_2557-1024x680.jpg 1024w, https:\/\/kaliszczasemmalowany.pl\/wp-content\/uploads\/2020\/05\/DSC_2557-300x199.jpg 300w, https:\/\/kaliszczasemmalowany.pl\/wp-content\/uploads\/2020\/05\/DSC_2557-768x510.jpg 768w, https:\/\/kaliszczasemmalowany.pl\/wp-content\/uploads\/2020\/05\/DSC_2557-1536x1020.jpg 1536w\" sizes=\"(max-width: 840px) 100vw, 840px\" \/><\/p>\n<p><img loading=\"lazy\" decoding=\"async\" class=\"alignnone size-large wp-image-27526\" src=\"http:\/\/kaliszczasemmalowany.pl\/wp-content\/uploads\/2020\/05\/DSC_8535-1024x680.jpg\" alt=\"\" width=\"840\" height=\"558\" srcset=\"https:\/\/kaliszczasemmalowany.pl\/wp-content\/uploads\/2020\/05\/DSC_8535-1024x680.jpg 1024w, https:\/\/kaliszczasemmalowany.pl\/wp-content\/uploads\/2020\/05\/DSC_8535-300x199.jpg 300w, https:\/\/kaliszczasemmalowany.pl\/wp-content\/uploads\/2020\/05\/DSC_8535-768x510.jpg 768w, https:\/\/kaliszczasemmalowany.pl\/wp-content\/uploads\/2020\/05\/DSC_8535-1536x1020.jpg 1536w, https:\/\/kaliszczasemmalowany.pl\/wp-content\/uploads\/2020\/05\/DSC_8535-2048x1360.jpg 2048w, https:\/\/kaliszczasemmalowany.pl\/wp-content\/uploads\/2020\/05\/DSC_8535-1200x797.jpg 1200w\" sizes=\"(max-width: 840px) 100vw, 840px\" \/><\/p>\n<p><img loading=\"lazy\" decoding=\"async\" class=\"alignnone size-large wp-image-27525\" src=\"http:\/\/kaliszczasemmalowany.pl\/wp-content\/uploads\/2020\/05\/DSC_8232-1024x680.jpg\" alt=\"\" width=\"840\" height=\"558\" srcset=\"https:\/\/kaliszczasemmalowany.pl\/wp-content\/uploads\/2020\/05\/DSC_8232-1024x680.jpg 1024w, https:\/\/kaliszczasemmalowany.pl\/wp-content\/uploads\/2020\/05\/DSC_8232-300x199.jpg 300w, https:\/\/kaliszczasemmalowany.pl\/wp-content\/uploads\/2020\/05\/DSC_8232-768x510.jpg 768w, https:\/\/kaliszczasemmalowany.pl\/wp-content\/uploads\/2020\/05\/DSC_8232-1536x1020.jpg 1536w, https:\/\/kaliszczasemmalowany.pl\/wp-content\/uploads\/2020\/05\/DSC_8232-2048x1360.jpg 2048w, https:\/\/kaliszczasemmalowany.pl\/wp-content\/uploads\/2020\/05\/DSC_8232-1200x797.jpg 1200w\" sizes=\"(max-width: 840px) 100vw, 840px\" \/><\/p>\n<p><img loading=\"lazy\" decoding=\"async\" class=\"alignnone size-large wp-image-27524\" src=\"http:\/\/kaliszczasemmalowany.pl\/wp-content\/uploads\/2020\/05\/DSC_7887-1024x680.jpg\" alt=\"\" width=\"840\" height=\"558\" srcset=\"https:\/\/kaliszczasemmalowany.pl\/wp-content\/uploads\/2020\/05\/DSC_7887-1024x680.jpg 1024w, https:\/\/kaliszczasemmalowany.pl\/wp-content\/uploads\/2020\/05\/DSC_7887-300x199.jpg 300w, https:\/\/kaliszczasemmalowany.pl\/wp-content\/uploads\/2020\/05\/DSC_7887-768x510.jpg 768w, https:\/\/kaliszczasemmalowany.pl\/wp-content\/uploads\/2020\/05\/DSC_7887-1536x1020.jpg 1536w, https:\/\/kaliszczasemmalowany.pl\/wp-content\/uploads\/2020\/05\/DSC_7887-2048x1360.jpg 2048w, https:\/\/kaliszczasemmalowany.pl\/wp-content\/uploads\/2020\/05\/DSC_7887-1200x797.jpg 1200w\" sizes=\"(max-width: 840px) 100vw, 840px\" \/><\/p>\n<p><img loading=\"lazy\" decoding=\"async\" class=\"alignnone size-large wp-image-27515\" src=\"http:\/\/kaliszczasemmalowany.pl\/wp-content\/uploads\/2020\/05\/DSC_0539-1024x680.jpg\" alt=\"\" width=\"840\" height=\"558\" srcset=\"https:\/\/kaliszczasemmalowany.pl\/wp-content\/uploads\/2020\/05\/DSC_0539-1024x680.jpg 1024w, https:\/\/kaliszczasemmalowany.pl\/wp-content\/uploads\/2020\/05\/DSC_0539-300x199.jpg 300w, https:\/\/kaliszczasemmalowany.pl\/wp-content\/uploads\/2020\/05\/DSC_0539-768x510.jpg 768w, https:\/\/kaliszczasemmalowany.pl\/wp-content\/uploads\/2020\/05\/DSC_0539-1536x1020.jpg 1536w, https:\/\/kaliszczasemmalowany.pl\/wp-content\/uploads\/2020\/05\/DSC_0539-2048x1360.jpg 2048w, https:\/\/kaliszczasemmalowany.pl\/wp-content\/uploads\/2020\/05\/DSC_0539-1200x797.jpg 1200w\" sizes=\"(max-width: 840px) 100vw, 840px\" \/><\/p>\n<p><img loading=\"lazy\" decoding=\"async\" class=\"alignnone size-large wp-image-27517\" src=\"http:\/\/kaliszczasemmalowany.pl\/wp-content\/uploads\/2020\/05\/DSC_1119-1024x683.jpg\" alt=\"\" width=\"840\" height=\"560\" srcset=\"https:\/\/kaliszczasemmalowany.pl\/wp-content\/uploads\/2020\/05\/DSC_1119-1024x683.jpg 1024w, https:\/\/kaliszczasemmalowany.pl\/wp-content\/uploads\/2020\/05\/DSC_1119-300x200.jpg 300w, https:\/\/kaliszczasemmalowany.pl\/wp-content\/uploads\/2020\/05\/DSC_1119-768x512.jpg 768w, https:\/\/kaliszczasemmalowany.pl\/wp-content\/uploads\/2020\/05\/DSC_1119-1536x1024.jpg 1536w, https:\/\/kaliszczasemmalowany.pl\/wp-content\/uploads\/2020\/05\/DSC_1119-2048x1365.jpg 2048w, https:\/\/kaliszczasemmalowany.pl\/wp-content\/uploads\/2020\/05\/DSC_1119-1200x800.jpg 1200w\" sizes=\"(max-width: 840px) 100vw, 840px\" \/><\/p>\n<p><img loading=\"lazy\" decoding=\"async\" class=\"alignnone size-large wp-image-27518\" src=\"http:\/\/kaliszczasemmalowany.pl\/wp-content\/uploads\/2020\/05\/DSC_1797-1024x683.jpg\" alt=\"\" width=\"840\" height=\"560\" srcset=\"https:\/\/kaliszczasemmalowany.pl\/wp-content\/uploads\/2020\/05\/DSC_1797-1024x683.jpg 1024w, https:\/\/kaliszczasemmalowany.pl\/wp-content\/uploads\/2020\/05\/DSC_1797-300x200.jpg 300w, https:\/\/kaliszczasemmalowany.pl\/wp-content\/uploads\/2020\/05\/DSC_1797-768x512.jpg 768w, https:\/\/kaliszczasemmalowany.pl\/wp-content\/uploads\/2020\/05\/DSC_1797-1536x1024.jpg 1536w, https:\/\/kaliszczasemmalowany.pl\/wp-content\/uploads\/2020\/05\/DSC_1797-2048x1365.jpg 2048w, https:\/\/kaliszczasemmalowany.pl\/wp-content\/uploads\/2020\/05\/DSC_1797-1200x800.jpg 1200w\" sizes=\"(max-width: 840px) 100vw, 840px\" \/><\/p>\n<p>&nbsp;<\/p>\n","protected":false},"excerpt":{"rendered":"<p>Kiedy&#347; by&#322;o jako&#347; fajniej &ndash; T&#322;umy na G&#322;&oacute;wnym Rynku w Kaliszu<\/p>\n","protected":false},"author":2,"featured_media":27523,"comment_status":"open","ping_status":"open","sticky":false,"template":"","format":"standard","meta":{"_monsterinsights_skip_tracking":false,"_monsterinsights_sitenote_active":false,"_monsterinsights_sitenote_note":"","_monsterinsights_sitenote_category":0,"footnotes":""},"categories":[2,6,18],"tags":[9,13],"class_list":["post-27527","post","type-post","status-publish","format-standard","has-post-thumbnail","hentry","category-o-kaliszu","category-ulice-kamienice-podworka","category-wydarzenia","tag-glowny-rynek","tag-kalisz"],"aioseo_notices":[],"aioseo_head":"\n\t\t<!-- All in One SEO Pro 4.9.0 - aioseo.com -->\n\t<meta name=\"description\" content=\"Kiedy\u015b by\u0142o jako\u015b fajniej - T\u0142umy na G\u0142\u00f3wnym Rynku w Kaliszu\" \/>\n\t<meta name=\"robots\" content=\"max-image-preview:large\" \/>\n\t<meta name=\"author\" content=\"PiK\"\/>\n\t<meta name=\"keywords\" content=\"g\u0142\u00f3wny rynek,kalisz,o kaliszu,ulice, kamienice, podw\u00f3rka,wydarzenia\" \/>\n\t<link rel=\"canonical\" href=\"https:\/\/kaliszczasemmalowany.pl\/index.php\/2020\/zostanwdomu-kiedys-bylo-jakos-fajniej-tlumy-na-glownym-rynku-w-kaliszu\/\" \/>\n\t<meta name=\"generator\" content=\"All in One SEO Pro (AIOSEO) 4.9.0\" \/>\n\t\t<meta property=\"og:locale\" content=\"pl_PL\" \/>\n\t\t<meta property=\"og:site_name\" content=\"Kalisz Czasem Malowany - Fotoblog subiektywny\" \/>\n\t\t<meta property=\"og:type\" content=\"activity\" \/>\n\t\t<meta property=\"og:title\" content=\"#Zosta\u0144wDomu \u2013 Kiedy\u015b by\u0142o jako\u015b fajniej \u2013 T\u0142umy na G\u0142\u00f3wnym Rynku w Kaliszu - Kalisz Czasem Malowany\" \/>\n\t\t<meta property=\"og:description\" content=\"Kiedy\u015b by\u0142o jako\u015b fajniej - T\u0142umy na G\u0142\u00f3wnym Rynku w Kaliszu\" \/>\n\t\t<meta property=\"og:url\" content=\"https:\/\/kaliszczasemmalowany.pl\/index.php\/2020\/zostanwdomu-kiedys-bylo-jakos-fajniej-tlumy-na-glownym-rynku-w-kaliszu\/\" \/>\n\t\t<meta property=\"fb:app_id\" content=\"1247192616682170\" \/>\n\t\t<meta property=\"fb:admins\" content=\"100003136013596,100070523616841,100004477359982\" \/>\n\t\t<meta property=\"og:image\" content=\"https:\/\/kaliszczasemmalowany.pl\/wp-content\/uploads\/2020\/05\/DSC_6991-scaled.jpg\" \/>\n\t\t<meta property=\"og:image:secure_url\" content=\"https:\/\/kaliszczasemmalowany.pl\/wp-content\/uploads\/2020\/05\/DSC_6991-scaled.jpg\" \/>\n\t\t<meta property=\"og:image:width\" content=\"2560\" \/>\n\t\t<meta property=\"og:image:height\" content=\"1707\" \/>\n\t\t<meta name=\"twitter:card\" content=\"summary_large_image\" \/>\n\t\t<meta name=\"twitter:site\" content=\"@pik1982dil\" \/>\n\t\t<meta name=\"twitter:title\" content=\"#Zosta\u0144wDomu \u2013 Kiedy\u015b by\u0142o jako\u015b fajniej \u2013 T\u0142umy na G\u0142\u00f3wnym Rynku w Kaliszu - Kalisz Czasem Malowany\" \/>\n\t\t<meta name=\"twitter:description\" content=\"Kiedy\u015b by\u0142o jako\u015b fajniej - T\u0142umy na G\u0142\u00f3wnym Rynku w Kaliszu\" \/>\n\t\t<meta name=\"twitter:creator\" content=\"@pik1982dil\" \/>\n\t\t<meta name=\"twitter:image\" content=\"https:\/\/kaliszczasemmalowany.pl\/wp-content\/uploads\/2020\/05\/DSC_6991-scaled.jpg\" \/>\n\t\t<meta name=\"twitter:label1\" content=\"Autor\" \/>\n\t\t<meta name=\"twitter:data1\" content=\"PiK\" \/>\n\t\t<script type=\"application\/ld+json\" class=\"aioseo-schema\">\n\t\t\t{\"@context\":\"https:\\\/\\\/schema.org\",\"@graph\":[{\"@type\":\"BlogPosting\",\"@id\":\"https:\\\/\\\/kaliszczasemmalowany.pl\\\/index.php\\\/2020\\\/zostanwdomu-kiedys-bylo-jakos-fajniej-tlumy-na-glownym-rynku-w-kaliszu\\\/#blogposting\",\"name\":\"#Zosta\\u0144wDomu \\u2013 Kiedy\\u015b by\\u0142o jako\\u015b fajniej \\u2013 T\\u0142umy na G\\u0142\\u00f3wnym Rynku w Kaliszu - Kalisz Czasem Malowany\",\"headline\":\"#Zosta\\u0144wDomu &#8211; Kiedy\\u015b by\\u0142o jako\\u015b fajniej &#8211; T\\u0142umy na G\\u0142\\u00f3wnym Rynku w Kaliszu\",\"author\":{\"@id\":\"https:\\\/\\\/kaliszczasemmalowany.pl\\\/index.php\\\/author\\\/krysia\\\/#author\"},\"publisher\":{\"@id\":\"https:\\\/\\\/kaliszczasemmalowany.pl\\\/#person\"},\"image\":{\"@type\":\"ImageObject\",\"url\":\"https:\\\/\\\/kaliszczasemmalowany.pl\\\/wp-content\\\/uploads\\\/2020\\\/05\\\/DSC_6991-scaled.jpg\",\"width\":2560,\"height\":1707},\"datePublished\":\"2020-05-02T11:31:34+02:00\",\"dateModified\":\"2023-10-06T13:14:58+02:00\",\"inLanguage\":\"pl-PL\",\"mainEntityOfPage\":{\"@id\":\"https:\\\/\\\/kaliszczasemmalowany.pl\\\/index.php\\\/2020\\\/zostanwdomu-kiedys-bylo-jakos-fajniej-tlumy-na-glownym-rynku-w-kaliszu\\\/#webpage\"},\"isPartOf\":{\"@id\":\"https:\\\/\\\/kaliszczasemmalowany.pl\\\/index.php\\\/2020\\\/zostanwdomu-kiedys-bylo-jakos-fajniej-tlumy-na-glownym-rynku-w-kaliszu\\\/#webpage\"},\"articleSection\":\"O Kaliszu, ulice, kamienice, podw\\u00f3rka, wydarzenia, G\\u0142\\u00f3wny Rynek, Kalisz\"},{\"@type\":\"BreadcrumbList\",\"@id\":\"https:\\\/\\\/kaliszczasemmalowany.pl\\\/index.php\\\/2020\\\/zostanwdomu-kiedys-bylo-jakos-fajniej-tlumy-na-glownym-rynku-w-kaliszu\\\/#breadcrumblist\",\"itemListElement\":[{\"@type\":\"ListItem\",\"@id\":\"https:\\\/\\\/kaliszczasemmalowany.pl#listItem\",\"position\":1,\"name\":\"Strona g\\u0142\\u00f3wna\",\"item\":\"https:\\\/\\\/kaliszczasemmalowany.pl\",\"nextItem\":{\"@type\":\"ListItem\",\"@id\":\"https:\\\/\\\/kaliszczasemmalowany.pl\\\/index.php\\\/category\\\/wydarzenia\\\/#listItem\",\"name\":\"wydarzenia\"}},{\"@type\":\"ListItem\",\"@id\":\"https:\\\/\\\/kaliszczasemmalowany.pl\\\/index.php\\\/category\\\/wydarzenia\\\/#listItem\",\"position\":2,\"name\":\"wydarzenia\",\"item\":\"https:\\\/\\\/kaliszczasemmalowany.pl\\\/index.php\\\/category\\\/wydarzenia\\\/\",\"nextItem\":{\"@type\":\"ListItem\",\"@id\":\"https:\\\/\\\/kaliszczasemmalowany.pl\\\/index.php\\\/2020\\\/zostanwdomu-kiedys-bylo-jakos-fajniej-tlumy-na-glownym-rynku-w-kaliszu\\\/#listItem\",\"name\":\"#Zosta\\u0144wDomu &#8211; Kiedy\\u015b by\\u0142o jako\\u015b fajniej &#8211; T\\u0142umy na G\\u0142\\u00f3wnym Rynku w Kaliszu\"},\"previousItem\":{\"@type\":\"ListItem\",\"@id\":\"https:\\\/\\\/kaliszczasemmalowany.pl#listItem\",\"name\":\"Strona g\\u0142\\u00f3wna\"}},{\"@type\":\"ListItem\",\"@id\":\"https:\\\/\\\/kaliszczasemmalowany.pl\\\/index.php\\\/2020\\\/zostanwdomu-kiedys-bylo-jakos-fajniej-tlumy-na-glownym-rynku-w-kaliszu\\\/#listItem\",\"position\":3,\"name\":\"#Zosta\\u0144wDomu &#8211; Kiedy\\u015b by\\u0142o jako\\u015b fajniej &#8211; T\\u0142umy na G\\u0142\\u00f3wnym Rynku w Kaliszu\",\"previousItem\":{\"@type\":\"ListItem\",\"@id\":\"https:\\\/\\\/kaliszczasemmalowany.pl\\\/index.php\\\/category\\\/wydarzenia\\\/#listItem\",\"name\":\"wydarzenia\"}}]},{\"@type\":\"Person\",\"@id\":\"https:\\\/\\\/kaliszczasemmalowany.pl\\\/#person\",\"name\":\"Pawe\\u0142 Liszewski\",\"image\":{\"@type\":\"ImageObject\",\"@id\":\"https:\\\/\\\/kaliszczasemmalowany.pl\\\/index.php\\\/2020\\\/zostanwdomu-kiedys-bylo-jakos-fajniej-tlumy-na-glownym-rynku-w-kaliszu\\\/#personImage\",\"url\":\"https:\\\/\\\/secure.gravatar.com\\\/avatar\\\/5a5afc29e8abe93f415ca15abf21395d6303ab000250220121432e5aab91966e?s=96&d=mm&r=g\",\"width\":96,\"height\":96,\"caption\":\"Pawe\\u0142 Liszewski\"}},{\"@type\":\"Person\",\"@id\":\"https:\\\/\\\/kaliszczasemmalowany.pl\\\/index.php\\\/author\\\/krysia\\\/#author\",\"url\":\"https:\\\/\\\/kaliszczasemmalowany.pl\\\/index.php\\\/author\\\/krysia\\\/\",\"name\":\"PiK\",\"image\":{\"@type\":\"ImageObject\",\"url\":\"https:\\\/\\\/secure.gravatar.com\\\/avatar\\\/a01eefe17b2143fe4c87c80742bc7ae8a193169eeebde9de8373aab5f31e2654?s=96&d=mm&r=g\"}},{\"@type\":\"WebPage\",\"@id\":\"https:\\\/\\\/kaliszczasemmalowany.pl\\\/index.php\\\/2020\\\/zostanwdomu-kiedys-bylo-jakos-fajniej-tlumy-na-glownym-rynku-w-kaliszu\\\/#webpage\",\"url\":\"https:\\\/\\\/kaliszczasemmalowany.pl\\\/index.php\\\/2020\\\/zostanwdomu-kiedys-bylo-jakos-fajniej-tlumy-na-glownym-rynku-w-kaliszu\\\/\",\"name\":\"#Zosta\\u0144wDomu \\u2013 Kiedy\\u015b by\\u0142o jako\\u015b fajniej \\u2013 T\\u0142umy na G\\u0142\\u00f3wnym Rynku w Kaliszu - Kalisz Czasem Malowany\",\"description\":\"Kiedy\\u015b by\\u0142o jako\\u015b fajniej - T\\u0142umy na G\\u0142\\u00f3wnym Rynku w Kaliszu\",\"inLanguage\":\"pl-PL\",\"isPartOf\":{\"@id\":\"https:\\\/\\\/kaliszczasemmalowany.pl\\\/#website\"},\"breadcrumb\":{\"@id\":\"https:\\\/\\\/kaliszczasemmalowany.pl\\\/index.php\\\/2020\\\/zostanwdomu-kiedys-bylo-jakos-fajniej-tlumy-na-glownym-rynku-w-kaliszu\\\/#breadcrumblist\"},\"author\":{\"@id\":\"https:\\\/\\\/kaliszczasemmalowany.pl\\\/index.php\\\/author\\\/krysia\\\/#author\"},\"creator\":{\"@id\":\"https:\\\/\\\/kaliszczasemmalowany.pl\\\/index.php\\\/author\\\/krysia\\\/#author\"},\"image\":{\"@type\":\"ImageObject\",\"url\":\"https:\\\/\\\/kaliszczasemmalowany.pl\\\/wp-content\\\/uploads\\\/2020\\\/05\\\/DSC_6991-scaled.jpg\",\"@id\":\"https:\\\/\\\/kaliszczasemmalowany.pl\\\/index.php\\\/2020\\\/zostanwdomu-kiedys-bylo-jakos-fajniej-tlumy-na-glownym-rynku-w-kaliszu\\\/#mainImage\",\"width\":2560,\"height\":1707},\"primaryImageOfPage\":{\"@id\":\"https:\\\/\\\/kaliszczasemmalowany.pl\\\/index.php\\\/2020\\\/zostanwdomu-kiedys-bylo-jakos-fajniej-tlumy-na-glownym-rynku-w-kaliszu\\\/#mainImage\"},\"datePublished\":\"2020-05-02T11:31:34+02:00\",\"dateModified\":\"2023-10-06T13:14:58+02:00\"},{\"@type\":\"WebSite\",\"@id\":\"https:\\\/\\\/kaliszczasemmalowany.pl\\\/#website\",\"url\":\"https:\\\/\\\/kaliszczasemmalowany.pl\\\/\",\"name\":\"Kalisz Czasem Malowany\",\"description\":\"Fotoblog subiektywny\",\"inLanguage\":\"pl-PL\",\"publisher\":{\"@id\":\"https:\\\/\\\/kaliszczasemmalowany.pl\\\/#person\"}}]}\n\t\t<\/script>\n\t\t<!-- All in One SEO Pro -->\r\n\t\t<title>#Zosta\u0144wDomu \u2013 Kiedy\u015b by\u0142o jako\u015b fajniej \u2013 T\u0142umy na G\u0142\u00f3wnym Rynku w Kaliszu - Kalisz Czasem Malowany<\/title>\n\n","aioseo_head_json":{"title":"#Zosta\u0144wDomu \u2013 Kiedy\u015b by\u0142o jako\u015b fajniej \u2013 T\u0142umy na G\u0142\u00f3wnym Rynku w Kaliszu - Kalisz Czasem Malowany","description":"Kiedy\u015b by\u0142o jako\u015b fajniej - T\u0142umy na G\u0142\u00f3wnym Rynku w Kaliszu","canonical_url":"https:\/\/kaliszczasemmalowany.pl\/index.php\/2020\/zostanwdomu-kiedys-bylo-jakos-fajniej-tlumy-na-glownym-rynku-w-kaliszu\/","robots":"max-image-preview:large","keywords":"g\u0142\u00f3wny rynek,kalisz,o kaliszu,ulice, kamienice, podw\u00f3rka,wydarzenia","webmasterTools":{"miscellaneous":""},"schema":{"@context":"https:\/\/schema.org","@graph":[{"@type":"BlogPosting","@id":"https:\/\/kaliszczasemmalowany.pl\/index.php\/2020\/zostanwdomu-kiedys-bylo-jakos-fajniej-tlumy-na-glownym-rynku-w-kaliszu\/#blogposting","name":"#Zosta\u0144wDomu \u2013 Kiedy\u015b by\u0142o jako\u015b fajniej \u2013 T\u0142umy na G\u0142\u00f3wnym Rynku w Kaliszu - Kalisz Czasem Malowany","headline":"#Zosta\u0144wDomu &#8211; Kiedy\u015b by\u0142o jako\u015b fajniej &#8211; T\u0142umy na G\u0142\u00f3wnym Rynku w Kaliszu","author":{"@id":"https:\/\/kaliszczasemmalowany.pl\/index.php\/author\/krysia\/#author"},"publisher":{"@id":"https:\/\/kaliszczasemmalowany.pl\/#person"},"image":{"@type":"ImageObject","url":"https:\/\/kaliszczasemmalowany.pl\/wp-content\/uploads\/2020\/05\/DSC_6991-scaled.jpg","width":2560,"height":1707},"datePublished":"2020-05-02T11:31:34+02:00","dateModified":"2023-10-06T13:14:58+02:00","inLanguage":"pl-PL","mainEntityOfPage":{"@id":"https:\/\/kaliszczasemmalowany.pl\/index.php\/2020\/zostanwdomu-kiedys-bylo-jakos-fajniej-tlumy-na-glownym-rynku-w-kaliszu\/#webpage"},"isPartOf":{"@id":"https:\/\/kaliszczasemmalowany.pl\/index.php\/2020\/zostanwdomu-kiedys-bylo-jakos-fajniej-tlumy-na-glownym-rynku-w-kaliszu\/#webpage"},"articleSection":"O Kaliszu, ulice, kamienice, podw\u00f3rka, wydarzenia, G\u0142\u00f3wny Rynek, Kalisz"},{"@type":"BreadcrumbList","@id":"https:\/\/kaliszczasemmalowany.pl\/index.php\/2020\/zostanwdomu-kiedys-bylo-jakos-fajniej-tlumy-na-glownym-rynku-w-kaliszu\/#breadcrumblist","itemListElement":[{"@type":"ListItem","@id":"https:\/\/kaliszczasemmalowany.pl#listItem","position":1,"name":"Strona g\u0142\u00f3wna","item":"https:\/\/kaliszczasemmalowany.pl","nextItem":{"@type":"ListItem","@id":"https:\/\/kaliszczasemmalowany.pl\/index.php\/category\/wydarzenia\/#listItem","name":"wydarzenia"}},{"@type":"ListItem","@id":"https:\/\/kaliszczasemmalowany.pl\/index.php\/category\/wydarzenia\/#listItem","position":2,"name":"wydarzenia","item":"https:\/\/kaliszczasemmalowany.pl\/index.php\/category\/wydarzenia\/","nextItem":{"@type":"ListItem","@id":"https:\/\/kaliszczasemmalowany.pl\/index.php\/2020\/zostanwdomu-kiedys-bylo-jakos-fajniej-tlumy-na-glownym-rynku-w-kaliszu\/#listItem","name":"#Zosta\u0144wDomu &#8211; Kiedy\u015b by\u0142o jako\u015b fajniej &#8211; T\u0142umy na G\u0142\u00f3wnym Rynku w Kaliszu"},"previousItem":{"@type":"ListItem","@id":"https:\/\/kaliszczasemmalowany.pl#listItem","name":"Strona g\u0142\u00f3wna"}},{"@type":"ListItem","@id":"https:\/\/kaliszczasemmalowany.pl\/index.php\/2020\/zostanwdomu-kiedys-bylo-jakos-fajniej-tlumy-na-glownym-rynku-w-kaliszu\/#listItem","position":3,"name":"#Zosta\u0144wDomu &#8211; Kiedy\u015b by\u0142o jako\u015b fajniej &#8211; T\u0142umy na G\u0142\u00f3wnym Rynku w Kaliszu","previousItem":{"@type":"ListItem","@id":"https:\/\/kaliszczasemmalowany.pl\/index.php\/category\/wydarzenia\/#listItem","name":"wydarzenia"}}]},{"@type":"Person","@id":"https:\/\/kaliszczasemmalowany.pl\/#person","name":"Pawe\u0142 Liszewski","image":{"@type":"ImageObject","@id":"https:\/\/kaliszczasemmalowany.pl\/index.php\/2020\/zostanwdomu-kiedys-bylo-jakos-fajniej-tlumy-na-glownym-rynku-w-kaliszu\/#personImage","url":"https:\/\/secure.gravatar.com\/avatar\/5a5afc29e8abe93f415ca15abf21395d6303ab000250220121432e5aab91966e?s=96&d=mm&r=g","width":96,"height":96,"caption":"Pawe\u0142 Liszewski"}},{"@type":"Person","@id":"https:\/\/kaliszczasemmalowany.pl\/index.php\/author\/krysia\/#author","url":"https:\/\/kaliszczasemmalowany.pl\/index.php\/author\/krysia\/","name":"PiK","image":{"@type":"ImageObject","url":"https:\/\/secure.gravatar.com\/avatar\/a01eefe17b2143fe4c87c80742bc7ae8a193169eeebde9de8373aab5f31e2654?s=96&d=mm&r=g"}},{"@type":"WebPage","@id":"https:\/\/kaliszczasemmalowany.pl\/index.php\/2020\/zostanwdomu-kiedys-bylo-jakos-fajniej-tlumy-na-glownym-rynku-w-kaliszu\/#webpage","url":"https:\/\/kaliszczasemmalowany.pl\/index.php\/2020\/zostanwdomu-kiedys-bylo-jakos-fajniej-tlumy-na-glownym-rynku-w-kaliszu\/","name":"#Zosta\u0144wDomu \u2013 Kiedy\u015b by\u0142o jako\u015b fajniej \u2013 T\u0142umy na G\u0142\u00f3wnym Rynku w Kaliszu - Kalisz Czasem Malowany","description":"Kiedy\u015b by\u0142o jako\u015b fajniej - T\u0142umy na G\u0142\u00f3wnym Rynku w Kaliszu","inLanguage":"pl-PL","isPartOf":{"@id":"https:\/\/kaliszczasemmalowany.pl\/#website"},"breadcrumb":{"@id":"https:\/\/kaliszczasemmalowany.pl\/index.php\/2020\/zostanwdomu-kiedys-bylo-jakos-fajniej-tlumy-na-glownym-rynku-w-kaliszu\/#breadcrumblist"},"author":{"@id":"https:\/\/kaliszczasemmalowany.pl\/index.php\/author\/krysia\/#author"},"creator":{"@id":"https:\/\/kaliszczasemmalowany.pl\/index.php\/author\/krysia\/#author"},"image":{"@type":"ImageObject","url":"https:\/\/kaliszczasemmalowany.pl\/wp-content\/uploads\/2020\/05\/DSC_6991-scaled.jpg","@id":"https:\/\/kaliszczasemmalowany.pl\/index.php\/2020\/zostanwdomu-kiedys-bylo-jakos-fajniej-tlumy-na-glownym-rynku-w-kaliszu\/#mainImage","width":2560,"height":1707},"primaryImageOfPage":{"@id":"https:\/\/kaliszczasemmalowany.pl\/index.php\/2020\/zostanwdomu-kiedys-bylo-jakos-fajniej-tlumy-na-glownym-rynku-w-kaliszu\/#mainImage"},"datePublished":"2020-05-02T11:31:34+02:00","dateModified":"2023-10-06T13:14:58+02:00"},{"@type":"WebSite","@id":"https:\/\/kaliszczasemmalowany.pl\/#website","url":"https:\/\/kaliszczasemmalowany.pl\/","name":"Kalisz Czasem Malowany","description":"Fotoblog subiektywny","inLanguage":"pl-PL","publisher":{"@id":"https:\/\/kaliszczasemmalowany.pl\/#person"}}]},"og:locale":"pl_PL","og:site_name":"Kalisz Czasem Malowany - Fotoblog subiektywny","og:type":"activity","og:title":"#Zosta\u0144wDomu \u2013 Kiedy\u015b by\u0142o jako\u015b fajniej \u2013 T\u0142umy na G\u0142\u00f3wnym Rynku w Kaliszu - Kalisz Czasem Malowany","og:description":"Kiedy\u015b by\u0142o jako\u015b fajniej - T\u0142umy na G\u0142\u00f3wnym Rynku w Kaliszu","og:url":"https:\/\/kaliszczasemmalowany.pl\/index.php\/2020\/zostanwdomu-kiedys-bylo-jakos-fajniej-tlumy-na-glownym-rynku-w-kaliszu\/","fb:app_id":"1247192616682170","fb:admins":"100003136013596,100070523616841,100004477359982","og:image":"https:\/\/kaliszczasemmalowany.pl\/wp-content\/uploads\/2020\/05\/DSC_6991-scaled.jpg","og:image:secure_url":"https:\/\/kaliszczasemmalowany.pl\/wp-content\/uploads\/2020\/05\/DSC_6991-scaled.jpg","og:image:width":2560,"og:image:height":1707,"twitter:card":"summary_large_image","twitter:site":"@pik1982dil","twitter:title":"#Zosta\u0144wDomu \u2013 Kiedy\u015b by\u0142o jako\u015b fajniej \u2013 T\u0142umy na G\u0142\u00f3wnym Rynku w Kaliszu - Kalisz Czasem Malowany","twitter:description":"Kiedy\u015b by\u0142o jako\u015b fajniej - T\u0142umy na G\u0142\u00f3wnym Rynku w Kaliszu","twitter:creator":"@pik1982dil","twitter:image":"https:\/\/kaliszczasemmalowany.pl\/wp-content\/uploads\/2020\/05\/DSC_6991-scaled.jpg","twitter:label1":"Autor","twitter:data1":"PiK"},"aioseo_meta_data":{"post_id":"27527","title":null,"description":null,"keywords":[],"keyphrases":{"focus":{"keyphrase":"na G\u0142\u00f3wnym Rynku","score":75,"analysis":{"keyphraseInTitle":{"score":9,"maxScore":9,"error":0},"keyphraseInDescription":{"score":9,"maxScore":9,"error":0},"keyphraseLength":{"score":9,"maxScore":9,"error":0,"length":4},"keyphraseInURL":{"score":5,"maxScore":5,"error":0},"keyphraseInIntroduction":{"score":9,"maxScore":9,"error":0},"keyphraseInSubHeadings":[],"keyphraseInImageAlt":{"score":3,"maxScore":9,"error":1},"keywordDensity":{"type":"high","score":0,"maxScore":9,"error":1}}},"additional":[]},"primary_term":{"category":18},"canonical_url":null,"og_title":null,"og_description":null,"og_object_type":"default","og_image_type":"default","og_image_url":null,"og_image_width":null,"og_image_height":null,"og_image_custom_url":null,"og_image_custom_fields":null,"og_video":"","og_custom_url":null,"og_article_section":null,"og_article_tags":[],"twitter_use_og":true,"twitter_card":"default","twitter_image_type":"default","twitter_image_url":null,"twitter_image_custom_url":null,"twitter_image_custom_fields":null,"twitter_title":null,"twitter_description":null,"schema":{"blockGraphs":[],"customGraphs":[],"default":{"data":{"Article":[],"Course":[],"Dataset":[],"FAQPage":[],"Movie":[],"Person":[],"Product":[],"ProductReview":[],"Car":[],"Recipe":[],"Service":[],"SoftwareApplication":[],"WebPage":[]},"graphName":"BlogPosting","isEnabled":true},"graphs":[]},"schema_type":"default","schema_type_options":null,"pillar_content":false,"robots_default":true,"robots_noindex":false,"robots_noarchive":false,"robots_nosnippet":false,"robots_nofollow":false,"robots_noimageindex":false,"robots_noodp":false,"robots_notranslate":false,"robots_max_snippet":"-1","robots_max_videopreview":"-1","robots_max_imagepreview":"large","priority":null,"frequency":"default","local_seo":null,"seo_analyzer_scan_date":"2025-11-28 13:26:32","breadcrumb_settings":null,"limit_modified_date":false,"reviewed_by":null,"open_ai":"{\"title\":{\"suggestions\":[],\"usage\":0},\"description\":{\"suggestions\":[],\"usage\":0}}","ai":null,"created":"2023-08-16 18:12:33","updated":"2025-11-28 13:26:32"},"aioseo_breadcrumb":"<div class=\"aioseo-breadcrumbs\"><span class=\"aioseo-breadcrumb\">\n\t<a href=\"https:\/\/kaliszczasemmalowany.pl\" title=\"Strona g\u0142\u00f3wna\">Strona g\u0142\u00f3wna<\/a>\n<\/span><span class=\"aioseo-breadcrumb-separator\">\u00bb<\/span><span class=\"aioseo-breadcrumb\">\n\t<a href=\"https:\/\/kaliszczasemmalowany.pl\/index.php\/category\/wydarzenia\/\" title=\"wydarzenia\">wydarzenia<\/a>\n<\/span><span class=\"aioseo-breadcrumb-separator\">\u00bb<\/span><span class=\"aioseo-breadcrumb\">\n\t#Zosta\u0144wDomu \u2013 Kiedy\u015b by\u0142o jako\u015b fajniej \u2013 T\u0142umy na G\u0142\u00f3wnym Rynku w Kaliszu\n<\/span><\/div>","aioseo_breadcrumb_json":[{"label":"Strona g\u0142\u00f3wna","link":"https:\/\/kaliszczasemmalowany.pl"},{"label":"wydarzenia","link":"https:\/\/kaliszczasemmalowany.pl\/index.php\/category\/wydarzenia\/"},{"label":"#Zosta\u0144wDomu &#8211; Kiedy\u015b by\u0142o jako\u015b fajniej &#8211; T\u0142umy na G\u0142\u00f3wnym Rynku w Kaliszu","link":"https:\/\/kaliszczasemmalowany.pl\/index.php\/2020\/zostanwdomu-kiedys-bylo-jakos-fajniej-tlumy-na-glownym-rynku-w-kaliszu\/"}],"acf":[],"_links":{"self":[{"href":"https:\/\/kaliszczasemmalowany.pl\/index.php\/wp-json\/wp\/v2\/posts\/27527","targetHints":{"allow":["GET"]}}],"collection":[{"href":"https:\/\/kaliszczasemmalowany.pl\/index.php\/wp-json\/wp\/v2\/posts"}],"about":[{"href":"https:\/\/kaliszczasemmalowany.pl\/index.php\/wp-json\/wp\/v2\/types\/post"}],"author":[{"embeddable":true,"href":"https:\/\/kaliszczasemmalowany.pl\/index.php\/wp-json\/wp\/v2\/users\/2"}],"replies":[{"embeddable":true,"href":"https:\/\/kaliszczasemmalowany.pl\/index.php\/wp-json\/wp\/v2\/comments?post=27527"}],"version-history":[{"count":4,"href":"https:\/\/kaliszczasemmalowany.pl\/index.php\/wp-json\/wp\/v2\/posts\/27527\/revisions"}],"predecessor-version":[{"id":43934,"href":"https:\/\/kaliszczasemmalowany.pl\/index.php\/wp-json\/wp\/v2\/posts\/27527\/revisions\/43934"}],"wp:featuredmedia":[{"embeddable":true,"href":"https:\/\/kaliszczasemmalowany.pl\/index.php\/wp-json\/wp\/v2\/media\/27523"}],"wp:attachment":[{"href":"https:\/\/kaliszczasemmalowany.pl\/index.php\/wp-json\/wp\/v2\/media?parent=27527"}],"wp:term":[{"taxonomy":"category","embeddable":true,"href":"https:\/\/kaliszczasemmalowany.pl\/index.php\/wp-json\/wp\/v2\/categories?post=27527"},{"taxonomy":"post_tag","embeddable":true,"href":"https:\/\/kaliszczasemmalowany.pl\/index.php\/wp-json\/wp\/v2\/tags?post=27527"}],"curies":[{"name":"wp","href":"https:\/\/api.w.org\/{rel}","templated":true}]}}