{"id":255,"date":"2017-01-21T12:13:10","date_gmt":"2017-01-21T11:13:10","guid":{"rendered":"http:\/\/kaliszczasemmalowany.pl\/?p=255"},"modified":"2025-06-16T12:44:22","modified_gmt":"2025-06-16T10:44:22","slug":"wieczorny-spacer-po-kaliskim-parku-miejskim-2017","status":"publish","type":"post","link":"https:\/\/kaliszczasemmalowany.pl\/index.php\/2017\/wieczorny-spacer-po-kaliskim-parku-miejskim-2017\/","title":{"rendered":"Park Miejski w Kaliszu wieczorny spacer 2017"},"content":{"rendered":"<p><span style=\"font-size: 8pt;\"><strong>Park Miejski w Kaliszu <\/strong><strong>usytuowany na pograniczu Ty\u0144ca, Rajskowa i Rypinka, nad Prosn\u0105, Sw\u0119drni\u0105, Kana\u0142em Bernardy\u0144skim, Kana\u0142em Rypinkowskim i Przekopem, zosta\u0142 za\u0142o\u017cony w 1798. \u00a0By\u0142 wielokrotnie powi\u0119kszany i przekszta\u0142cany. Jest uwa\u017cany za jeden z najpi\u0119kniejszych polskich ogrod\u00f3w \u00a0publicznych. Wpisany do rejestru zabytk\u00f3w w 1964.<\/strong><\/span><\/p>\n<p><!--more--><\/p>\n<p><img fetchpriority=\"high\" decoding=\"async\" class=\"alignnone wp-image-250 size-large\" src=\"https:\/\/kaliszczasemmalowany.pl\/wp-content\/uploads\/2017\/01\/DSC_0297-1024x683.jpg\" alt=\"Park Miejski w Kaliszu D\u0105b Asnyka\" width=\"960\" height=\"640\" srcset=\"https:\/\/kaliszczasemmalowany.pl\/wp-content\/uploads\/2017\/01\/DSC_0297-1024x683.jpg 1024w, https:\/\/kaliszczasemmalowany.pl\/wp-content\/uploads\/2017\/01\/DSC_0297-300x200.jpg 300w, https:\/\/kaliszczasemmalowany.pl\/wp-content\/uploads\/2017\/01\/DSC_0297-768x512.jpg 768w, https:\/\/kaliszczasemmalowany.pl\/wp-content\/uploads\/2017\/01\/DSC_0297-1200x800.jpg 1200w\" sizes=\"(max-width: 960px) 100vw, 960px\" \/><\/p>\n<p><img decoding=\"async\" class=\"alignnone wp-image-249 size-large\" src=\"https:\/\/kaliszczasemmalowany.pl\/wp-content\/uploads\/2017\/01\/DSC_0293-1024x683.jpg\" alt=\"Park Miejski w Kaliszu\" width=\"960\" height=\"640\" srcset=\"https:\/\/kaliszczasemmalowany.pl\/wp-content\/uploads\/2017\/01\/DSC_0293-1024x683.jpg 1024w, https:\/\/kaliszczasemmalowany.pl\/wp-content\/uploads\/2017\/01\/DSC_0293-300x200.jpg 300w, https:\/\/kaliszczasemmalowany.pl\/wp-content\/uploads\/2017\/01\/DSC_0293-768x512.jpg 768w, https:\/\/kaliszczasemmalowany.pl\/wp-content\/uploads\/2017\/01\/DSC_0293-1200x800.jpg 1200w\" sizes=\"(max-width: 960px) 100vw, 960px\" \/><\/p>\n<p><img decoding=\"async\" class=\"alignnone wp-image-251 size-large\" src=\"https:\/\/kaliszczasemmalowany.pl\/wp-content\/uploads\/2017\/01\/DSC_0300-1024x683.jpg\" alt=\"Park Miejski w Kaliszu\" width=\"960\" height=\"640\" srcset=\"https:\/\/kaliszczasemmalowany.pl\/wp-content\/uploads\/2017\/01\/DSC_0300-1024x683.jpg 1024w, https:\/\/kaliszczasemmalowany.pl\/wp-content\/uploads\/2017\/01\/DSC_0300-300x200.jpg 300w, https:\/\/kaliszczasemmalowany.pl\/wp-content\/uploads\/2017\/01\/DSC_0300-768x512.jpg 768w, https:\/\/kaliszczasemmalowany.pl\/wp-content\/uploads\/2017\/01\/DSC_0300-1200x800.jpg 1200w\" sizes=\"(max-width: 960px) 100vw, 960px\" \/><\/p>\n<p><img loading=\"lazy\" decoding=\"async\" class=\"alignnone wp-image-253 size-large\" src=\"https:\/\/kaliszczasemmalowany.pl\/wp-content\/uploads\/2017\/01\/DSC_0306-1024x683.jpg\" alt=\"Park Miejski w Kaliszu\" width=\"960\" height=\"640\" srcset=\"https:\/\/kaliszczasemmalowany.pl\/wp-content\/uploads\/2017\/01\/DSC_0306-1024x683.jpg 1024w, https:\/\/kaliszczasemmalowany.pl\/wp-content\/uploads\/2017\/01\/DSC_0306-300x200.jpg 300w, https:\/\/kaliszczasemmalowany.pl\/wp-content\/uploads\/2017\/01\/DSC_0306-768x512.jpg 768w, https:\/\/kaliszczasemmalowany.pl\/wp-content\/uploads\/2017\/01\/DSC_0306-1200x800.jpg 1200w\" sizes=\"(max-width: 960px) 100vw, 960px\" \/><\/p>\n<p><img loading=\"lazy\" decoding=\"async\" class=\"alignnone wp-image-254 size-large\" src=\"https:\/\/kaliszczasemmalowany.pl\/wp-content\/uploads\/2017\/01\/DSC_0308-1024x683.jpg\" alt=\"Park Miejski w Kaliszu\" width=\"960\" height=\"640\" srcset=\"https:\/\/kaliszczasemmalowany.pl\/wp-content\/uploads\/2017\/01\/DSC_0308-1024x683.jpg 1024w, https:\/\/kaliszczasemmalowany.pl\/wp-content\/uploads\/2017\/01\/DSC_0308-300x200.jpg 300w, https:\/\/kaliszczasemmalowany.pl\/wp-content\/uploads\/2017\/01\/DSC_0308-768x512.jpg 768w, https:\/\/kaliszczasemmalowany.pl\/wp-content\/uploads\/2017\/01\/DSC_0308-1200x800.jpg 1200w\" sizes=\"(max-width: 960px) 100vw, 960px\" \/><\/p>\n<p>\u017ar\u00f3d\u0142o:<a href=\"https:\/\/pl.wikipedia.org\/wiki\/Park_Miejski_w_Kaliszu\"> https:\/\/pl.wikipedia.org\/wiki\/Park_Miejski_w_Kaliszu<\/a><\/p>\n","protected":false},"excerpt":{"rendered":"<p>Park Miejski w Kaliszu usytuowany na pograniczu Ty&#324;ca, Rajskowa i Rypinka, nad Prosn&#261;, Sw&#281;drni&#261;, Kana&#322;em Bernardy&#324;skim, Kana&#322;em Rypinkowskim i Przekopem, zosta&#322; za&#322;o&#380;ony w 1798. &nbsp;By&#322; wielokrotnie powi&#281;kszany i przekszta&#322;cany. Jest uwa&#380;any za jeden z najpi&#281;kniejszych polskich ogrod&oacute;w &nbsp;publicznych. Wpisany do rejestru zabytk&oacute;w w 1964.<\/p>\n","protected":false},"author":2,"featured_media":252,"comment_status":"open","ping_status":"open","sticky":false,"template":"","format":"standard","meta":{"_monsterinsights_skip_tracking":false,"_monsterinsights_sitenote_active":false,"_monsterinsights_sitenote_note":"","_monsterinsights_sitenote_category":0,"footnotes":""},"categories":[2,5,372],"tags":[148,13,23,85,24],"class_list":["post-255","post","type-post","status-publish","format-standard","has-post-thumbnail","hentry","category-o-kaliszu","category-park","category-zabytki","tag-flora","tag-kalisz","tag-park","tag-park-miejski","tag-rzezby"],"aioseo_notices":[],"aioseo_head":"\n\t\t<!-- All in One SEO Pro 4.9.0 - aioseo.com -->\n\t<meta name=\"description\" content=\"Park Miejski w Kaliszu usytuowany na pograniczu Ty\u0144ca, Rajskowa i Rypinka, nad Prosn\u0105, Sw\u0119drni\u0105, Kana\u0142em Bernardy\u0144skim, Kana\u0142em Rypinkowskim i Przekopem, zosta\u0142 za\u0142o\u017cony w 1798. By\u0142 wielokrotnie powi\u0119kszany i przekszta\u0142cany. Jest uwa\u017cany za jeden z najpi\u0119kniejszych polskich ogrod\u00f3w publicznych. Wpisany do rejestru zabytk\u00f3w w 1964. \u017ar\u00f3d\u0142o: https:\/\/pl.wikipedia.org\/wiki\/Park_Miejski_w_Kaliszu\" \/>\n\t<meta name=\"robots\" content=\"max-image-preview:large\" \/>\n\t<meta name=\"author\" content=\"PiK\"\/>\n\t<meta name=\"keywords\" content=\"flora,kalisz,park,park miejski,rze\u017aby,o kaliszu,parki,zabytki\" \/>\n\t<link rel=\"canonical\" href=\"https:\/\/kaliszczasemmalowany.pl\/index.php\/2017\/wieczorny-spacer-po-kaliskim-parku-miejskim-2017\/\" \/>\n\t<meta name=\"generator\" content=\"All in One SEO Pro (AIOSEO) 4.9.0\" \/>\n\t\t<meta property=\"og:locale\" content=\"pl_PL\" \/>\n\t\t<meta property=\"og:site_name\" content=\"Kalisz Czasem Malowany - Fotoblog subiektywny\" \/>\n\t\t<meta property=\"og:type\" content=\"activity\" \/>\n\t\t<meta property=\"og:title\" content=\"Park Miejski w Kaliszu wieczorny spacer 2017 - Kalisz Czasem Malowany\" \/>\n\t\t<meta property=\"og:description\" content=\"Park Miejski w Kaliszu usytuowany na pograniczu Ty\u0144ca, Rajskowa i Rypinka, nad Prosn\u0105, Sw\u0119drni\u0105, Kana\u0142em Bernardy\u0144skim, Kana\u0142em Rypinkowskim i Przekopem, zosta\u0142 za\u0142o\u017cony w 1798. By\u0142 wielokrotnie powi\u0119kszany i przekszta\u0142cany. Jest uwa\u017cany za jeden z najpi\u0119kniejszych polskich ogrod\u00f3w publicznych. Wpisany do rejestru zabytk\u00f3w w 1964. \u017ar\u00f3d\u0142o: https:\/\/pl.wikipedia.org\/wiki\/Park_Miejski_w_Kaliszu\" \/>\n\t\t<meta property=\"og:url\" content=\"https:\/\/kaliszczasemmalowany.pl\/index.php\/2017\/wieczorny-spacer-po-kaliskim-parku-miejskim-2017\/\" \/>\n\t\t<meta property=\"fb:app_id\" content=\"1247192616682170\" \/>\n\t\t<meta property=\"fb:admins\" content=\"100003136013596,100070523616841,100004477359982\" \/>\n\t\t<meta property=\"og:image\" content=\"https:\/\/kaliszczasemmalowany.pl\/wp-content\/uploads\/2017\/01\/DSC_0301_edytowany-1-1.jpg\" \/>\n\t\t<meta property=\"og:image:secure_url\" content=\"https:\/\/kaliszczasemmalowany.pl\/wp-content\/uploads\/2017\/01\/DSC_0301_edytowany-1-1.jpg\" \/>\n\t\t<meta property=\"og:image:width\" content=\"2194\" \/>\n\t\t<meta property=\"og:image:height\" content=\"1706\" \/>\n\t\t<meta name=\"twitter:card\" content=\"summary_large_image\" \/>\n\t\t<meta name=\"twitter:site\" content=\"@pik1982dil\" \/>\n\t\t<meta name=\"twitter:title\" content=\"Park Miejski w Kaliszu wieczorny spacer 2017 - Kalisz Czasem Malowany\" \/>\n\t\t<meta name=\"twitter:description\" content=\"Park Miejski w Kaliszu usytuowany na pograniczu Ty\u0144ca, Rajskowa i Rypinka, nad Prosn\u0105, Sw\u0119drni\u0105, Kana\u0142em Bernardy\u0144skim, Kana\u0142em Rypinkowskim i Przekopem, zosta\u0142 za\u0142o\u017cony w 1798. By\u0142 wielokrotnie powi\u0119kszany i przekszta\u0142cany. Jest uwa\u017cany za jeden z najpi\u0119kniejszych polskich ogrod\u00f3w publicznych. Wpisany do rejestru zabytk\u00f3w w 1964. \u017ar\u00f3d\u0142o: https:\/\/pl.wikipedia.org\/wiki\/Park_Miejski_w_Kaliszu\" \/>\n\t\t<meta name=\"twitter:creator\" content=\"@pik1982dil\" \/>\n\t\t<meta name=\"twitter:image\" content=\"https:\/\/kaliszczasemmalowany.pl\/wp-content\/uploads\/2017\/01\/DSC_0301_edytowany-1-1.jpg\" \/>\n\t\t<meta name=\"twitter:label1\" content=\"Autor\" \/>\n\t\t<meta name=\"twitter:data1\" content=\"PiK\" \/>\n\t\t<script type=\"application\/ld+json\" class=\"aioseo-schema\">\n\t\t\t{\"@context\":\"https:\\\/\\\/schema.org\",\"@graph\":[{\"@type\":\"BlogPosting\",\"@id\":\"https:\\\/\\\/kaliszczasemmalowany.pl\\\/index.php\\\/2017\\\/wieczorny-spacer-po-kaliskim-parku-miejskim-2017\\\/#blogposting\",\"name\":\"Park Miejski w Kaliszu wieczorny spacer 2017 - Kalisz Czasem Malowany\",\"headline\":\"Park Miejski w Kaliszu wieczorny spacer 2017\",\"author\":{\"@id\":\"https:\\\/\\\/kaliszczasemmalowany.pl\\\/index.php\\\/author\\\/krysia\\\/#author\"},\"publisher\":{\"@id\":\"https:\\\/\\\/kaliszczasemmalowany.pl\\\/#person\"},\"image\":{\"@type\":\"ImageObject\",\"url\":\"https:\\\/\\\/kaliszczasemmalowany.pl\\\/wp-content\\\/uploads\\\/2017\\\/01\\\/DSC_0301_edytowany-1-1.jpg\",\"width\":2194,\"height\":1706},\"datePublished\":\"2017-01-21T12:13:10+02:00\",\"dateModified\":\"2025-06-16T12:44:22+02:00\",\"inLanguage\":\"pl-PL\",\"mainEntityOfPage\":{\"@id\":\"https:\\\/\\\/kaliszczasemmalowany.pl\\\/index.php\\\/2017\\\/wieczorny-spacer-po-kaliskim-parku-miejskim-2017\\\/#webpage\"},\"isPartOf\":{\"@id\":\"https:\\\/\\\/kaliszczasemmalowany.pl\\\/index.php\\\/2017\\\/wieczorny-spacer-po-kaliskim-parku-miejskim-2017\\\/#webpage\"},\"articleSection\":\"O Kaliszu, parki, zabytki, flora, Kalisz, park, Park Miejski, rze\\u017aby\"},{\"@type\":\"BreadcrumbList\",\"@id\":\"https:\\\/\\\/kaliszczasemmalowany.pl\\\/index.php\\\/2017\\\/wieczorny-spacer-po-kaliskim-parku-miejskim-2017\\\/#breadcrumblist\",\"itemListElement\":[{\"@type\":\"ListItem\",\"@id\":\"https:\\\/\\\/kaliszczasemmalowany.pl#listItem\",\"position\":1,\"name\":\"Strona g\\u0142\\u00f3wna\",\"item\":\"https:\\\/\\\/kaliszczasemmalowany.pl\",\"nextItem\":{\"@type\":\"ListItem\",\"@id\":\"https:\\\/\\\/kaliszczasemmalowany.pl\\\/index.php\\\/category\\\/o-kaliszu\\\/#listItem\",\"name\":\"O Kaliszu\"}},{\"@type\":\"ListItem\",\"@id\":\"https:\\\/\\\/kaliszczasemmalowany.pl\\\/index.php\\\/category\\\/o-kaliszu\\\/#listItem\",\"position\":2,\"name\":\"O Kaliszu\",\"item\":\"https:\\\/\\\/kaliszczasemmalowany.pl\\\/index.php\\\/category\\\/o-kaliszu\\\/\",\"nextItem\":{\"@type\":\"ListItem\",\"@id\":\"https:\\\/\\\/kaliszczasemmalowany.pl\\\/index.php\\\/category\\\/o-kaliszu\\\/park\\\/#listItem\",\"name\":\"parki\"},\"previousItem\":{\"@type\":\"ListItem\",\"@id\":\"https:\\\/\\\/kaliszczasemmalowany.pl#listItem\",\"name\":\"Strona g\\u0142\\u00f3wna\"}},{\"@type\":\"ListItem\",\"@id\":\"https:\\\/\\\/kaliszczasemmalowany.pl\\\/index.php\\\/category\\\/o-kaliszu\\\/park\\\/#listItem\",\"position\":3,\"name\":\"parki\",\"item\":\"https:\\\/\\\/kaliszczasemmalowany.pl\\\/index.php\\\/category\\\/o-kaliszu\\\/park\\\/\",\"nextItem\":{\"@type\":\"ListItem\",\"@id\":\"https:\\\/\\\/kaliszczasemmalowany.pl\\\/index.php\\\/2017\\\/wieczorny-spacer-po-kaliskim-parku-miejskim-2017\\\/#listItem\",\"name\":\"Park Miejski w Kaliszu wieczorny spacer 2017\"},\"previousItem\":{\"@type\":\"ListItem\",\"@id\":\"https:\\\/\\\/kaliszczasemmalowany.pl\\\/index.php\\\/category\\\/o-kaliszu\\\/#listItem\",\"name\":\"O Kaliszu\"}},{\"@type\":\"ListItem\",\"@id\":\"https:\\\/\\\/kaliszczasemmalowany.pl\\\/index.php\\\/2017\\\/wieczorny-spacer-po-kaliskim-parku-miejskim-2017\\\/#listItem\",\"position\":4,\"name\":\"Park Miejski w Kaliszu wieczorny spacer 2017\",\"previousItem\":{\"@type\":\"ListItem\",\"@id\":\"https:\\\/\\\/kaliszczasemmalowany.pl\\\/index.php\\\/category\\\/o-kaliszu\\\/park\\\/#listItem\",\"name\":\"parki\"}}]},{\"@type\":\"Person\",\"@id\":\"https:\\\/\\\/kaliszczasemmalowany.pl\\\/#person\",\"name\":\"Pawe\\u0142 Liszewski\",\"image\":{\"@type\":\"ImageObject\",\"@id\":\"https:\\\/\\\/kaliszczasemmalowany.pl\\\/index.php\\\/2017\\\/wieczorny-spacer-po-kaliskim-parku-miejskim-2017\\\/#personImage\",\"url\":\"https:\\\/\\\/secure.gravatar.com\\\/avatar\\\/5a5afc29e8abe93f415ca15abf21395d6303ab000250220121432e5aab91966e?s=96&d=mm&r=g\",\"width\":96,\"height\":96,\"caption\":\"Pawe\\u0142 Liszewski\"}},{\"@type\":\"Person\",\"@id\":\"https:\\\/\\\/kaliszczasemmalowany.pl\\\/index.php\\\/author\\\/krysia\\\/#author\",\"url\":\"https:\\\/\\\/kaliszczasemmalowany.pl\\\/index.php\\\/author\\\/krysia\\\/\",\"name\":\"PiK\",\"image\":{\"@type\":\"ImageObject\",\"url\":\"https:\\\/\\\/secure.gravatar.com\\\/avatar\\\/a01eefe17b2143fe4c87c80742bc7ae8a193169eeebde9de8373aab5f31e2654?s=96&d=mm&r=g\"}},{\"@type\":\"WebPage\",\"@id\":\"https:\\\/\\\/kaliszczasemmalowany.pl\\\/index.php\\\/2017\\\/wieczorny-spacer-po-kaliskim-parku-miejskim-2017\\\/#webpage\",\"url\":\"https:\\\/\\\/kaliszczasemmalowany.pl\\\/index.php\\\/2017\\\/wieczorny-spacer-po-kaliskim-parku-miejskim-2017\\\/\",\"name\":\"Park Miejski w Kaliszu wieczorny spacer 2017 - Kalisz Czasem Malowany\",\"description\":\"Park Miejski w Kaliszu usytuowany na pograniczu Ty\\u0144ca, Rajskowa i Rypinka, nad Prosn\\u0105, Sw\\u0119drni\\u0105, Kana\\u0142em Bernardy\\u0144skim, Kana\\u0142em Rypinkowskim i Przekopem, zosta\\u0142 za\\u0142o\\u017cony w 1798. By\\u0142 wielokrotnie powi\\u0119kszany i przekszta\\u0142cany. Jest uwa\\u017cany za jeden z najpi\\u0119kniejszych polskich ogrod\\u00f3w publicznych. Wpisany do rejestru zabytk\\u00f3w w 1964. \\u017ar\\u00f3d\\u0142o: https:\\\/\\\/pl.wikipedia.org\\\/wiki\\\/Park_Miejski_w_Kaliszu\",\"inLanguage\":\"pl-PL\",\"isPartOf\":{\"@id\":\"https:\\\/\\\/kaliszczasemmalowany.pl\\\/#website\"},\"breadcrumb\":{\"@id\":\"https:\\\/\\\/kaliszczasemmalowany.pl\\\/index.php\\\/2017\\\/wieczorny-spacer-po-kaliskim-parku-miejskim-2017\\\/#breadcrumblist\"},\"author\":{\"@id\":\"https:\\\/\\\/kaliszczasemmalowany.pl\\\/index.php\\\/author\\\/krysia\\\/#author\"},\"creator\":{\"@id\":\"https:\\\/\\\/kaliszczasemmalowany.pl\\\/index.php\\\/author\\\/krysia\\\/#author\"},\"image\":{\"@type\":\"ImageObject\",\"url\":\"https:\\\/\\\/kaliszczasemmalowany.pl\\\/wp-content\\\/uploads\\\/2017\\\/01\\\/DSC_0301_edytowany-1-1.jpg\",\"@id\":\"https:\\\/\\\/kaliszczasemmalowany.pl\\\/index.php\\\/2017\\\/wieczorny-spacer-po-kaliskim-parku-miejskim-2017\\\/#mainImage\",\"width\":2194,\"height\":1706},\"primaryImageOfPage\":{\"@id\":\"https:\\\/\\\/kaliszczasemmalowany.pl\\\/index.php\\\/2017\\\/wieczorny-spacer-po-kaliskim-parku-miejskim-2017\\\/#mainImage\"},\"datePublished\":\"2017-01-21T12:13:10+02:00\",\"dateModified\":\"2025-06-16T12:44:22+02:00\"},{\"@type\":\"WebSite\",\"@id\":\"https:\\\/\\\/kaliszczasemmalowany.pl\\\/#website\",\"url\":\"https:\\\/\\\/kaliszczasemmalowany.pl\\\/\",\"name\":\"Kalisz Czasem Malowany\",\"description\":\"Fotoblog subiektywny\",\"inLanguage\":\"pl-PL\",\"publisher\":{\"@id\":\"https:\\\/\\\/kaliszczasemmalowany.pl\\\/#person\"}}]}\n\t\t<\/script>\n\t\t<!-- All in One SEO Pro -->\r\n\t\t<title>Park Miejski w Kaliszu wieczorny spacer 2017 - Kalisz Czasem Malowany<\/title>\n\n","aioseo_head_json":{"title":"Park Miejski w Kaliszu wieczorny spacer 2017 - Kalisz Czasem Malowany","description":"Park Miejski w Kaliszu usytuowany na pograniczu Ty\u0144ca, Rajskowa i Rypinka, nad Prosn\u0105, Sw\u0119drni\u0105, Kana\u0142em Bernardy\u0144skim, Kana\u0142em Rypinkowskim i Przekopem, zosta\u0142 za\u0142o\u017cony w 1798. By\u0142 wielokrotnie powi\u0119kszany i przekszta\u0142cany. Jest uwa\u017cany za jeden z najpi\u0119kniejszych polskich ogrod\u00f3w publicznych. Wpisany do rejestru zabytk\u00f3w w 1964. \u017ar\u00f3d\u0142o: https:\/\/pl.wikipedia.org\/wiki\/Park_Miejski_w_Kaliszu","canonical_url":"https:\/\/kaliszczasemmalowany.pl\/index.php\/2017\/wieczorny-spacer-po-kaliskim-parku-miejskim-2017\/","robots":"max-image-preview:large","keywords":"flora,kalisz,park,park miejski,rze\u017aby,o kaliszu,parki,zabytki","webmasterTools":{"miscellaneous":""},"schema":{"@context":"https:\/\/schema.org","@graph":[{"@type":"BlogPosting","@id":"https:\/\/kaliszczasemmalowany.pl\/index.php\/2017\/wieczorny-spacer-po-kaliskim-parku-miejskim-2017\/#blogposting","name":"Park Miejski w Kaliszu wieczorny spacer 2017 - Kalisz Czasem Malowany","headline":"Park Miejski w Kaliszu wieczorny spacer 2017","author":{"@id":"https:\/\/kaliszczasemmalowany.pl\/index.php\/author\/krysia\/#author"},"publisher":{"@id":"https:\/\/kaliszczasemmalowany.pl\/#person"},"image":{"@type":"ImageObject","url":"https:\/\/kaliszczasemmalowany.pl\/wp-content\/uploads\/2017\/01\/DSC_0301_edytowany-1-1.jpg","width":2194,"height":1706},"datePublished":"2017-01-21T12:13:10+02:00","dateModified":"2025-06-16T12:44:22+02:00","inLanguage":"pl-PL","mainEntityOfPage":{"@id":"https:\/\/kaliszczasemmalowany.pl\/index.php\/2017\/wieczorny-spacer-po-kaliskim-parku-miejskim-2017\/#webpage"},"isPartOf":{"@id":"https:\/\/kaliszczasemmalowany.pl\/index.php\/2017\/wieczorny-spacer-po-kaliskim-parku-miejskim-2017\/#webpage"},"articleSection":"O Kaliszu, parki, zabytki, flora, Kalisz, park, Park Miejski, rze\u017aby"},{"@type":"BreadcrumbList","@id":"https:\/\/kaliszczasemmalowany.pl\/index.php\/2017\/wieczorny-spacer-po-kaliskim-parku-miejskim-2017\/#breadcrumblist","itemListElement":[{"@type":"ListItem","@id":"https:\/\/kaliszczasemmalowany.pl#listItem","position":1,"name":"Strona g\u0142\u00f3wna","item":"https:\/\/kaliszczasemmalowany.pl","nextItem":{"@type":"ListItem","@id":"https:\/\/kaliszczasemmalowany.pl\/index.php\/category\/o-kaliszu\/#listItem","name":"O Kaliszu"}},{"@type":"ListItem","@id":"https:\/\/kaliszczasemmalowany.pl\/index.php\/category\/o-kaliszu\/#listItem","position":2,"name":"O Kaliszu","item":"https:\/\/kaliszczasemmalowany.pl\/index.php\/category\/o-kaliszu\/","nextItem":{"@type":"ListItem","@id":"https:\/\/kaliszczasemmalowany.pl\/index.php\/category\/o-kaliszu\/park\/#listItem","name":"parki"},"previousItem":{"@type":"ListItem","@id":"https:\/\/kaliszczasemmalowany.pl#listItem","name":"Strona g\u0142\u00f3wna"}},{"@type":"ListItem","@id":"https:\/\/kaliszczasemmalowany.pl\/index.php\/category\/o-kaliszu\/park\/#listItem","position":3,"name":"parki","item":"https:\/\/kaliszczasemmalowany.pl\/index.php\/category\/o-kaliszu\/park\/","nextItem":{"@type":"ListItem","@id":"https:\/\/kaliszczasemmalowany.pl\/index.php\/2017\/wieczorny-spacer-po-kaliskim-parku-miejskim-2017\/#listItem","name":"Park Miejski w Kaliszu wieczorny spacer 2017"},"previousItem":{"@type":"ListItem","@id":"https:\/\/kaliszczasemmalowany.pl\/index.php\/category\/o-kaliszu\/#listItem","name":"O Kaliszu"}},{"@type":"ListItem","@id":"https:\/\/kaliszczasemmalowany.pl\/index.php\/2017\/wieczorny-spacer-po-kaliskim-parku-miejskim-2017\/#listItem","position":4,"name":"Park Miejski w Kaliszu wieczorny spacer 2017","previousItem":{"@type":"ListItem","@id":"https:\/\/kaliszczasemmalowany.pl\/index.php\/category\/o-kaliszu\/park\/#listItem","name":"parki"}}]},{"@type":"Person","@id":"https:\/\/kaliszczasemmalowany.pl\/#person","name":"Pawe\u0142 Liszewski","image":{"@type":"ImageObject","@id":"https:\/\/kaliszczasemmalowany.pl\/index.php\/2017\/wieczorny-spacer-po-kaliskim-parku-miejskim-2017\/#personImage","url":"https:\/\/secure.gravatar.com\/avatar\/5a5afc29e8abe93f415ca15abf21395d6303ab000250220121432e5aab91966e?s=96&d=mm&r=g","width":96,"height":96,"caption":"Pawe\u0142 Liszewski"}},{"@type":"Person","@id":"https:\/\/kaliszczasemmalowany.pl\/index.php\/author\/krysia\/#author","url":"https:\/\/kaliszczasemmalowany.pl\/index.php\/author\/krysia\/","name":"PiK","image":{"@type":"ImageObject","url":"https:\/\/secure.gravatar.com\/avatar\/a01eefe17b2143fe4c87c80742bc7ae8a193169eeebde9de8373aab5f31e2654?s=96&d=mm&r=g"}},{"@type":"WebPage","@id":"https:\/\/kaliszczasemmalowany.pl\/index.php\/2017\/wieczorny-spacer-po-kaliskim-parku-miejskim-2017\/#webpage","url":"https:\/\/kaliszczasemmalowany.pl\/index.php\/2017\/wieczorny-spacer-po-kaliskim-parku-miejskim-2017\/","name":"Park Miejski w Kaliszu wieczorny spacer 2017 - Kalisz Czasem Malowany","description":"Park Miejski w Kaliszu usytuowany na pograniczu Ty\u0144ca, Rajskowa i Rypinka, nad Prosn\u0105, Sw\u0119drni\u0105, Kana\u0142em Bernardy\u0144skim, Kana\u0142em Rypinkowskim i Przekopem, zosta\u0142 za\u0142o\u017cony w 1798. By\u0142 wielokrotnie powi\u0119kszany i przekszta\u0142cany. Jest uwa\u017cany za jeden z najpi\u0119kniejszych polskich ogrod\u00f3w publicznych. Wpisany do rejestru zabytk\u00f3w w 1964. \u017ar\u00f3d\u0142o: https:\/\/pl.wikipedia.org\/wiki\/Park_Miejski_w_Kaliszu","inLanguage":"pl-PL","isPartOf":{"@id":"https:\/\/kaliszczasemmalowany.pl\/#website"},"breadcrumb":{"@id":"https:\/\/kaliszczasemmalowany.pl\/index.php\/2017\/wieczorny-spacer-po-kaliskim-parku-miejskim-2017\/#breadcrumblist"},"author":{"@id":"https:\/\/kaliszczasemmalowany.pl\/index.php\/author\/krysia\/#author"},"creator":{"@id":"https:\/\/kaliszczasemmalowany.pl\/index.php\/author\/krysia\/#author"},"image":{"@type":"ImageObject","url":"https:\/\/kaliszczasemmalowany.pl\/wp-content\/uploads\/2017\/01\/DSC_0301_edytowany-1-1.jpg","@id":"https:\/\/kaliszczasemmalowany.pl\/index.php\/2017\/wieczorny-spacer-po-kaliskim-parku-miejskim-2017\/#mainImage","width":2194,"height":1706},"primaryImageOfPage":{"@id":"https:\/\/kaliszczasemmalowany.pl\/index.php\/2017\/wieczorny-spacer-po-kaliskim-parku-miejskim-2017\/#mainImage"},"datePublished":"2017-01-21T12:13:10+02:00","dateModified":"2025-06-16T12:44:22+02:00"},{"@type":"WebSite","@id":"https:\/\/kaliszczasemmalowany.pl\/#website","url":"https:\/\/kaliszczasemmalowany.pl\/","name":"Kalisz Czasem Malowany","description":"Fotoblog subiektywny","inLanguage":"pl-PL","publisher":{"@id":"https:\/\/kaliszczasemmalowany.pl\/#person"}}]},"og:locale":"pl_PL","og:site_name":"Kalisz Czasem Malowany - Fotoblog subiektywny","og:type":"activity","og:title":"Park Miejski w Kaliszu wieczorny spacer 2017 - Kalisz Czasem Malowany","og:description":"Park Miejski w Kaliszu usytuowany na pograniczu Ty\u0144ca, Rajskowa i Rypinka, nad Prosn\u0105, Sw\u0119drni\u0105, Kana\u0142em Bernardy\u0144skim, Kana\u0142em Rypinkowskim i Przekopem, zosta\u0142 za\u0142o\u017cony w 1798. By\u0142 wielokrotnie powi\u0119kszany i przekszta\u0142cany. Jest uwa\u017cany za jeden z najpi\u0119kniejszych polskich ogrod\u00f3w publicznych. Wpisany do rejestru zabytk\u00f3w w 1964. \u017ar\u00f3d\u0142o: https:\/\/pl.wikipedia.org\/wiki\/Park_Miejski_w_Kaliszu","og:url":"https:\/\/kaliszczasemmalowany.pl\/index.php\/2017\/wieczorny-spacer-po-kaliskim-parku-miejskim-2017\/","fb:app_id":"1247192616682170","fb:admins":"100003136013596,100070523616841,100004477359982","og:image":"https:\/\/kaliszczasemmalowany.pl\/wp-content\/uploads\/2017\/01\/DSC_0301_edytowany-1-1.jpg","og:image:secure_url":"https:\/\/kaliszczasemmalowany.pl\/wp-content\/uploads\/2017\/01\/DSC_0301_edytowany-1-1.jpg","og:image:width":2194,"og:image:height":1706,"twitter:card":"summary_large_image","twitter:site":"@pik1982dil","twitter:title":"Park Miejski w Kaliszu wieczorny spacer 2017 - Kalisz Czasem Malowany","twitter:description":"Park Miejski w Kaliszu usytuowany na pograniczu Ty\u0144ca, Rajskowa i Rypinka, nad Prosn\u0105, Sw\u0119drni\u0105, Kana\u0142em Bernardy\u0144skim, Kana\u0142em Rypinkowskim i Przekopem, zosta\u0142 za\u0142o\u017cony w 1798. By\u0142 wielokrotnie powi\u0119kszany i przekszta\u0142cany. Jest uwa\u017cany za jeden z najpi\u0119kniejszych polskich ogrod\u00f3w publicznych. Wpisany do rejestru zabytk\u00f3w w 1964. \u017ar\u00f3d\u0142o: https:\/\/pl.wikipedia.org\/wiki\/Park_Miejski_w_Kaliszu","twitter:creator":"@pik1982dil","twitter:image":"https:\/\/kaliszczasemmalowany.pl\/wp-content\/uploads\/2017\/01\/DSC_0301_edytowany-1-1.jpg","twitter:label1":"Autor","twitter:data1":"PiK"},"aioseo_meta_data":{"post_id":"255","title":null,"description":null,"keywords":null,"keyphrases":{"focus":{"keyphrase":"Park Miejski","score":93,"analysis":{"keyphraseInTitle":{"score":9,"maxScore":9,"error":0},"keyphraseInDescription":{"score":9,"maxScore":9,"error":0},"keyphraseLength":{"score":9,"maxScore":9,"error":0,"length":2},"keyphraseInURL":{"score":1,"maxScore":5,"error":1},"keyphraseInIntroduction":{"score":9,"maxScore":9,"error":0},"keyphraseInSubHeadings":[],"keyphraseInImageAlt":{"score":9,"maxScore":9,"error":0},"keywordDensity":{"type":"best","score":9,"maxScore":9,"error":0}}},"additional":[]},"primary_term":null,"canonical_url":null,"og_title":null,"og_description":null,"og_object_type":"default","og_image_type":"default","og_image_url":null,"og_image_width":null,"og_image_height":null,"og_image_custom_url":null,"og_image_custom_fields":null,"og_video":"","og_custom_url":null,"og_article_section":null,"og_article_tags":null,"twitter_use_og":true,"twitter_card":"default","twitter_image_type":"default","twitter_image_url":null,"twitter_image_custom_url":null,"twitter_image_custom_fields":null,"twitter_title":null,"twitter_description":null,"schema":{"blockGraphs":[],"customGraphs":[],"default":{"data":{"Article":[],"Course":[],"Dataset":[],"FAQPage":[],"Movie":[],"Person":[],"Product":[],"ProductReview":[],"Car":[],"Recipe":[],"Service":[],"SoftwareApplication":[],"WebPage":[]},"graphName":"BlogPosting","isEnabled":true},"graphs":[]},"schema_type":"default","schema_type_options":null,"pillar_content":false,"robots_default":true,"robots_noindex":false,"robots_noarchive":false,"robots_nosnippet":false,"robots_nofollow":false,"robots_noimageindex":false,"robots_noodp":false,"robots_notranslate":false,"robots_max_snippet":"-1","robots_max_videopreview":"-1","robots_max_imagepreview":"large","priority":null,"frequency":"default","local_seo":null,"seo_analyzer_scan_date":"2025-11-28 12:34:39","breadcrumb_settings":null,"limit_modified_date":false,"reviewed_by":null,"open_ai":"{\"title\":{\"suggestions\":[],\"usage\":0},\"description\":{\"suggestions\":[],\"usage\":0}}","ai":null,"created":"2023-08-16 17:46:40","updated":"2025-11-28 12:37:36"},"aioseo_breadcrumb":"<div class=\"aioseo-breadcrumbs\"><span class=\"aioseo-breadcrumb\">\n\t<a href=\"https:\/\/kaliszczasemmalowany.pl\" title=\"Strona g\u0142\u00f3wna\">Strona g\u0142\u00f3wna<\/a>\n<\/span><span class=\"aioseo-breadcrumb-separator\">\u00bb<\/span><span class=\"aioseo-breadcrumb\">\n\t<a href=\"https:\/\/kaliszczasemmalowany.pl\/index.php\/category\/o-kaliszu\/\" title=\"O Kaliszu\">O Kaliszu<\/a>\n<\/span><span class=\"aioseo-breadcrumb-separator\">\u00bb<\/span><span class=\"aioseo-breadcrumb\">\n\t<a href=\"https:\/\/kaliszczasemmalowany.pl\/index.php\/category\/o-kaliszu\/park\/\" title=\"parki\">parki<\/a>\n<\/span><span class=\"aioseo-breadcrumb-separator\">\u00bb<\/span><span class=\"aioseo-breadcrumb\">\n\tPark Miejski w Kaliszu wieczorny spacer 2017\n<\/span><\/div>","aioseo_breadcrumb_json":[{"label":"Strona g\u0142\u00f3wna","link":"https:\/\/kaliszczasemmalowany.pl"},{"label":"O Kaliszu","link":"https:\/\/kaliszczasemmalowany.pl\/index.php\/category\/o-kaliszu\/"},{"label":"parki","link":"https:\/\/kaliszczasemmalowany.pl\/index.php\/category\/o-kaliszu\/park\/"},{"label":"Park Miejski w Kaliszu wieczorny spacer 2017","link":"https:\/\/kaliszczasemmalowany.pl\/index.php\/2017\/wieczorny-spacer-po-kaliskim-parku-miejskim-2017\/"}],"acf":[],"_links":{"self":[{"href":"https:\/\/kaliszczasemmalowany.pl\/index.php\/wp-json\/wp\/v2\/posts\/255","targetHints":{"allow":["GET"]}}],"collection":[{"href":"https:\/\/kaliszczasemmalowany.pl\/index.php\/wp-json\/wp\/v2\/posts"}],"about":[{"href":"https:\/\/kaliszczasemmalowany.pl\/index.php\/wp-json\/wp\/v2\/types\/post"}],"author":[{"embeddable":true,"href":"https:\/\/kaliszczasemmalowany.pl\/index.php\/wp-json\/wp\/v2\/users\/2"}],"replies":[{"embeddable":true,"href":"https:\/\/kaliszczasemmalowany.pl\/index.php\/wp-json\/wp\/v2\/comments?post=255"}],"version-history":[{"count":7,"href":"https:\/\/kaliszczasemmalowany.pl\/index.php\/wp-json\/wp\/v2\/posts\/255\/revisions"}],"predecessor-version":[{"id":43338,"href":"https:\/\/kaliszczasemmalowany.pl\/index.php\/wp-json\/wp\/v2\/posts\/255\/revisions\/43338"}],"wp:featuredmedia":[{"embeddable":true,"href":"https:\/\/kaliszczasemmalowany.pl\/index.php\/wp-json\/wp\/v2\/media\/252"}],"wp:attachment":[{"href":"https:\/\/kaliszczasemmalowany.pl\/index.php\/wp-json\/wp\/v2\/media?parent=255"}],"wp:term":[{"taxonomy":"category","embeddable":true,"href":"https:\/\/kaliszczasemmalowany.pl\/index.php\/wp-json\/wp\/v2\/categories?post=255"},{"taxonomy":"post_tag","embeddable":true,"href":"https:\/\/kaliszczasemmalowany.pl\/index.php\/wp-json\/wp\/v2\/tags?post=255"}],"curies":[{"name":"wp","href":"https:\/\/api.w.org\/{rel}","templated":true}]}}