{"id":2437,"date":"2023-09-14T10:00:44","date_gmt":"2023-09-14T08:00:44","guid":{"rendered":"http:\/\/kaliszczasemmalowany.pl\/?p=2437"},"modified":"2023-10-03T08:13:58","modified_gmt":"2023-10-03T06:13:58","slug":"asnyk","status":"publish","type":"post","link":"https:\/\/kaliszczasemmalowany.pl\/index.php\/2023\/asnyk\/","title":{"rendered":"I Liceum Og\u00f3lnokszta\u0142c\u0105ce im. Adama Asnyka w Kaliszu kontynuuje tradycje Pa\u0144stwowego Gimnazjum Humanistycznego im. Adama Asnyka"},"content":{"rendered":"<p>Asnyk ILO<\/p>\n<figure id=\"attachment_37223\" aria-describedby=\"caption-attachment-37223\" style=\"width: 960px\" class=\"wp-caption alignnone\"><img fetchpriority=\"high\" decoding=\"async\" class=\"wp-image-37223 size-large\" src=\"https:\/\/kaliszczasemmalowany.pl\/wp-content\/uploads\/2020\/06\/SZko\u0142y-LO-Asnyk-1936-pr\u017cedzik-1024x491.jpg\" alt=\"Asnyk ILO\" width=\"960\" height=\"460\" srcset=\"https:\/\/kaliszczasemmalowany.pl\/wp-content\/uploads\/2020\/06\/SZko\u0142y-LO-Asnyk-1936-pr\u017cedzik-1024x491.jpg 1024w, https:\/\/kaliszczasemmalowany.pl\/wp-content\/uploads\/2020\/06\/SZko\u0142y-LO-Asnyk-1936-pr\u017cedzik-300x144.jpg 300w, https:\/\/kaliszczasemmalowany.pl\/wp-content\/uploads\/2020\/06\/SZko\u0142y-LO-Asnyk-1936-pr\u017cedzik-768x369.jpg 768w, https:\/\/kaliszczasemmalowany.pl\/wp-content\/uploads\/2020\/06\/SZko\u0142y-LO-Asnyk-1936-pr\u017cedzik-1536x737.jpg 1536w, https:\/\/kaliszczasemmalowany.pl\/wp-content\/uploads\/2020\/06\/SZko\u0142y-LO-Asnyk-1936-pr\u017cedzik-1200x576.jpg 1200w, https:\/\/kaliszczasemmalowany.pl\/wp-content\/uploads\/2020\/06\/SZko\u0142y-LO-Asnyk-1936-pr\u017cedzik.jpg 1765w\" sizes=\"(max-width: 960px) 100vw, 960px\" \/><figcaption id=\"caption-attachment-37223\" class=\"wp-caption-text\">Pa\u0144stwowe Gimnazjum im. A. Asnyka<\/figcaption><\/figure>\n<p><!--more--><\/p>\n<p><img decoding=\"async\" class=\"alignnone size-full wp-image-43819\" src=\"https:\/\/kaliszczasemmalowany.pl\/wp-content\/uploads\/2023\/10\/szkoly-ILO.jpg\" alt=\"\" width=\"343\" height=\"407\" \/><\/p>\n<p><img decoding=\"async\" class=\"alignnone size-large wp-image-2428\" src=\"http:\/\/kaliszczasemmalowany.pl\/wp-content\/uploads\/2018\/09\/DSC_1227-1024x680.jpg\" alt=\"\" width=\"840\" height=\"558\" srcset=\"https:\/\/kaliszczasemmalowany.pl\/wp-content\/uploads\/2018\/09\/DSC_1227-1024x680.jpg 1024w, https:\/\/kaliszczasemmalowany.pl\/wp-content\/uploads\/2018\/09\/DSC_1227-300x199.jpg 300w, https:\/\/kaliszczasemmalowany.pl\/wp-content\/uploads\/2018\/09\/DSC_1227-768x510.jpg 768w, https:\/\/kaliszczasemmalowany.pl\/wp-content\/uploads\/2018\/09\/DSC_1227-1200x797.jpg 1200w\" sizes=\"(max-width: 840px) 100vw, 840px\" \/><\/p>\n<p><img loading=\"lazy\" decoding=\"async\" class=\"alignnone size-full wp-image-43817\" src=\"https:\/\/kaliszczasemmalowany.pl\/wp-content\/uploads\/2023\/10\/Szkoly-asnyk-przedzik.jpg\" alt=\"\" width=\"2048\" height=\"1333\" srcset=\"https:\/\/kaliszczasemmalowany.pl\/wp-content\/uploads\/2023\/10\/Szkoly-asnyk-przedzik.jpg 2048w, https:\/\/kaliszczasemmalowany.pl\/wp-content\/uploads\/2023\/10\/Szkoly-asnyk-przedzik-768x500.jpg 768w, https:\/\/kaliszczasemmalowany.pl\/wp-content\/uploads\/2023\/10\/Szkoly-asnyk-przedzik-1536x1000.jpg 1536w, https:\/\/kaliszczasemmalowany.pl\/wp-content\/uploads\/2023\/10\/Szkoly-asnyk-przedzik-1140x742.jpg 1140w\" sizes=\"(max-width: 2048px) 100vw, 2048px\" \/> <img loading=\"lazy\" decoding=\"async\" class=\"alignnone size-full wp-image-43818\" src=\"https:\/\/kaliszczasemmalowany.pl\/wp-content\/uploads\/2023\/10\/Szkoly-ILO-zjad-asnykowcow-wojeicechowski-przedzik.jpg\" alt=\"\" width=\"1765\" height=\"1279\" srcset=\"https:\/\/kaliszczasemmalowany.pl\/wp-content\/uploads\/2023\/10\/Szkoly-ILO-zjad-asnykowcow-wojeicechowski-przedzik.jpg 1765w, https:\/\/kaliszczasemmalowany.pl\/wp-content\/uploads\/2023\/10\/Szkoly-ILO-zjad-asnykowcow-wojeicechowski-przedzik-768x557.jpg 768w, https:\/\/kaliszczasemmalowany.pl\/wp-content\/uploads\/2023\/10\/Szkoly-ILO-zjad-asnykowcow-wojeicechowski-przedzik-1536x1113.jpg 1536w, https:\/\/kaliszczasemmalowany.pl\/wp-content\/uploads\/2023\/10\/Szkoly-ILO-zjad-asnykowcow-wojeicechowski-przedzik-1140x826.jpg 1140w\" sizes=\"(max-width: 1765px) 100vw, 1765px\" \/><\/p>\n<p><span style=\"font-size: 8pt;\">W 1923 r. Miejskie Gimnazjum Filologiczne M\u0119skie z inicjatywy wychowank\u00f3w &#8211; prezydenta R.P. <a href=\"http:\/\/www.info.kalisz.pl\/biograf\/wojcie.htm\">Stanis\u0142awa Wojciechowskiego<\/a> i <a href=\"http:\/\/www.info.kalisz.pl\/biograf\/czerwins.htm\">S\u0142awomira Czerwi\u0144skiego<\/a>, zosta\u0142o upa\u0144stwowione otrzymuj\u0105c nazw\u0119: Pa\u0144stwowe Gimnazjum Humanistyczne im. Adama Asnyka.<\/span><br \/>\n<span style=\"font-size: 8pt;\">Tre\u015b\u0107 aktu przekazania by\u0142a nast\u0119puj\u0105ca: &#8222;W imieniu Magistratu miasta Kalisza wy\u017cej wymienieni przedstawiciele o\u015bwiadczaj\u0105, i\u017c oddaj\u0105 Pa\u0144stwu Polskiemu na w\u0142asno\u015b\u0107 Gimnazjum Miejskie istniej\u0105ce od 1916 r. mieszcz\u0105ce si\u0119 w gmachu szkolnym pa\u0144stwowym przy ul. Grodzkiej. Kuratorium ze swej strony szko\u0142\u0119 t\u0119 przyjmuje, tak \u017ce na mocy tego aktu staje si\u0119 ona od dnia l listopada 1923 r. <a href=\"https:\/\/kaliszczasemmalowany.pl\/index.php\/2018\/w-1818-roku-na-gruzach-zamku-rozpoczeto-budowe-szkoly-ktora-od-1923-roku-nosi-imie-adama-asnyka\/\" target=\"_blank\" rel=\"noopener\">Pa\u0144stwowym Gimnazjum im. Adama Asnyka<\/a>&#8222;<\/span><\/p>\n<p><img loading=\"lazy\" decoding=\"async\" class=\"alignnone size-large wp-image-2433\" src=\"http:\/\/kaliszczasemmalowany.pl\/wp-content\/uploads\/2018\/09\/liszewski-matura-1-1024x748.jpg\" alt=\"\" width=\"840\" height=\"614\" srcset=\"https:\/\/kaliszczasemmalowany.pl\/wp-content\/uploads\/2018\/09\/liszewski-matura-1-1024x748.jpg 1024w, https:\/\/kaliszczasemmalowany.pl\/wp-content\/uploads\/2018\/09\/liszewski-matura-1-300x219.jpg 300w, https:\/\/kaliszczasemmalowany.pl\/wp-content\/uploads\/2018\/09\/liszewski-matura-1-768x561.jpg 768w, https:\/\/kaliszczasemmalowany.pl\/wp-content\/uploads\/2018\/09\/liszewski-matura-1-1200x877.jpg 1200w\" sizes=\"(max-width: 840px) 100vw, 840px\" \/><\/p>\n<p><span style=\"font-size: 8pt;\">1923 rok klasa maturalna w Gimnazjum Humanistycznym M\u0119skim Magistratu Miasta Kalisza, od dnia l listopada 1923 r. dzia\u0142aj\u0105cego jako\u00a0 Pa\u0144stwowe Gimnazjum im. Adama Asnyka&#8221;<\/span><\/p>\n<p><img loading=\"lazy\" decoding=\"async\" class=\"alignnone size-large wp-image-11425\" src=\"http:\/\/kaliszczasemmalowany.pl\/wp-content\/uploads\/2020\/02\/Postcarte10-1024x673.jpg\" alt=\"\" width=\"840\" height=\"552\" srcset=\"https:\/\/kaliszczasemmalowany.pl\/wp-content\/uploads\/2020\/02\/Postcarte10-1024x673.jpg 1024w, https:\/\/kaliszczasemmalowany.pl\/wp-content\/uploads\/2020\/02\/Postcarte10-300x197.jpg 300w, https:\/\/kaliszczasemmalowany.pl\/wp-content\/uploads\/2020\/02\/Postcarte10-768x505.jpg 768w, https:\/\/kaliszczasemmalowany.pl\/wp-content\/uploads\/2020\/02\/Postcarte10-1536x1010.jpg 1536w, https:\/\/kaliszczasemmalowany.pl\/wp-content\/uploads\/2020\/02\/Postcarte10-2048x1346.jpg 2048w, https:\/\/kaliszczasemmalowany.pl\/wp-content\/uploads\/2020\/02\/Postcarte10-1200x789.jpg 1200w\" sizes=\"(max-width: 840px) 100vw, 840px\" \/><\/p>\n<p><img loading=\"lazy\" decoding=\"async\" class=\"alignnone size-large wp-image-2436\" src=\"http:\/\/kaliszczasemmalowany.pl\/wp-content\/uploads\/2018\/09\/LO-Asnyk-Prz\u0119dzik-1024x793.jpg\" alt=\"\" width=\"840\" height=\"651\" srcset=\"https:\/\/kaliszczasemmalowany.pl\/wp-content\/uploads\/2018\/09\/LO-Asnyk-Prz\u0119dzik-1024x793.jpg 1024w, https:\/\/kaliszczasemmalowany.pl\/wp-content\/uploads\/2018\/09\/LO-Asnyk-Prz\u0119dzik-300x232.jpg 300w, https:\/\/kaliszczasemmalowany.pl\/wp-content\/uploads\/2018\/09\/LO-Asnyk-Prz\u0119dzik-768x594.jpg 768w, https:\/\/kaliszczasemmalowany.pl\/wp-content\/uploads\/2018\/09\/LO-Asnyk-Prz\u0119dzik-1200x929.jpg 1200w, https:\/\/kaliszczasemmalowany.pl\/wp-content\/uploads\/2018\/09\/LO-Asnyk-Prz\u0119dzik.jpg 2048w\" sizes=\"(max-width: 840px) 100vw, 840px\" \/><\/p>\n<p><img loading=\"lazy\" decoding=\"async\" class=\"alignnone size-full wp-image-2430\" src=\"http:\/\/kaliszczasemmalowany.pl\/wp-content\/uploads\/2018\/09\/I-LO-Asnyk-B\u0142achowicz.jpg\" alt=\"\" width=\"960\" height=\"958\" srcset=\"https:\/\/kaliszczasemmalowany.pl\/wp-content\/uploads\/2018\/09\/I-LO-Asnyk-B\u0142achowicz.jpg 960w, https:\/\/kaliszczasemmalowany.pl\/wp-content\/uploads\/2018\/09\/I-LO-Asnyk-B\u0142achowicz-150x150.jpg 150w, https:\/\/kaliszczasemmalowany.pl\/wp-content\/uploads\/2018\/09\/I-LO-Asnyk-B\u0142achowicz-300x300.jpg 300w, https:\/\/kaliszczasemmalowany.pl\/wp-content\/uploads\/2018\/09\/I-LO-Asnyk-B\u0142achowicz-768x766.jpg 768w\" sizes=\"(max-width: 960px) 100vw, 960px\" \/><\/p>\n<p><img loading=\"lazy\" decoding=\"async\" class=\"alignnone size-large wp-image-2431\" src=\"http:\/\/kaliszczasemmalowany.pl\/wp-content\/uploads\/2018\/09\/Kalisz-most-na-Babince-ulica-Warszawska-1024x708.jpg\" alt=\"\" width=\"840\" height=\"581\" srcset=\"https:\/\/kaliszczasemmalowany.pl\/wp-content\/uploads\/2018\/09\/Kalisz-most-na-Babince-ulica-Warszawska-1024x708.jpg 1024w, https:\/\/kaliszczasemmalowany.pl\/wp-content\/uploads\/2018\/09\/Kalisz-most-na-Babince-ulica-Warszawska-300x208.jpg 300w, https:\/\/kaliszczasemmalowany.pl\/wp-content\/uploads\/2018\/09\/Kalisz-most-na-Babince-ulica-Warszawska-768x531.jpg 768w, https:\/\/kaliszczasemmalowany.pl\/wp-content\/uploads\/2018\/09\/Kalisz-most-na-Babince-ulica-Warszawska-1200x830.jpg 1200w\" sizes=\"(max-width: 840px) 100vw, 840px\" \/><\/p>\n<p><img loading=\"lazy\" decoding=\"async\" class=\"alignnone size-large wp-image-2432\" src=\"http:\/\/kaliszczasemmalowany.pl\/wp-content\/uploads\/2018\/09\/liceum-Asnyka-1024x668.jpg\" alt=\"\" width=\"840\" height=\"548\" srcset=\"https:\/\/kaliszczasemmalowany.pl\/wp-content\/uploads\/2018\/09\/liceum-Asnyka-1024x668.jpg 1024w, https:\/\/kaliszczasemmalowany.pl\/wp-content\/uploads\/2018\/09\/liceum-Asnyka-300x196.jpg 300w, https:\/\/kaliszczasemmalowany.pl\/wp-content\/uploads\/2018\/09\/liceum-Asnyka-768x501.jpg 768w, https:\/\/kaliszczasemmalowany.pl\/wp-content\/uploads\/2018\/09\/liceum-Asnyka-1200x783.jpg 1200w\" sizes=\"(max-width: 840px) 100vw, 840px\" \/><\/p>\n<p><span style=\"font-size: 8pt;\">Gimnazjum Filologiczne w Kaliszu istnia\u0142o w latach 1862\u20131866 oraz 1916\u20131923 jako Miejskie Gimnazjum Filologiczne M\u0119skie w Kaliszu.<\/span><\/p>\n<p>&nbsp;<\/p>\n<p><img loading=\"lazy\" decoding=\"async\" class=\"alignnone wp-image-2434\" src=\"http:\/\/kaliszczasemmalowany.pl\/wp-content\/uploads\/2018\/09\/liszewski-matura-2-623x1024.jpg\" alt=\"\" width=\"590\" height=\"970\" srcset=\"https:\/\/kaliszczasemmalowany.pl\/wp-content\/uploads\/2018\/09\/liszewski-matura-2-623x1024.jpg 623w, https:\/\/kaliszczasemmalowany.pl\/wp-content\/uploads\/2018\/09\/liszewski-matura-2-182x300.jpg 182w, https:\/\/kaliszczasemmalowany.pl\/wp-content\/uploads\/2018\/09\/liszewski-matura-2-768x1263.jpg 768w, https:\/\/kaliszczasemmalowany.pl\/wp-content\/uploads\/2018\/09\/liszewski-matura-2-1200x1973.jpg 1200w, https:\/\/kaliszczasemmalowany.pl\/wp-content\/uploads\/2018\/09\/liszewski-matura-2.jpg 1557w\" sizes=\"(max-width: 590px) 100vw, 590px\" \/><\/p>\n<p><span style=\"font-size: 8pt;\">\u015awiadectwo dojrza\u0142o\u015bci\u00a0 <a href=\"https:\/\/kaliszczasemmalowany.pl\/index.php\/2022\/szkola-podstawowa-w-sulislawicach-przewodnik-po-starym-kaliszu\/\">Tomasza Liszewskiego<\/a> z 1923 roku wraz z piecz\u0119ci\u0105 Uniwersytetu Warszawskiego potwierdzaj\u0105c\u0105 immatrykulacj\u0119 na wydziale prawa<\/span><\/p>\n<p>\u017ar\u00f3d\u0142o: <a href=\"http:\/\/www.info.kalisz.pl\/szkola\/index.html\">http:\/\/www.info.kalisz.pl\/szkola\/index.html<\/a><\/p>\n<p><em><span style=\"font-size: 8pt;\">zdj\u0119cia udost\u0119pnione przez Macieja B\u0142achowicza i Miros\u0142awa Prz\u0119dzika<\/span><\/em><\/p>\n<p>&nbsp;<\/p>\n","protected":false},"excerpt":{"rendered":"<p>Asnyk ILO<\/p>\n","protected":false},"author":2,"featured_media":2209,"comment_status":"open","ping_status":"open","sticky":false,"template":"","format":"standard","meta":{"_monsterinsights_skip_tracking":false,"_monsterinsights_sitenote_active":false,"_monsterinsights_sitenote_note":"","_monsterinsights_sitenote_category":0,"footnotes":""},"categories":[39,2,488],"tags":[273,98,13,269,284,283,274],"class_list":["post-2437","post","type-post","status-publish","format-standard","has-post-thumbnail","hentry","category-kaliszanie","category-o-kaliszu","category-szkoly","tag-adam-asnyk","tag-grodzka","tag-kalisz","tag-kaliszanie","tag-prezydent-rp","tag-stanislaw-wojciechowski","tag-szkoly"],"aioseo_notices":[],"aioseo_head":"\n\t\t<!-- All in One SEO Pro 4.9.0 - aioseo.com -->\n\t<meta name=\"description\" content=\"Asnyk - Kalisz Czasem Malowany - I Liceum Og\u00f3lnokszta\u0142c\u0105ce im. Adama Asnyka w Kaliszu kontynuuje tradycje Pa\u0144stwowego Gimnazjum Humanistycznego im. Adama Asnyka\" \/>\n\t<meta name=\"robots\" content=\"max-image-preview:large\" \/>\n\t<meta name=\"author\" content=\"PiK\"\/>\n\t<meta name=\"keywords\" content=\"adam asnyk,grodzka,kalisz,kaliszanie,prezydent rp,stanis\u0142aw wojciechowski,szko\u0142y,o kaliszu\" \/>\n\t<link rel=\"canonical\" href=\"https:\/\/kaliszczasemmalowany.pl\/index.php\/2023\/asnyk\/\" \/>\n\t<meta name=\"generator\" content=\"All in One SEO Pro (AIOSEO) 4.9.0\" \/>\n\t\t<meta property=\"og:locale\" content=\"pl_PL\" \/>\n\t\t<meta property=\"og:site_name\" content=\"Kalisz Czasem Malowany - Fotoblog subiektywny\" \/>\n\t\t<meta property=\"og:type\" content=\"activity\" \/>\n\t\t<meta property=\"og:title\" content=\"Asnyk, I Liceum Og\u00f3lnokszta\u0142c\u0105ce w Kaliszu\" \/>\n\t\t<meta property=\"og:description\" content=\"Asnyk - Kalisz Czasem Malowany - I Liceum Og\u00f3lnokszta\u0142c\u0105ce im. Adama Asnyka w Kaliszu kontynuuje tradycje Pa\u0144stwowego Gimnazjum Humanistycznego im. Adama Asnyka\" \/>\n\t\t<meta property=\"og:url\" content=\"https:\/\/kaliszczasemmalowany.pl\/index.php\/2023\/asnyk\/\" \/>\n\t\t<meta property=\"fb:app_id\" content=\"1247192616682170\" \/>\n\t\t<meta property=\"fb:admins\" content=\"100003136013596,100070523616841,100004477359982\" \/>\n\t\t<meta property=\"og:image\" content=\"https:\/\/kaliszczasemmalowany.pl\/wp-content\/uploads\/2018\/06\/asnyk-06.jpg\" \/>\n\t\t<meta property=\"og:image:secure_url\" content=\"https:\/\/kaliszczasemmalowany.pl\/wp-content\/uploads\/2018\/06\/asnyk-06.jpg\" \/>\n\t\t<meta property=\"og:image:width\" content=\"2560\" \/>\n\t\t<meta property=\"og:image:height\" content=\"1408\" \/>\n\t\t<meta name=\"twitter:card\" content=\"summary_large_image\" \/>\n\t\t<meta name=\"twitter:site\" content=\"@pik1982dil\" \/>\n\t\t<meta name=\"twitter:title\" content=\"Asnyk, I Liceum Og\u00f3lnokszta\u0142c\u0105ce w Kaliszu\" \/>\n\t\t<meta name=\"twitter:description\" content=\"Asnyk - Kalisz Czasem Malowany - I Liceum Og\u00f3lnokszta\u0142c\u0105ce im. Adama Asnyka w Kaliszu kontynuuje tradycje Pa\u0144stwowego Gimnazjum Humanistycznego im. Adama Asnyka\" \/>\n\t\t<meta name=\"twitter:creator\" content=\"@pik1982dil\" \/>\n\t\t<meta name=\"twitter:image\" content=\"https:\/\/kaliszczasemmalowany.pl\/wp-content\/uploads\/2018\/06\/asnyk-06.jpg\" \/>\n\t\t<meta name=\"twitter:label1\" content=\"Autor\" \/>\n\t\t<meta name=\"twitter:data1\" content=\"PiK\" \/>\n\t\t<meta name=\"twitter:label2\" content=\"Szac. czas czytania\" \/>\n\t\t<meta name=\"twitter:data2\" content=\"1 minuta\" \/>\n\t\t<script type=\"application\/ld+json\" class=\"aioseo-schema\">\n\t\t\t{\"@context\":\"https:\\\/\\\/schema.org\",\"@graph\":[{\"@type\":\"BlogPosting\",\"@id\":\"https:\\\/\\\/kaliszczasemmalowany.pl\\\/index.php\\\/2023\\\/asnyk\\\/#blogposting\",\"name\":\"Asnyk, I Liceum Og\\u00f3lnokszta\\u0142c\\u0105ce w Kaliszu\",\"headline\":\"I Liceum Og\\u00f3lnokszta\\u0142c\\u0105ce im. Adama Asnyka w Kaliszu kontynuuje tradycje Pa\\u0144stwowego Gimnazjum Humanistycznego im. Adama Asnyka\",\"author\":{\"@id\":\"https:\\\/\\\/kaliszczasemmalowany.pl\\\/index.php\\\/author\\\/krysia\\\/#author\"},\"publisher\":{\"@id\":\"https:\\\/\\\/kaliszczasemmalowany.pl\\\/#person\"},\"image\":{\"@type\":\"ImageObject\",\"url\":\"https:\\\/\\\/kaliszczasemmalowany.pl\\\/wp-content\\\/uploads\\\/2018\\\/06\\\/asnyk-06.jpg\",\"width\":2560,\"height\":1408,\"caption\":\"Liceum po renowacji dachu 2018 rok\"},\"datePublished\":\"2023-09-14T10:00:44+02:00\",\"dateModified\":\"2023-10-03T08:13:58+02:00\",\"inLanguage\":\"pl-PL\",\"commentCount\":2,\"mainEntityOfPage\":{\"@id\":\"https:\\\/\\\/kaliszczasemmalowany.pl\\\/index.php\\\/2023\\\/asnyk\\\/#webpage\"},\"isPartOf\":{\"@id\":\"https:\\\/\\\/kaliszczasemmalowany.pl\\\/index.php\\\/2023\\\/asnyk\\\/#webpage\"},\"articleSection\":\"kaliszanie, O Kaliszu, szko\\u0142y, Adam Asnyk, Grodzka, Kalisz, kaliszanie, Prezydent RP, Stanis\\u0142aw Wojciechowski, szko\\u0142y\"},{\"@type\":\"BreadcrumbList\",\"@id\":\"https:\\\/\\\/kaliszczasemmalowany.pl\\\/index.php\\\/2023\\\/asnyk\\\/#breadcrumblist\",\"itemListElement\":[{\"@type\":\"ListItem\",\"@id\":\"https:\\\/\\\/kaliszczasemmalowany.pl#listItem\",\"position\":1,\"name\":\"Strona g\\u0142\\u00f3wna\",\"item\":\"https:\\\/\\\/kaliszczasemmalowany.pl\",\"nextItem\":{\"@type\":\"ListItem\",\"@id\":\"https:\\\/\\\/kaliszczasemmalowany.pl\\\/index.php\\\/category\\\/o-kaliszu\\\/#listItem\",\"name\":\"O Kaliszu\"}},{\"@type\":\"ListItem\",\"@id\":\"https:\\\/\\\/kaliszczasemmalowany.pl\\\/index.php\\\/category\\\/o-kaliszu\\\/#listItem\",\"position\":2,\"name\":\"O Kaliszu\",\"item\":\"https:\\\/\\\/kaliszczasemmalowany.pl\\\/index.php\\\/category\\\/o-kaliszu\\\/\",\"nextItem\":{\"@type\":\"ListItem\",\"@id\":\"https:\\\/\\\/kaliszczasemmalowany.pl\\\/index.php\\\/2023\\\/asnyk\\\/#listItem\",\"name\":\"I Liceum Og\\u00f3lnokszta\\u0142c\\u0105ce im. Adama Asnyka w Kaliszu kontynuuje tradycje Pa\\u0144stwowego Gimnazjum Humanistycznego im. Adama Asnyka\"},\"previousItem\":{\"@type\":\"ListItem\",\"@id\":\"https:\\\/\\\/kaliszczasemmalowany.pl#listItem\",\"name\":\"Strona g\\u0142\\u00f3wna\"}},{\"@type\":\"ListItem\",\"@id\":\"https:\\\/\\\/kaliszczasemmalowany.pl\\\/index.php\\\/2023\\\/asnyk\\\/#listItem\",\"position\":3,\"name\":\"I Liceum Og\\u00f3lnokszta\\u0142c\\u0105ce im. Adama Asnyka w Kaliszu kontynuuje tradycje Pa\\u0144stwowego Gimnazjum Humanistycznego im. Adama Asnyka\",\"previousItem\":{\"@type\":\"ListItem\",\"@id\":\"https:\\\/\\\/kaliszczasemmalowany.pl\\\/index.php\\\/category\\\/o-kaliszu\\\/#listItem\",\"name\":\"O Kaliszu\"}}]},{\"@type\":\"Person\",\"@id\":\"https:\\\/\\\/kaliszczasemmalowany.pl\\\/#person\",\"name\":\"Pawe\\u0142 Liszewski\",\"image\":{\"@type\":\"ImageObject\",\"@id\":\"https:\\\/\\\/kaliszczasemmalowany.pl\\\/index.php\\\/2023\\\/asnyk\\\/#personImage\",\"url\":\"https:\\\/\\\/secure.gravatar.com\\\/avatar\\\/5a5afc29e8abe93f415ca15abf21395d6303ab000250220121432e5aab91966e?s=96&d=mm&r=g\",\"width\":96,\"height\":96,\"caption\":\"Pawe\\u0142 Liszewski\"}},{\"@type\":\"Person\",\"@id\":\"https:\\\/\\\/kaliszczasemmalowany.pl\\\/index.php\\\/author\\\/krysia\\\/#author\",\"url\":\"https:\\\/\\\/kaliszczasemmalowany.pl\\\/index.php\\\/author\\\/krysia\\\/\",\"name\":\"PiK\",\"image\":{\"@type\":\"ImageObject\",\"url\":\"https:\\\/\\\/secure.gravatar.com\\\/avatar\\\/a01eefe17b2143fe4c87c80742bc7ae8a193169eeebde9de8373aab5f31e2654?s=96&d=mm&r=g\"}},{\"@type\":\"WebPage\",\"@id\":\"https:\\\/\\\/kaliszczasemmalowany.pl\\\/index.php\\\/2023\\\/asnyk\\\/#webpage\",\"url\":\"https:\\\/\\\/kaliszczasemmalowany.pl\\\/index.php\\\/2023\\\/asnyk\\\/\",\"name\":\"Asnyk, I Liceum Og\\u00f3lnokszta\\u0142c\\u0105ce w Kaliszu\",\"description\":\"Asnyk - Kalisz Czasem Malowany - I Liceum Og\\u00f3lnokszta\\u0142c\\u0105ce im. Adama Asnyka w Kaliszu kontynuuje tradycje Pa\\u0144stwowego Gimnazjum Humanistycznego im. Adama Asnyka\",\"inLanguage\":\"pl-PL\",\"isPartOf\":{\"@id\":\"https:\\\/\\\/kaliszczasemmalowany.pl\\\/#website\"},\"breadcrumb\":{\"@id\":\"https:\\\/\\\/kaliszczasemmalowany.pl\\\/index.php\\\/2023\\\/asnyk\\\/#breadcrumblist\"},\"author\":{\"@id\":\"https:\\\/\\\/kaliszczasemmalowany.pl\\\/index.php\\\/author\\\/krysia\\\/#author\"},\"creator\":{\"@id\":\"https:\\\/\\\/kaliszczasemmalowany.pl\\\/index.php\\\/author\\\/krysia\\\/#author\"},\"image\":{\"@type\":\"ImageObject\",\"url\":\"https:\\\/\\\/kaliszczasemmalowany.pl\\\/wp-content\\\/uploads\\\/2018\\\/06\\\/asnyk-06.jpg\",\"@id\":\"https:\\\/\\\/kaliszczasemmalowany.pl\\\/index.php\\\/2023\\\/asnyk\\\/#mainImage\",\"width\":2560,\"height\":1408,\"caption\":\"Liceum po renowacji dachu 2018 rok\"},\"primaryImageOfPage\":{\"@id\":\"https:\\\/\\\/kaliszczasemmalowany.pl\\\/index.php\\\/2023\\\/asnyk\\\/#mainImage\"},\"datePublished\":\"2023-09-14T10:00:44+02:00\",\"dateModified\":\"2023-10-03T08:13:58+02:00\"},{\"@type\":\"WebSite\",\"@id\":\"https:\\\/\\\/kaliszczasemmalowany.pl\\\/#website\",\"url\":\"https:\\\/\\\/kaliszczasemmalowany.pl\\\/\",\"name\":\"Kalisz Czasem Malowany\",\"description\":\"Fotoblog subiektywny\",\"inLanguage\":\"pl-PL\",\"publisher\":{\"@id\":\"https:\\\/\\\/kaliszczasemmalowany.pl\\\/#person\"}}]}\n\t\t<\/script>\n\t\t<!-- All in One SEO Pro -->\r\n\t\t<title>Asnyk, I Liceum Og\u00f3lnokszta\u0142c\u0105ce w Kaliszu<\/title>\n\n","aioseo_head_json":{"title":"Asnyk, I Liceum Og\u00f3lnokszta\u0142c\u0105ce w Kaliszu","description":"Asnyk - Kalisz Czasem Malowany - I Liceum Og\u00f3lnokszta\u0142c\u0105ce im. Adama Asnyka w Kaliszu kontynuuje tradycje Pa\u0144stwowego Gimnazjum Humanistycznego im. Adama Asnyka","canonical_url":"https:\/\/kaliszczasemmalowany.pl\/index.php\/2023\/asnyk\/","robots":"max-image-preview:large","keywords":"adam asnyk,grodzka,kalisz,kaliszanie,prezydent rp,stanis\u0142aw wojciechowski,szko\u0142y,o kaliszu","webmasterTools":{"miscellaneous":""},"schema":{"@context":"https:\/\/schema.org","@graph":[{"@type":"BlogPosting","@id":"https:\/\/kaliszczasemmalowany.pl\/index.php\/2023\/asnyk\/#blogposting","name":"Asnyk, I Liceum Og\u00f3lnokszta\u0142c\u0105ce w Kaliszu","headline":"I Liceum Og\u00f3lnokszta\u0142c\u0105ce im. Adama Asnyka w Kaliszu kontynuuje tradycje Pa\u0144stwowego Gimnazjum Humanistycznego im. Adama Asnyka","author":{"@id":"https:\/\/kaliszczasemmalowany.pl\/index.php\/author\/krysia\/#author"},"publisher":{"@id":"https:\/\/kaliszczasemmalowany.pl\/#person"},"image":{"@type":"ImageObject","url":"https:\/\/kaliszczasemmalowany.pl\/wp-content\/uploads\/2018\/06\/asnyk-06.jpg","width":2560,"height":1408,"caption":"Liceum po renowacji dachu 2018 rok"},"datePublished":"2023-09-14T10:00:44+02:00","dateModified":"2023-10-03T08:13:58+02:00","inLanguage":"pl-PL","commentCount":2,"mainEntityOfPage":{"@id":"https:\/\/kaliszczasemmalowany.pl\/index.php\/2023\/asnyk\/#webpage"},"isPartOf":{"@id":"https:\/\/kaliszczasemmalowany.pl\/index.php\/2023\/asnyk\/#webpage"},"articleSection":"kaliszanie, O Kaliszu, szko\u0142y, Adam Asnyk, Grodzka, Kalisz, kaliszanie, Prezydent RP, Stanis\u0142aw Wojciechowski, szko\u0142y"},{"@type":"BreadcrumbList","@id":"https:\/\/kaliszczasemmalowany.pl\/index.php\/2023\/asnyk\/#breadcrumblist","itemListElement":[{"@type":"ListItem","@id":"https:\/\/kaliszczasemmalowany.pl#listItem","position":1,"name":"Strona g\u0142\u00f3wna","item":"https:\/\/kaliszczasemmalowany.pl","nextItem":{"@type":"ListItem","@id":"https:\/\/kaliszczasemmalowany.pl\/index.php\/category\/o-kaliszu\/#listItem","name":"O Kaliszu"}},{"@type":"ListItem","@id":"https:\/\/kaliszczasemmalowany.pl\/index.php\/category\/o-kaliszu\/#listItem","position":2,"name":"O Kaliszu","item":"https:\/\/kaliszczasemmalowany.pl\/index.php\/category\/o-kaliszu\/","nextItem":{"@type":"ListItem","@id":"https:\/\/kaliszczasemmalowany.pl\/index.php\/2023\/asnyk\/#listItem","name":"I Liceum Og\u00f3lnokszta\u0142c\u0105ce im. Adama Asnyka w Kaliszu kontynuuje tradycje Pa\u0144stwowego Gimnazjum Humanistycznego im. Adama Asnyka"},"previousItem":{"@type":"ListItem","@id":"https:\/\/kaliszczasemmalowany.pl#listItem","name":"Strona g\u0142\u00f3wna"}},{"@type":"ListItem","@id":"https:\/\/kaliszczasemmalowany.pl\/index.php\/2023\/asnyk\/#listItem","position":3,"name":"I Liceum Og\u00f3lnokszta\u0142c\u0105ce im. Adama Asnyka w Kaliszu kontynuuje tradycje Pa\u0144stwowego Gimnazjum Humanistycznego im. Adama Asnyka","previousItem":{"@type":"ListItem","@id":"https:\/\/kaliszczasemmalowany.pl\/index.php\/category\/o-kaliszu\/#listItem","name":"O Kaliszu"}}]},{"@type":"Person","@id":"https:\/\/kaliszczasemmalowany.pl\/#person","name":"Pawe\u0142 Liszewski","image":{"@type":"ImageObject","@id":"https:\/\/kaliszczasemmalowany.pl\/index.php\/2023\/asnyk\/#personImage","url":"https:\/\/secure.gravatar.com\/avatar\/5a5afc29e8abe93f415ca15abf21395d6303ab000250220121432e5aab91966e?s=96&d=mm&r=g","width":96,"height":96,"caption":"Pawe\u0142 Liszewski"}},{"@type":"Person","@id":"https:\/\/kaliszczasemmalowany.pl\/index.php\/author\/krysia\/#author","url":"https:\/\/kaliszczasemmalowany.pl\/index.php\/author\/krysia\/","name":"PiK","image":{"@type":"ImageObject","url":"https:\/\/secure.gravatar.com\/avatar\/a01eefe17b2143fe4c87c80742bc7ae8a193169eeebde9de8373aab5f31e2654?s=96&d=mm&r=g"}},{"@type":"WebPage","@id":"https:\/\/kaliszczasemmalowany.pl\/index.php\/2023\/asnyk\/#webpage","url":"https:\/\/kaliszczasemmalowany.pl\/index.php\/2023\/asnyk\/","name":"Asnyk, I Liceum Og\u00f3lnokszta\u0142c\u0105ce w Kaliszu","description":"Asnyk - Kalisz Czasem Malowany - I Liceum Og\u00f3lnokszta\u0142c\u0105ce im. Adama Asnyka w Kaliszu kontynuuje tradycje Pa\u0144stwowego Gimnazjum Humanistycznego im. Adama Asnyka","inLanguage":"pl-PL","isPartOf":{"@id":"https:\/\/kaliszczasemmalowany.pl\/#website"},"breadcrumb":{"@id":"https:\/\/kaliszczasemmalowany.pl\/index.php\/2023\/asnyk\/#breadcrumblist"},"author":{"@id":"https:\/\/kaliszczasemmalowany.pl\/index.php\/author\/krysia\/#author"},"creator":{"@id":"https:\/\/kaliszczasemmalowany.pl\/index.php\/author\/krysia\/#author"},"image":{"@type":"ImageObject","url":"https:\/\/kaliszczasemmalowany.pl\/wp-content\/uploads\/2018\/06\/asnyk-06.jpg","@id":"https:\/\/kaliszczasemmalowany.pl\/index.php\/2023\/asnyk\/#mainImage","width":2560,"height":1408,"caption":"Liceum po renowacji dachu 2018 rok"},"primaryImageOfPage":{"@id":"https:\/\/kaliszczasemmalowany.pl\/index.php\/2023\/asnyk\/#mainImage"},"datePublished":"2023-09-14T10:00:44+02:00","dateModified":"2023-10-03T08:13:58+02:00"},{"@type":"WebSite","@id":"https:\/\/kaliszczasemmalowany.pl\/#website","url":"https:\/\/kaliszczasemmalowany.pl\/","name":"Kalisz Czasem Malowany","description":"Fotoblog subiektywny","inLanguage":"pl-PL","publisher":{"@id":"https:\/\/kaliszczasemmalowany.pl\/#person"}}]},"og:locale":"pl_PL","og:site_name":"Kalisz Czasem Malowany - Fotoblog subiektywny","og:type":"activity","og:title":"Asnyk, I Liceum Og\u00f3lnokszta\u0142c\u0105ce w Kaliszu","og:description":"Asnyk - Kalisz Czasem Malowany - I Liceum Og\u00f3lnokszta\u0142c\u0105ce im. Adama Asnyka w Kaliszu kontynuuje tradycje Pa\u0144stwowego Gimnazjum Humanistycznego im. Adama Asnyka","og:url":"https:\/\/kaliszczasemmalowany.pl\/index.php\/2023\/asnyk\/","fb:app_id":"1247192616682170","fb:admins":"100003136013596,100070523616841,100004477359982","og:image":"https:\/\/kaliszczasemmalowany.pl\/wp-content\/uploads\/2018\/06\/asnyk-06.jpg","og:image:secure_url":"https:\/\/kaliszczasemmalowany.pl\/wp-content\/uploads\/2018\/06\/asnyk-06.jpg","og:image:width":2560,"og:image:height":1408,"twitter:card":"summary_large_image","twitter:site":"@pik1982dil","twitter:title":"Asnyk, I Liceum Og\u00f3lnokszta\u0142c\u0105ce w Kaliszu","twitter:description":"Asnyk - Kalisz Czasem Malowany - I Liceum Og\u00f3lnokszta\u0142c\u0105ce im. Adama Asnyka w Kaliszu kontynuuje tradycje Pa\u0144stwowego Gimnazjum Humanistycznego im. Adama Asnyka","twitter:creator":"@pik1982dil","twitter:image":"https:\/\/kaliszczasemmalowany.pl\/wp-content\/uploads\/2018\/06\/asnyk-06.jpg","twitter:label1":"Autor","twitter:data1":"PiK","twitter:label2":"Szac. czas czytania","twitter:data2":"1 minuta"},"aioseo_meta_data":{"post_id":"2437","title":"Asnyk, I Liceum Og\u00f3lnokszta\u0142c\u0105ce w Kaliszu","description":"Asnyk #separator_sa #site_title #separator_sa #post_title","keywords":[],"keyphrases":{"focus":{"keyphrase":"Asnyk","score":100,"analysis":{"keyphraseInTitle":{"score":9,"maxScore":9,"error":0},"keyphraseInDescription":{"score":9,"maxScore":9,"error":0},"keyphraseLength":{"score":9,"maxScore":9,"error":0,"length":1},"keyphraseInURL":{"score":5,"maxScore":5,"error":0},"keyphraseInIntroduction":{"score":9,"maxScore":9,"error":0},"keyphraseInSubHeadings":[],"keyphraseInImageAlt":{"score":9,"maxScore":9,"error":0},"keywordDensity":{"type":"best","score":9,"maxScore":9,"error":0}}},"additional":[]},"primary_term":{"category":2},"canonical_url":null,"og_title":null,"og_description":null,"og_object_type":"default","og_image_type":"default","og_image_url":null,"og_image_width":null,"og_image_height":null,"og_image_custom_url":null,"og_image_custom_fields":null,"og_video":"","og_custom_url":null,"og_article_section":null,"og_article_tags":[],"twitter_use_og":true,"twitter_card":"default","twitter_image_type":"default","twitter_image_url":null,"twitter_image_custom_url":null,"twitter_image_custom_fields":null,"twitter_title":null,"twitter_description":null,"schema":{"blockGraphs":[],"customGraphs":[],"default":{"data":{"Article":[],"Course":[],"Dataset":[],"FAQPage":[],"Movie":[],"Person":[],"Product":[],"ProductReview":[],"Car":[],"Recipe":[],"Service":[],"SoftwareApplication":[],"WebPage":[]},"graphName":"BlogPosting","isEnabled":true},"graphs":[]},"schema_type":"default","schema_type_options":null,"pillar_content":false,"robots_default":true,"robots_noindex":false,"robots_noarchive":false,"robots_nosnippet":false,"robots_nofollow":false,"robots_noimageindex":false,"robots_noodp":false,"robots_notranslate":false,"robots_max_snippet":"-1","robots_max_videopreview":"-1","robots_max_imagepreview":"large","priority":null,"frequency":"default","local_seo":null,"seo_analyzer_scan_date":"2025-11-28 13:57:22","breadcrumb_settings":null,"limit_modified_date":false,"reviewed_by":null,"open_ai":"{\"title\":{\"suggestions\":[],\"usage\":0},\"description\":{\"suggestions\":[],\"usage\":0}}","ai":null,"created":"2023-08-16 18:05:40","updated":"2025-11-28 13:57:22"},"aioseo_breadcrumb":"<div class=\"aioseo-breadcrumbs\"><span class=\"aioseo-breadcrumb\">\n\t<a href=\"https:\/\/kaliszczasemmalowany.pl\" title=\"Strona g\u0142\u00f3wna\">Strona g\u0142\u00f3wna<\/a>\n<\/span><span class=\"aioseo-breadcrumb-separator\">\u00bb<\/span><span class=\"aioseo-breadcrumb\">\n\t<a href=\"https:\/\/kaliszczasemmalowany.pl\/index.php\/category\/o-kaliszu\/\" title=\"O Kaliszu\">O Kaliszu<\/a>\n<\/span><span class=\"aioseo-breadcrumb-separator\">\u00bb<\/span><span class=\"aioseo-breadcrumb\">\n\tI Liceum Og\u00f3lnokszta\u0142c\u0105ce im. Adama Asnyka w Kaliszu kontynuuje tradycje Pa\u0144stwowego Gimnazjum Humanistycznego im. Adama Asnyka\n<\/span><\/div>","aioseo_breadcrumb_json":[{"label":"Strona g\u0142\u00f3wna","link":"https:\/\/kaliszczasemmalowany.pl"},{"label":"O Kaliszu","link":"https:\/\/kaliszczasemmalowany.pl\/index.php\/category\/o-kaliszu\/"},{"label":"I Liceum Og\u00f3lnokszta\u0142c\u0105ce im. Adama Asnyka w Kaliszu kontynuuje tradycje Pa\u0144stwowego Gimnazjum Humanistycznego im. Adama Asnyka","link":"https:\/\/kaliszczasemmalowany.pl\/index.php\/2023\/asnyk\/"}],"acf":[],"_links":{"self":[{"href":"https:\/\/kaliszczasemmalowany.pl\/index.php\/wp-json\/wp\/v2\/posts\/2437","targetHints":{"allow":["GET"]}}],"collection":[{"href":"https:\/\/kaliszczasemmalowany.pl\/index.php\/wp-json\/wp\/v2\/posts"}],"about":[{"href":"https:\/\/kaliszczasemmalowany.pl\/index.php\/wp-json\/wp\/v2\/types\/post"}],"author":[{"embeddable":true,"href":"https:\/\/kaliszczasemmalowany.pl\/index.php\/wp-json\/wp\/v2\/users\/2"}],"replies":[{"embeddable":true,"href":"https:\/\/kaliszczasemmalowany.pl\/index.php\/wp-json\/wp\/v2\/comments?post=2437"}],"version-history":[{"count":22,"href":"https:\/\/kaliszczasemmalowany.pl\/index.php\/wp-json\/wp\/v2\/posts\/2437\/revisions"}],"predecessor-version":[{"id":43820,"href":"https:\/\/kaliszczasemmalowany.pl\/index.php\/wp-json\/wp\/v2\/posts\/2437\/revisions\/43820"}],"wp:featuredmedia":[{"embeddable":true,"href":"https:\/\/kaliszczasemmalowany.pl\/index.php\/wp-json\/wp\/v2\/media\/2209"}],"wp:attachment":[{"href":"https:\/\/kaliszczasemmalowany.pl\/index.php\/wp-json\/wp\/v2\/media?parent=2437"}],"wp:term":[{"taxonomy":"category","embeddable":true,"href":"https:\/\/kaliszczasemmalowany.pl\/index.php\/wp-json\/wp\/v2\/categories?post=2437"},{"taxonomy":"post_tag","embeddable":true,"href":"https:\/\/kaliszczasemmalowany.pl\/index.php\/wp-json\/wp\/v2\/tags?post=2437"}],"curies":[{"name":"wp","href":"https:\/\/api.w.org\/{rel}","templated":true}]}}