{"id":2136,"date":"2026-03-06T08:57:35","date_gmt":"2026-03-06T07:57:35","guid":{"rendered":"http:\/\/kaliszczasemmalowany.pl\/?p=2136"},"modified":"2026-03-06T13:27:44","modified_gmt":"2026-03-06T12:27:44","slug":"przystan-ktw","status":"publish","type":"post","link":"https:\/\/kaliszczasemmalowany.pl\/index.php\/2026\/przystan-ktw\/","title":{"rendered":"Przysta\u0144 KTW dzia\u0142a od maja 1913 roku"},"content":{"rendered":"<p><span style=\"font-size: 8pt;\"><span style=\"font-size: 12pt;\">Przysta\u0144 KTW, kt\u00f3r\u0105 zbudowano w<a href=\"https:\/\/kaliszczasemmalowany.pl\/index.php\/tag\/park-miejski\/\" target=\"_blank\" rel=\"noopener\"> Parku Miejskim<\/a> na Pro\u015bnie zacz\u0119\u0142a dzia\u0142a\u0107 4 maja 1913 roku. Klub sportowy &#8211; Kaliskie Towarzystwo Wio\u015blarskie, za\u0142o\u017cony w 1894 roku, wychowuje zawodnik\u00f3w odnosz\u0105cych wiele sukces\u00f3w.<\/span><br \/>\n<span style=\"font-size: 12pt;\"><em><strong>Przysta\u0144 zosta\u0142a pi\u0119knie odnowiona dzi\u0119ki staraniom Macieja B\u0142achowicza<\/strong><\/em><\/span><\/span><\/p>\n<p><img fetchpriority=\"high\" decoding=\"async\" class=\"alignnone wp-image-2405 size-full\" src=\"https:\/\/kaliszczasemmalowany.pl\/wp-content\/uploads\/2018\/09\/przysta\u0144-b\u0142achowicz.jpg\" alt=\"Przysta\u0144 KTW Prosna\" width=\"960\" height=\"720\" srcset=\"https:\/\/kaliszczasemmalowany.pl\/wp-content\/uploads\/2018\/09\/przysta\u0144-b\u0142achowicz.jpg 960w, https:\/\/kaliszczasemmalowany.pl\/wp-content\/uploads\/2018\/09\/przysta\u0144-b\u0142achowicz-300x225.jpg 300w, https:\/\/kaliszczasemmalowany.pl\/wp-content\/uploads\/2018\/09\/przysta\u0144-b\u0142achowicz-768x576.jpg 768w\" sizes=\"(max-width: 960px) 100vw, 960px\" \/><\/p>\n<p><span style=\"font-size: 12pt;\">Z inicjatywy w\u0142adz pa\u0144stwowych, po I wojnie \u015bwiatowej propagowano szerzenie sportu i turystyki oraz promowanie postaw patriotycznych. Ministerstwo Wyzna\u0144 Religijnych i O\u015bwiecenia Publicznego wysz\u0142o z programem tworzenia infrastruktury dla potrzeb turystyki szkolnej. Wraz z owym programem zaczyna si\u0119 historia kaliskiej przystani \u2013 pocz\u0105tkowo szkolnej przystani wio\u015blarskiej ze schroniskiem wycieczkowym. G\u0142\u00f3wnym inicjatorem budowy by\u0142 Feliks Matawowski \u2013 nauczyciel wychowania fizycznego w Gimnazjum im. Tadeusza Ko\u015bciuszki. Przysta\u0144 KTW oddano do u\u017cytkowania latach 30. Oferowa\u0142a ona pokoje noclegowe dla wycieczek szkolnych na pi\u0119trze, a na parterze mie\u015bci\u0142y si\u0119 szatnie, hangary na \u0142odzie czy te\u017c treningowy basen wio\u015blarski<em> (zdj\u0119cie udost\u0119pnione przez Macieja B\u0142achowicza)<\/em><\/span><\/p>\n<p><img decoding=\"async\" class=\"alignnone wp-image-42725 \" src=\"https:\/\/kaliszczasemmalowany.pl\/wp-content\/uploads\/2023\/05\/przystan-MFK.jpg\" alt=\"Przysta\u0144 KTW\" width=\"961\" height=\"629\" srcset=\"https:\/\/kaliszczasemmalowany.pl\/wp-content\/uploads\/2023\/05\/przystan-MFK.jpg 727w, https:\/\/kaliszczasemmalowany.pl\/wp-content\/uploads\/2023\/05\/przystan-MFK-300x196.jpg 300w\" sizes=\"(max-width: 961px) 100vw, 961px\" \/><\/p>\n<p><!--more--><\/p>\n<p><span style=\"font-size: 8pt;\"><a href=\"https:\/\/kaliszczasemmalowany.pl\/index.php\/2020\/kaliskie-towarzystwo-wioslarskie\/\" target=\"_blank\" rel=\"noopener\"><span style=\"font-size: 12pt;\">Kaliskie Towarzystwo Wio\u015blarskie<\/span><\/a><span style=\"font-size: 12pt;\"> powsta\u0142o w 1894 roku. Od pierwszego dnia swego istnienia by\u0142o zawsze zwi\u0105zane z Kaliszem, odgrywaj\u0105c wa\u017cn\u0105 rol\u0119 w \u017cyciu miasta i jego mieszka\u0144c\u00f3w.<\/span><br \/>\n<\/span><span style=\"font-size: 12pt;\">Wychowankowie Kaliskiego Towarzystwa Wio\u015blarskiego reprezentuj\u0105 Polsk\u0119 na wielu mistrzostwach oraz olimpiadach. Najbardziej utytu\u0142owana zawodniczka KTW, Marta Walczykiewicz \u00a0jest olimpijk\u0105, dwukrotn\u0105 v-ce Mistrzyni\u0105 \u015awiata w Kajakarstwie, multimedalistk\u0105 Mistrzostw Europy oraz wielokrotn\u0105 Mistrzyni\u0105 Polski.<\/span><\/p>\n<p><img decoding=\"async\" class=\"alignnone wp-image-2406 size-large\" src=\"https:\/\/kaliszczasemmalowany.pl\/wp-content\/uploads\/2018\/09\/DSC_0912-1-1024x720.jpg\" alt=\"Przysta\u0144 KTW\" width=\"960\" height=\"675\" srcset=\"https:\/\/kaliszczasemmalowany.pl\/wp-content\/uploads\/2018\/09\/DSC_0912-1-1024x720.jpg 1024w, https:\/\/kaliszczasemmalowany.pl\/wp-content\/uploads\/2018\/09\/DSC_0912-1-300x211.jpg 300w, https:\/\/kaliszczasemmalowany.pl\/wp-content\/uploads\/2018\/09\/DSC_0912-1-768x540.jpg 768w, https:\/\/kaliszczasemmalowany.pl\/wp-content\/uploads\/2018\/09\/DSC_0912-1-1200x843.jpg 1200w\" sizes=\"(max-width: 960px) 100vw, 960px\" \/><\/p>\n<p><img loading=\"lazy\" decoding=\"async\" class=\"alignnone wp-image-2135 \" src=\"https:\/\/kaliszczasemmalowany.pl\/wp-content\/uploads\/2018\/05\/przyta\u0144-KTW-joanna-Plota.jpg\" alt=\"Przysta\u0144 KTW\" width=\"960\" height=\"724\" srcset=\"https:\/\/kaliszczasemmalowany.pl\/wp-content\/uploads\/2018\/05\/przyta\u0144-KTW-joanna-Plota.jpg 770w, https:\/\/kaliszczasemmalowany.pl\/wp-content\/uploads\/2018\/05\/przyta\u0144-KTW-joanna-Plota-300x226.jpg 300w, https:\/\/kaliszczasemmalowany.pl\/wp-content\/uploads\/2018\/05\/przyta\u0144-KTW-joanna-Plota-768x579.jpg 768w\" sizes=\"(max-width: 960px) 100vw, 960px\" \/><\/p>\n<p><span style=\"font-size: 12pt;\">Przysta\u0144 KTW udost\u0119pnia miejsce dla: <strong>Fundacja Akademia Zdrowia<\/strong> \u2013 zajmuj\u0105ca si\u0119 propagowaniem zdrowego trybu \u017cycia oraz szeroko poj\u0119t\u0105 ekologi\u0105; <strong>Stowarzyszenie Polacy Dooko\u0142a \u015awiata<\/strong> \u2013 skupiaj\u0105ce pasjonat\u00f3w \u017ceglarstwa i organizuj\u0105ce liczne imprezy na wodzie; <strong>Szko\u0142a \u017beglarstwa Morka<\/strong> \u2013 prowadz\u0105ca kursy i szkolenia \u017ceglarskie; <strong>Harcerski Klub \u017beglarski Odkrywca<\/strong>, kt\u00f3ry zrzesza zuchy, harcerzy, harcerzy starszych i w\u0119drownik\u00f3w zainteresowanych \u017ceglarstwem oraz uczy ich w tym kierunku; <strong>Kaliski Okr\u0119gowy Zwi\u0105zek \u017beglarski- <\/strong>prowadzi od 2016 r. Program Edukacji \u017beglarskiej POLSAILING ; <strong>Bractwo Rycerskie Ziemi Kaliskiej<\/strong> \u2013 zrzeszaj\u0105ce rekonstruktor\u00f3w epoki \u015bredniowiecza z terenu po\u0142udniowej Wielkopolski. Panowie codziennie \u0107wicz\u0105 i trenuj\u0105 na Pla\u017cy Miejskiej;<strong> Szk\u00f3\u0142ka W\u0119dkarska Ko\u0142a PZW WSK Kalisz<\/strong> \u2013 ucz\u0105ca dzieciaki tajnik\u00f3w w\u0119dkarstwa. Wszystkie organizacje wsp\u00f3\u0142pracuj\u0105 ze sob\u0105, a owocami takiej kooperacji sta\u0142y si\u0119 liczne imprezy przygotowywane w sezonie letnim na Pla\u017cy Miejskiej. Jedn\u0105 z nich jest <strong>Kaliska Liga \u017beglarska<\/strong> odbywaj\u0105ca si\u0119 od 6 lat w postaci cyklu regat w sezonie od maja do pa\u017adziernika.<\/span><\/p>\n<p><img loading=\"lazy\" decoding=\"async\" class=\"alignnone wp-image-2134 size-large\" src=\"https:\/\/kaliszczasemmalowany.pl\/wp-content\/uploads\/2018\/05\/przystqa\u0144-rosiewicz-el\u017cbieta-1024x576.jpg\" alt=\"Przysta\u0144 KTW\" width=\"960\" height=\"540\" srcset=\"https:\/\/kaliszczasemmalowany.pl\/wp-content\/uploads\/2018\/05\/przystqa\u0144-rosiewicz-el\u017cbieta-1024x576.jpg 1024w, https:\/\/kaliszczasemmalowany.pl\/wp-content\/uploads\/2018\/05\/przystqa\u0144-rosiewicz-el\u017cbieta-300x169.jpg 300w, https:\/\/kaliszczasemmalowany.pl\/wp-content\/uploads\/2018\/05\/przystqa\u0144-rosiewicz-el\u017cbieta-768x432.jpg 768w, https:\/\/kaliszczasemmalowany.pl\/wp-content\/uploads\/2018\/05\/przystqa\u0144-rosiewicz-el\u017cbieta-1200x675.jpg 1200w, https:\/\/kaliszczasemmalowany.pl\/wp-content\/uploads\/2018\/05\/przystqa\u0144-rosiewicz-el\u017cbieta.jpg 2048w\" sizes=\"(max-width: 960px) 100vw, 960px\" \/><\/p>\n<p><span style=\"font-size: 12pt;\">Budynek, kt\u00f3ry przetrwa\u0142 II Wojn\u0119 \u015awiatow\u0105, sw\u00f3j obecny kszta\u0142t zawdzi\u0119cza remontom przeprowadzonym\u00a0 w 1974 i 2016 roku<\/span><\/p>\n<p><img loading=\"lazy\" decoding=\"async\" class=\"alignnone wp-image-2132 size-large\" src=\"https:\/\/kaliszczasemmalowany.pl\/wp-content\/uploads\/2018\/05\/DSC_3704-1024x686.jpg\" alt=\"Przysta\u0144 KTW\" width=\"960\" height=\"643\" srcset=\"https:\/\/kaliszczasemmalowany.pl\/wp-content\/uploads\/2018\/05\/DSC_3704-1024x686.jpg 1024w, https:\/\/kaliszczasemmalowany.pl\/wp-content\/uploads\/2018\/05\/DSC_3704-300x201.jpg 300w, https:\/\/kaliszczasemmalowany.pl\/wp-content\/uploads\/2018\/05\/DSC_3704-768x514.jpg 768w, https:\/\/kaliszczasemmalowany.pl\/wp-content\/uploads\/2018\/05\/DSC_3704-1200x803.jpg 1200w\" sizes=\"(max-width: 960px) 100vw, 960px\" \/><\/p>\n<p><span style=\"font-size: 8pt;\"><span style=\"font-size: 12pt;\">Po II wojnie \u015bwiatowej, od roku 1952 do 2004 w budynku przystani dzia\u0142a\u0142 M\u0142odzie\u017cowy Dom Kultury. W przystani dzia\u0142a\u0142o r\u00f3wnie\u017c Pa\u0144stwowe Towarzystwo Schronisk M\u0142odzie\u017cowych. W tym czasie na pi\u0119trze mie\u015bci\u0142o si\u0119 schronisko z miejscami noclegowymi, ni\u017cej natomiast dzia\u0142a\u0142a pracownia sport\u00f3w wodnych, pracowania modelarska oraz pracownia szkutnicza. Modelarze wykonali tam kilkaset modeli \u0142odzi, statk\u00f3w i okr\u0119t\u00f3w, a ostatnia pracownia pochwali\u0107 si\u0119 mo\u017ce wynikiem 43 wybudowanych \u0142odzi, kt\u00f3re wodowane by\u0142y poprzez spuszczanie na linach z okna pierwszego pi\u0119tra budynku. Brzegi Prosny przy przystani \u0142\u0105czy <a href=\"https:\/\/kaliszczasemmalowany.pl\/index.php\/2018\/prom-batory-na-prosnie\/\" target=\"_blank\" rel=\"noopener\">prom Batory<\/a><\/span><br \/>\n<\/span><\/p>\n<p><img loading=\"lazy\" decoding=\"async\" class=\"alignnone wp-image-2130 size-large\" src=\"https:\/\/kaliszczasemmalowany.pl\/wp-content\/uploads\/2018\/05\/DSC_0235-1024x680.jpg\" alt=\"Przysta\u0144 KTW\" width=\"960\" height=\"638\" srcset=\"https:\/\/kaliszczasemmalowany.pl\/wp-content\/uploads\/2018\/05\/DSC_0235-1024x680.jpg 1024w, https:\/\/kaliszczasemmalowany.pl\/wp-content\/uploads\/2018\/05\/DSC_0235-300x199.jpg 300w, https:\/\/kaliszczasemmalowany.pl\/wp-content\/uploads\/2018\/05\/DSC_0235-768x510.jpg 768w, https:\/\/kaliszczasemmalowany.pl\/wp-content\/uploads\/2018\/05\/DSC_0235-1200x797.jpg 1200w\" sizes=\"(max-width: 960px) 100vw, 960px\" \/><\/p>\n<p><span style=\"font-size: 12pt;\">Marta Walczykiewicz, na co dzie\u0144 zawodniczka KTW Kalisz zosta\u0142a srebrn\u0105 medalistk\u0105 Igrzysk Olimpijskich w Rio de Janerio, w 2016 roku.<\/span><\/p>\n<p><span style=\"font-size: 12pt;\">\u0179r\u00f3d\u0142o:<\/span><\/p>\n<p><span style=\"font-size: 12pt;\"><a href=\"https:\/\/latarnikkaliski.pl\/historia-znad-prosny-przystan-kalisz\/\" target=\"_blank\" rel=\"noopener\">https:\/\/latarnikkaliski.pl\/historia-znad-prosny-przystan-kalisz\/<\/a><\/span><\/p>\n<p><span style=\"font-size: 12pt;\"><a href=\"https:\/\/rc.fm\/polityczne\/kalisz-przystan-po-remoncie.html\" target=\"_blank\" rel=\"noopener\">https:\/\/rc.fm\/polityczne\/kalisz-przystan-po-remoncie.html<\/a><\/span><\/p>\n<p><span style=\"font-size: 12pt;\"><em>zdj\u0119cia archiwalne udost\u0119pnione zosta\u0142y przez Joann\u0119 Plot\u0119 i El\u017cbiet\u0119 Rosiewicz<\/em><\/span><\/p>\n","protected":false},"excerpt":{"rendered":"<p>Przysta&#324; KTW, kt&oacute;r&#261; zbudowano w Parku Miejskim na Pro&#347;nie zacz&#281;&#322;a dzia&#322;a&#263; 4 maja 1913 roku. Klub sportowy &ndash; Kaliskie Towarzystwo Wio&#347;larskie, za&#322;o&#380;ony w 1894 roku, wychowuje zawodnik&oacute;w odnosz&#261;cych wiele sukces&oacute;w. Przysta&#324; zosta&#322;a pi&#281;knie odnowiona dzi&#281;ki staraniom Macieja B&#322;achowicza Z inicjatywy w&#322;adz pa&#324;stwowych, po I wojnie &#347;wiatowej propagowano szerzenie sportu i turystyki oraz promowanie postaw patriotycznych. Ministerstwo Wyzna&#324; Religijnych i O&#347;wiecenia Publicznego wysz&#322;o z programem tworzenia infrastruktury dla potrzeb turystyki szkolnej. Wraz z owym programem zaczyna si&#281; historia kaliskiej przystani &ndash; pocz&#261;tkowo szkolnej przystani wio&#347;larskiej ze schroniskiem wycieczkowym. G&#322;&oacute;wnym inicjatorem budowy by&#322; Feliks Matawowski &ndash; nauczyciel wychowania fizycznego w Gimnazjum im. Tadeusza Ko&#347;ciuszki. Przysta&#324; KTW oddano do u&#380;ytkowania latach 30. Oferowa&#322;a ona pokoje noclegowe dla wycieczek szkolnych na pi&#281;trze, a na parterze mie&#347;ci&#322;y si&#281; szatnie, hangary na &#322;odzie czy te&#380; treningowy basen wio&#347;larski (zdj&#281;cie udost&#281;pnione przez Macieja B&#322;achowicza)<\/p>\n","protected":false},"author":2,"featured_media":25970,"comment_status":"open","ping_status":"open","sticky":false,"template":"","format":"standard","meta":{"_monsterinsights_skip_tracking":false,"_monsterinsights_sitenote_active":false,"_monsterinsights_sitenote_note":"","_monsterinsights_sitenote_category":0,"footnotes":""},"categories":[39,2,5,7],"tags":[220,13,265,23,85,217,266],"class_list":["post-2136","post","type-post","status-publish","format-standard","has-post-thumbnail","hentry","category-kaliszanie","category-o-kaliszu","category-park","category-rzeki","tag-blachowicz","tag-kalisz","tag-ktw","tag-park","tag-park-miejski","tag-prosna","tag-przystan"],"aioseo_notices":[],"aioseo_head":"\n\t\t<!-- All in One SEO Pro 4.9.0 - aioseo.com -->\n\t<meta name=\"description\" content=\"Przysta\u0144 KTW, kt\u00f3r\u0105 zbudowano w Parku Miejskim na Pro\u015bnie zacz\u0119\u0142a dzia\u0142a\u0107 4 maja 1913 r. Klub sportowy Kaliskie Towarzystwo Wio\u015blarskie, za\u0142o\u017cony w 1894 r.\" \/>\n\t<meta name=\"robots\" content=\"max-image-preview:large\" \/>\n\t<meta name=\"author\" content=\"PiK\"\/>\n\t<meta name=\"keywords\" content=\"b\u0142achowicz,kalisz,ktw,park,park miejski,prosna,przysta\u0144,kaliszanie,o kaliszu,parki,rzeki\" \/>\n\t<link rel=\"canonical\" href=\"https:\/\/kaliszczasemmalowany.pl\/index.php\/2026\/przystan-ktw\/\" \/>\n\t<meta name=\"generator\" content=\"All in One SEO Pro (AIOSEO) 4.9.0\" \/>\n\t\t<meta property=\"og:locale\" content=\"pl_PL\" \/>\n\t\t<meta property=\"og:site_name\" content=\"Kalisz Czasem Malowany - Fotoblog subiektywny\" \/>\n\t\t<meta property=\"og:type\" content=\"activity\" \/>\n\t\t<meta property=\"og:title\" content=\"Przysta\u0144 KTW dzia\u0142a od maja 1913 roku - Fotoblog subiektywny\" \/>\n\t\t<meta property=\"og:description\" content=\"Przysta\u0144 KTW, kt\u00f3r\u0105 zbudowano w Parku Miejskim na Pro\u015bnie zacz\u0119\u0142a dzia\u0142a\u0107 4 maja 1913 r. Klub sportowy Kaliskie Towarzystwo Wio\u015blarskie, za\u0142o\u017cony w 1894 r.\" \/>\n\t\t<meta property=\"og:url\" content=\"https:\/\/kaliszczasemmalowany.pl\/index.php\/2026\/przystan-ktw\/\" \/>\n\t\t<meta property=\"fb:app_id\" content=\"1247192616682170\" \/>\n\t\t<meta property=\"fb:admins\" content=\"100003136013596,100070523616841,100004477359982\" \/>\n\t\t<meta property=\"og:image\" content=\"https:\/\/kaliszczasemmalowany.pl\/wp-content\/uploads\/2020\/04\/DSC_7189-scaled.jpg\" \/>\n\t\t<meta property=\"og:image:secure_url\" content=\"https:\/\/kaliszczasemmalowany.pl\/wp-content\/uploads\/2020\/04\/DSC_7189-scaled.jpg\" \/>\n\t\t<meta property=\"og:image:width\" content=\"2560\" \/>\n\t\t<meta property=\"og:image:height\" content=\"1680\" \/>\n\t\t<meta name=\"twitter:card\" content=\"summary_large_image\" \/>\n\t\t<meta name=\"twitter:site\" content=\"@pik1982dil\" \/>\n\t\t<meta name=\"twitter:title\" content=\"Przysta\u0144 KTW dzia\u0142a od maja 1913 roku - Fotoblog subiektywny\" \/>\n\t\t<meta name=\"twitter:description\" content=\"Przysta\u0144 KTW, kt\u00f3r\u0105 zbudowano w Parku Miejskim na Pro\u015bnie zacz\u0119\u0142a dzia\u0142a\u0107 4 maja 1913 r. Klub sportowy Kaliskie Towarzystwo Wio\u015blarskie, za\u0142o\u017cony w 1894 r.\" \/>\n\t\t<meta name=\"twitter:creator\" content=\"@pik1982dil\" \/>\n\t\t<meta name=\"twitter:image\" content=\"https:\/\/kaliszczasemmalowany.pl\/wp-content\/uploads\/2020\/04\/DSC_7189-scaled.jpg\" \/>\n\t\t<meta name=\"twitter:label1\" content=\"Autor\" \/>\n\t\t<meta name=\"twitter:data1\" content=\"PiK\" \/>\n\t\t<meta name=\"twitter:label2\" content=\"Szac. czas czytania\" \/>\n\t\t<meta name=\"twitter:data2\" content=\"3 minuty\" \/>\n\t\t<script type=\"application\/ld+json\" class=\"aioseo-schema\">\n\t\t\t{\"@context\":\"https:\\\/\\\/schema.org\",\"@graph\":[{\"@type\":\"BlogPosting\",\"@id\":\"https:\\\/\\\/kaliszczasemmalowany.pl\\\/index.php\\\/2026\\\/przystan-ktw\\\/#blogposting\",\"name\":\"Przysta\\u0144 KTW dzia\\u0142a od maja 1913 roku - Fotoblog subiektywny\",\"headline\":\"Przysta\\u0144 KTW dzia\\u0142a od maja 1913 roku\",\"author\":{\"@id\":\"https:\\\/\\\/kaliszczasemmalowany.pl\\\/index.php\\\/author\\\/krysia\\\/#author\"},\"publisher\":{\"@id\":\"https:\\\/\\\/kaliszczasemmalowany.pl\\\/#person\"},\"image\":{\"@type\":\"ImageObject\",\"url\":\"https:\\\/\\\/kaliszczasemmalowany.pl\\\/wp-content\\\/uploads\\\/2020\\\/04\\\/DSC_7189-scaled.jpg\",\"width\":2560,\"height\":1680,\"caption\":\"Przysta\\u0144 KTW\"},\"datePublished\":\"2026-03-06T08:57:35+02:00\",\"dateModified\":\"2026-03-06T13:27:44+02:00\",\"inLanguage\":\"pl-PL\",\"commentCount\":1,\"mainEntityOfPage\":{\"@id\":\"https:\\\/\\\/kaliszczasemmalowany.pl\\\/index.php\\\/2026\\\/przystan-ktw\\\/#webpage\"},\"isPartOf\":{\"@id\":\"https:\\\/\\\/kaliszczasemmalowany.pl\\\/index.php\\\/2026\\\/przystan-ktw\\\/#webpage\"},\"articleSection\":\"kaliszanie, O Kaliszu, parki, rzeki, B\\u0142achowicz, Kalisz, KTW, park, Park Miejski, Prosna, przysta\\u0144\"},{\"@type\":\"BreadcrumbList\",\"@id\":\"https:\\\/\\\/kaliszczasemmalowany.pl\\\/index.php\\\/2026\\\/przystan-ktw\\\/#breadcrumblist\",\"itemListElement\":[{\"@type\":\"ListItem\",\"@id\":\"https:\\\/\\\/kaliszczasemmalowany.pl#listItem\",\"position\":1,\"name\":\"Strona g\\u0142\\u00f3wna\",\"item\":\"https:\\\/\\\/kaliszczasemmalowany.pl\",\"nextItem\":{\"@type\":\"ListItem\",\"@id\":\"https:\\\/\\\/kaliszczasemmalowany.pl\\\/index.php\\\/category\\\/o-kaliszu\\\/#listItem\",\"name\":\"O Kaliszu\"}},{\"@type\":\"ListItem\",\"@id\":\"https:\\\/\\\/kaliszczasemmalowany.pl\\\/index.php\\\/category\\\/o-kaliszu\\\/#listItem\",\"position\":2,\"name\":\"O Kaliszu\",\"item\":\"https:\\\/\\\/kaliszczasemmalowany.pl\\\/index.php\\\/category\\\/o-kaliszu\\\/\",\"nextItem\":{\"@type\":\"ListItem\",\"@id\":\"https:\\\/\\\/kaliszczasemmalowany.pl\\\/index.php\\\/category\\\/o-kaliszu\\\/rzeki\\\/#listItem\",\"name\":\"rzeki\"},\"previousItem\":{\"@type\":\"ListItem\",\"@id\":\"https:\\\/\\\/kaliszczasemmalowany.pl#listItem\",\"name\":\"Strona g\\u0142\\u00f3wna\"}},{\"@type\":\"ListItem\",\"@id\":\"https:\\\/\\\/kaliszczasemmalowany.pl\\\/index.php\\\/category\\\/o-kaliszu\\\/rzeki\\\/#listItem\",\"position\":3,\"name\":\"rzeki\",\"item\":\"https:\\\/\\\/kaliszczasemmalowany.pl\\\/index.php\\\/category\\\/o-kaliszu\\\/rzeki\\\/\",\"nextItem\":{\"@type\":\"ListItem\",\"@id\":\"https:\\\/\\\/kaliszczasemmalowany.pl\\\/index.php\\\/2026\\\/przystan-ktw\\\/#listItem\",\"name\":\"Przysta\\u0144 KTW dzia\\u0142a od maja 1913 roku\"},\"previousItem\":{\"@type\":\"ListItem\",\"@id\":\"https:\\\/\\\/kaliszczasemmalowany.pl\\\/index.php\\\/category\\\/o-kaliszu\\\/#listItem\",\"name\":\"O Kaliszu\"}},{\"@type\":\"ListItem\",\"@id\":\"https:\\\/\\\/kaliszczasemmalowany.pl\\\/index.php\\\/2026\\\/przystan-ktw\\\/#listItem\",\"position\":4,\"name\":\"Przysta\\u0144 KTW dzia\\u0142a od maja 1913 roku\",\"previousItem\":{\"@type\":\"ListItem\",\"@id\":\"https:\\\/\\\/kaliszczasemmalowany.pl\\\/index.php\\\/category\\\/o-kaliszu\\\/rzeki\\\/#listItem\",\"name\":\"rzeki\"}}]},{\"@type\":\"Person\",\"@id\":\"https:\\\/\\\/kaliszczasemmalowany.pl\\\/#person\",\"name\":\"Pawe\\u0142 Liszewski\",\"image\":{\"@type\":\"ImageObject\",\"@id\":\"https:\\\/\\\/kaliszczasemmalowany.pl\\\/index.php\\\/2026\\\/przystan-ktw\\\/#personImage\",\"url\":\"https:\\\/\\\/secure.gravatar.com\\\/avatar\\\/5a5afc29e8abe93f415ca15abf21395d6303ab000250220121432e5aab91966e?s=96&d=mm&r=g\",\"width\":96,\"height\":96,\"caption\":\"Pawe\\u0142 Liszewski\"}},{\"@type\":\"Person\",\"@id\":\"https:\\\/\\\/kaliszczasemmalowany.pl\\\/index.php\\\/author\\\/krysia\\\/#author\",\"url\":\"https:\\\/\\\/kaliszczasemmalowany.pl\\\/index.php\\\/author\\\/krysia\\\/\",\"name\":\"PiK\",\"image\":{\"@type\":\"ImageObject\",\"url\":\"https:\\\/\\\/secure.gravatar.com\\\/avatar\\\/a01eefe17b2143fe4c87c80742bc7ae8a193169eeebde9de8373aab5f31e2654?s=96&d=mm&r=g\"}},{\"@type\":\"WebPage\",\"@id\":\"https:\\\/\\\/kaliszczasemmalowany.pl\\\/index.php\\\/2026\\\/przystan-ktw\\\/#webpage\",\"url\":\"https:\\\/\\\/kaliszczasemmalowany.pl\\\/index.php\\\/2026\\\/przystan-ktw\\\/\",\"name\":\"Przysta\\u0144 KTW dzia\\u0142a od maja 1913 roku - Fotoblog subiektywny\",\"description\":\"Przysta\\u0144 KTW, kt\\u00f3r\\u0105 zbudowano w Parku Miejskim na Pro\\u015bnie zacz\\u0119\\u0142a dzia\\u0142a\\u0107 4 maja 1913 r. Klub sportowy Kaliskie Towarzystwo Wio\\u015blarskie, za\\u0142o\\u017cony w 1894 r.\",\"inLanguage\":\"pl-PL\",\"isPartOf\":{\"@id\":\"https:\\\/\\\/kaliszczasemmalowany.pl\\\/#website\"},\"breadcrumb\":{\"@id\":\"https:\\\/\\\/kaliszczasemmalowany.pl\\\/index.php\\\/2026\\\/przystan-ktw\\\/#breadcrumblist\"},\"author\":{\"@id\":\"https:\\\/\\\/kaliszczasemmalowany.pl\\\/index.php\\\/author\\\/krysia\\\/#author\"},\"creator\":{\"@id\":\"https:\\\/\\\/kaliszczasemmalowany.pl\\\/index.php\\\/author\\\/krysia\\\/#author\"},\"image\":{\"@type\":\"ImageObject\",\"url\":\"https:\\\/\\\/kaliszczasemmalowany.pl\\\/wp-content\\\/uploads\\\/2020\\\/04\\\/DSC_7189-scaled.jpg\",\"@id\":\"https:\\\/\\\/kaliszczasemmalowany.pl\\\/index.php\\\/2026\\\/przystan-ktw\\\/#mainImage\",\"width\":2560,\"height\":1680,\"caption\":\"Przysta\\u0144 KTW\"},\"primaryImageOfPage\":{\"@id\":\"https:\\\/\\\/kaliszczasemmalowany.pl\\\/index.php\\\/2026\\\/przystan-ktw\\\/#mainImage\"},\"datePublished\":\"2026-03-06T08:57:35+02:00\",\"dateModified\":\"2026-03-06T13:27:44+02:00\"},{\"@type\":\"WebSite\",\"@id\":\"https:\\\/\\\/kaliszczasemmalowany.pl\\\/#website\",\"url\":\"https:\\\/\\\/kaliszczasemmalowany.pl\\\/\",\"name\":\"Kalisz Czasem Malowany\",\"description\":\"Fotoblog subiektywny\",\"inLanguage\":\"pl-PL\",\"publisher\":{\"@id\":\"https:\\\/\\\/kaliszczasemmalowany.pl\\\/#person\"}}]}\n\t\t<\/script>\n\t\t<!-- All in One SEO Pro -->\r\n\t\t<title>Przysta\u0144 KTW dzia\u0142a od maja 1913 roku - Fotoblog subiektywny<\/title>\n\n","aioseo_head_json":{"title":"Przysta\u0144 KTW dzia\u0142a od maja 1913 roku - Fotoblog subiektywny","description":"Przysta\u0144 KTW, kt\u00f3r\u0105 zbudowano w Parku Miejskim na Pro\u015bnie zacz\u0119\u0142a dzia\u0142a\u0107 4 maja 1913 r. Klub sportowy Kaliskie Towarzystwo Wio\u015blarskie, za\u0142o\u017cony w 1894 r.","canonical_url":"https:\/\/kaliszczasemmalowany.pl\/index.php\/2026\/przystan-ktw\/","robots":"max-image-preview:large","keywords":"b\u0142achowicz,kalisz,ktw,park,park miejski,prosna,przysta\u0144,kaliszanie,o kaliszu,parki,rzeki","webmasterTools":{"miscellaneous":""},"schema":{"@context":"https:\/\/schema.org","@graph":[{"@type":"BlogPosting","@id":"https:\/\/kaliszczasemmalowany.pl\/index.php\/2026\/przystan-ktw\/#blogposting","name":"Przysta\u0144 KTW dzia\u0142a od maja 1913 roku - Fotoblog subiektywny","headline":"Przysta\u0144 KTW dzia\u0142a od maja 1913 roku","author":{"@id":"https:\/\/kaliszczasemmalowany.pl\/index.php\/author\/krysia\/#author"},"publisher":{"@id":"https:\/\/kaliszczasemmalowany.pl\/#person"},"image":{"@type":"ImageObject","url":"https:\/\/kaliszczasemmalowany.pl\/wp-content\/uploads\/2020\/04\/DSC_7189-scaled.jpg","width":2560,"height":1680,"caption":"Przysta\u0144 KTW"},"datePublished":"2026-03-06T08:57:35+02:00","dateModified":"2026-03-06T13:27:44+02:00","inLanguage":"pl-PL","commentCount":1,"mainEntityOfPage":{"@id":"https:\/\/kaliszczasemmalowany.pl\/index.php\/2026\/przystan-ktw\/#webpage"},"isPartOf":{"@id":"https:\/\/kaliszczasemmalowany.pl\/index.php\/2026\/przystan-ktw\/#webpage"},"articleSection":"kaliszanie, O Kaliszu, parki, rzeki, B\u0142achowicz, Kalisz, KTW, park, Park Miejski, Prosna, przysta\u0144"},{"@type":"BreadcrumbList","@id":"https:\/\/kaliszczasemmalowany.pl\/index.php\/2026\/przystan-ktw\/#breadcrumblist","itemListElement":[{"@type":"ListItem","@id":"https:\/\/kaliszczasemmalowany.pl#listItem","position":1,"name":"Strona g\u0142\u00f3wna","item":"https:\/\/kaliszczasemmalowany.pl","nextItem":{"@type":"ListItem","@id":"https:\/\/kaliszczasemmalowany.pl\/index.php\/category\/o-kaliszu\/#listItem","name":"O Kaliszu"}},{"@type":"ListItem","@id":"https:\/\/kaliszczasemmalowany.pl\/index.php\/category\/o-kaliszu\/#listItem","position":2,"name":"O Kaliszu","item":"https:\/\/kaliszczasemmalowany.pl\/index.php\/category\/o-kaliszu\/","nextItem":{"@type":"ListItem","@id":"https:\/\/kaliszczasemmalowany.pl\/index.php\/category\/o-kaliszu\/rzeki\/#listItem","name":"rzeki"},"previousItem":{"@type":"ListItem","@id":"https:\/\/kaliszczasemmalowany.pl#listItem","name":"Strona g\u0142\u00f3wna"}},{"@type":"ListItem","@id":"https:\/\/kaliszczasemmalowany.pl\/index.php\/category\/o-kaliszu\/rzeki\/#listItem","position":3,"name":"rzeki","item":"https:\/\/kaliszczasemmalowany.pl\/index.php\/category\/o-kaliszu\/rzeki\/","nextItem":{"@type":"ListItem","@id":"https:\/\/kaliszczasemmalowany.pl\/index.php\/2026\/przystan-ktw\/#listItem","name":"Przysta\u0144 KTW dzia\u0142a od maja 1913 roku"},"previousItem":{"@type":"ListItem","@id":"https:\/\/kaliszczasemmalowany.pl\/index.php\/category\/o-kaliszu\/#listItem","name":"O Kaliszu"}},{"@type":"ListItem","@id":"https:\/\/kaliszczasemmalowany.pl\/index.php\/2026\/przystan-ktw\/#listItem","position":4,"name":"Przysta\u0144 KTW dzia\u0142a od maja 1913 roku","previousItem":{"@type":"ListItem","@id":"https:\/\/kaliszczasemmalowany.pl\/index.php\/category\/o-kaliszu\/rzeki\/#listItem","name":"rzeki"}}]},{"@type":"Person","@id":"https:\/\/kaliszczasemmalowany.pl\/#person","name":"Pawe\u0142 Liszewski","image":{"@type":"ImageObject","@id":"https:\/\/kaliszczasemmalowany.pl\/index.php\/2026\/przystan-ktw\/#personImage","url":"https:\/\/secure.gravatar.com\/avatar\/5a5afc29e8abe93f415ca15abf21395d6303ab000250220121432e5aab91966e?s=96&d=mm&r=g","width":96,"height":96,"caption":"Pawe\u0142 Liszewski"}},{"@type":"Person","@id":"https:\/\/kaliszczasemmalowany.pl\/index.php\/author\/krysia\/#author","url":"https:\/\/kaliszczasemmalowany.pl\/index.php\/author\/krysia\/","name":"PiK","image":{"@type":"ImageObject","url":"https:\/\/secure.gravatar.com\/avatar\/a01eefe17b2143fe4c87c80742bc7ae8a193169eeebde9de8373aab5f31e2654?s=96&d=mm&r=g"}},{"@type":"WebPage","@id":"https:\/\/kaliszczasemmalowany.pl\/index.php\/2026\/przystan-ktw\/#webpage","url":"https:\/\/kaliszczasemmalowany.pl\/index.php\/2026\/przystan-ktw\/","name":"Przysta\u0144 KTW dzia\u0142a od maja 1913 roku - Fotoblog subiektywny","description":"Przysta\u0144 KTW, kt\u00f3r\u0105 zbudowano w Parku Miejskim na Pro\u015bnie zacz\u0119\u0142a dzia\u0142a\u0107 4 maja 1913 r. Klub sportowy Kaliskie Towarzystwo Wio\u015blarskie, za\u0142o\u017cony w 1894 r.","inLanguage":"pl-PL","isPartOf":{"@id":"https:\/\/kaliszczasemmalowany.pl\/#website"},"breadcrumb":{"@id":"https:\/\/kaliszczasemmalowany.pl\/index.php\/2026\/przystan-ktw\/#breadcrumblist"},"author":{"@id":"https:\/\/kaliszczasemmalowany.pl\/index.php\/author\/krysia\/#author"},"creator":{"@id":"https:\/\/kaliszczasemmalowany.pl\/index.php\/author\/krysia\/#author"},"image":{"@type":"ImageObject","url":"https:\/\/kaliszczasemmalowany.pl\/wp-content\/uploads\/2020\/04\/DSC_7189-scaled.jpg","@id":"https:\/\/kaliszczasemmalowany.pl\/index.php\/2026\/przystan-ktw\/#mainImage","width":2560,"height":1680,"caption":"Przysta\u0144 KTW"},"primaryImageOfPage":{"@id":"https:\/\/kaliszczasemmalowany.pl\/index.php\/2026\/przystan-ktw\/#mainImage"},"datePublished":"2026-03-06T08:57:35+02:00","dateModified":"2026-03-06T13:27:44+02:00"},{"@type":"WebSite","@id":"https:\/\/kaliszczasemmalowany.pl\/#website","url":"https:\/\/kaliszczasemmalowany.pl\/","name":"Kalisz Czasem Malowany","description":"Fotoblog subiektywny","inLanguage":"pl-PL","publisher":{"@id":"https:\/\/kaliszczasemmalowany.pl\/#person"}}]},"og:locale":"pl_PL","og:site_name":"Kalisz Czasem Malowany - Fotoblog subiektywny","og:type":"activity","og:title":"Przysta\u0144 KTW dzia\u0142a od maja 1913 roku - Fotoblog subiektywny","og:description":"Przysta\u0144 KTW, kt\u00f3r\u0105 zbudowano w Parku Miejskim na Pro\u015bnie zacz\u0119\u0142a dzia\u0142a\u0107 4 maja 1913 r. Klub sportowy Kaliskie Towarzystwo Wio\u015blarskie, za\u0142o\u017cony w 1894 r.","og:url":"https:\/\/kaliszczasemmalowany.pl\/index.php\/2026\/przystan-ktw\/","fb:app_id":"1247192616682170","fb:admins":"100003136013596,100070523616841,100004477359982","og:image":"https:\/\/kaliszczasemmalowany.pl\/wp-content\/uploads\/2020\/04\/DSC_7189-scaled.jpg","og:image:secure_url":"https:\/\/kaliszczasemmalowany.pl\/wp-content\/uploads\/2020\/04\/DSC_7189-scaled.jpg","og:image:width":2560,"og:image:height":1680,"twitter:card":"summary_large_image","twitter:site":"@pik1982dil","twitter:title":"Przysta\u0144 KTW dzia\u0142a od maja 1913 roku - Fotoblog subiektywny","twitter:description":"Przysta\u0144 KTW, kt\u00f3r\u0105 zbudowano w Parku Miejskim na Pro\u015bnie zacz\u0119\u0142a dzia\u0142a\u0107 4 maja 1913 r. Klub sportowy Kaliskie Towarzystwo Wio\u015blarskie, za\u0142o\u017cony w 1894 r.","twitter:creator":"@pik1982dil","twitter:image":"https:\/\/kaliszczasemmalowany.pl\/wp-content\/uploads\/2020\/04\/DSC_7189-scaled.jpg","twitter:label1":"Autor","twitter:data1":"PiK","twitter:label2":"Szac. czas czytania","twitter:data2":"3 minuty"},"aioseo_meta_data":{"post_id":"2136","title":"#post_title #separator_sa #tagline","description":"Przysta\u0144 KTW, kt\u00f3r\u0105 zbudowano w Parku Miejskim na Pro\u015bnie zacz\u0119\u0142a dzia\u0142a\u0107 4 maja 1913 r. Klub sportowy Kaliskie Towarzystwo Wio\u015blarskie, za\u0142o\u017cony w 1894 r.","keywords":null,"keyphrases":{"focus":{"keyphrase":"Przysta\u0144 KTW","score":100,"analysis":{"keyphraseInTitle":{"score":9,"maxScore":9,"error":0},"keyphraseInDescription":{"score":9,"maxScore":9,"error":0},"keyphraseLength":{"score":9,"maxScore":9,"error":0,"length":2},"keyphraseInURL":{"score":5,"maxScore":5,"error":0},"keyphraseInIntroduction":{"score":9,"maxScore":9,"error":0},"keyphraseInSubHeadings":[],"keyphraseInImageAlt":{"score":9,"maxScore":9,"error":0},"keywordDensity":{"type":"best","score":9,"maxScore":9,"error":0}}},"additional":[]},"primary_term":{"category":7},"canonical_url":null,"og_title":null,"og_description":null,"og_object_type":"default","og_image_type":"default","og_image_url":null,"og_image_width":null,"og_image_height":null,"og_image_custom_url":null,"og_image_custom_fields":null,"og_video":"","og_custom_url":null,"og_article_section":null,"og_article_tags":null,"twitter_use_og":true,"twitter_card":"default","twitter_image_type":"default","twitter_image_url":null,"twitter_image_custom_url":null,"twitter_image_custom_fields":null,"twitter_title":null,"twitter_description":null,"schema":{"blockGraphs":[],"customGraphs":[],"default":{"data":{"Article":[],"Course":[],"Dataset":[],"FAQPage":[],"Movie":[],"Person":[],"Product":[],"ProductReview":[],"Car":[],"Recipe":[],"Service":[],"SoftwareApplication":[],"WebPage":[]},"graphName":"BlogPosting","isEnabled":true},"graphs":[]},"schema_type":"default","schema_type_options":null,"pillar_content":false,"robots_default":true,"robots_noindex":false,"robots_noarchive":false,"robots_nosnippet":false,"robots_nofollow":false,"robots_noimageindex":false,"robots_noodp":false,"robots_notranslate":false,"robots_max_snippet":"-1","robots_max_videopreview":"-1","robots_max_imagepreview":"large","priority":null,"frequency":"default","local_seo":null,"seo_analyzer_scan_date":"2026-03-06 12:53:13","breadcrumb_settings":null,"limit_modified_date":false,"reviewed_by":"0","open_ai":"{\"title\":{\"suggestions\":[],\"usage\":0},\"description\":{\"suggestions\":[],\"usage\":0}}","ai":{"faqs":[],"keyPoints":[],"titles":[],"descriptions":[],"socialPosts":{"email":[],"linkedin":[],"twitter":[],"facebook":[],"instagram":[]}},"created":"2023-08-16 18:04:51","updated":"2026-03-06 12:53:13"},"aioseo_breadcrumb":"<div class=\"aioseo-breadcrumbs\"><span class=\"aioseo-breadcrumb\">\n\t<a href=\"https:\/\/kaliszczasemmalowany.pl\" title=\"Strona g\u0142\u00f3wna\">Strona g\u0142\u00f3wna<\/a>\n<\/span><span class=\"aioseo-breadcrumb-separator\">\u00bb<\/span><span class=\"aioseo-breadcrumb\">\n\t<a href=\"https:\/\/kaliszczasemmalowany.pl\/index.php\/category\/o-kaliszu\/\" title=\"O Kaliszu\">O Kaliszu<\/a>\n<\/span><span class=\"aioseo-breadcrumb-separator\">\u00bb<\/span><span class=\"aioseo-breadcrumb\">\n\t<a href=\"https:\/\/kaliszczasemmalowany.pl\/index.php\/category\/o-kaliszu\/rzeki\/\" title=\"rzeki\">rzeki<\/a>\n<\/span><span class=\"aioseo-breadcrumb-separator\">\u00bb<\/span><span class=\"aioseo-breadcrumb\">\n\tPrzysta\u0144 KTW dzia\u0142a od maja 1913 roku\n<\/span><\/div>","aioseo_breadcrumb_json":[{"label":"Strona g\u0142\u00f3wna","link":"https:\/\/kaliszczasemmalowany.pl"},{"label":"O Kaliszu","link":"https:\/\/kaliszczasemmalowany.pl\/index.php\/category\/o-kaliszu\/"},{"label":"rzeki","link":"https:\/\/kaliszczasemmalowany.pl\/index.php\/category\/o-kaliszu\/rzeki\/"},{"label":"Przysta\u0144 KTW dzia\u0142a od maja 1913 roku","link":"https:\/\/kaliszczasemmalowany.pl\/index.php\/2026\/przystan-ktw\/"}],"acf":[],"_links":{"self":[{"href":"https:\/\/kaliszczasemmalowany.pl\/index.php\/wp-json\/wp\/v2\/posts\/2136","targetHints":{"allow":["GET"]}}],"collection":[{"href":"https:\/\/kaliszczasemmalowany.pl\/index.php\/wp-json\/wp\/v2\/posts"}],"about":[{"href":"https:\/\/kaliszczasemmalowany.pl\/index.php\/wp-json\/wp\/v2\/types\/post"}],"author":[{"embeddable":true,"href":"https:\/\/kaliszczasemmalowany.pl\/index.php\/wp-json\/wp\/v2\/users\/2"}],"replies":[{"embeddable":true,"href":"https:\/\/kaliszczasemmalowany.pl\/index.php\/wp-json\/wp\/v2\/comments?post=2136"}],"version-history":[{"count":24,"href":"https:\/\/kaliszczasemmalowany.pl\/index.php\/wp-json\/wp\/v2\/posts\/2136\/revisions"}],"predecessor-version":[{"id":47836,"href":"https:\/\/kaliszczasemmalowany.pl\/index.php\/wp-json\/wp\/v2\/posts\/2136\/revisions\/47836"}],"wp:featuredmedia":[{"embeddable":true,"href":"https:\/\/kaliszczasemmalowany.pl\/index.php\/wp-json\/wp\/v2\/media\/25970"}],"wp:attachment":[{"href":"https:\/\/kaliszczasemmalowany.pl\/index.php\/wp-json\/wp\/v2\/media?parent=2136"}],"wp:term":[{"taxonomy":"category","embeddable":true,"href":"https:\/\/kaliszczasemmalowany.pl\/index.php\/wp-json\/wp\/v2\/categories?post=2136"},{"taxonomy":"post_tag","embeddable":true,"href":"https:\/\/kaliszczasemmalowany.pl\/index.php\/wp-json\/wp\/v2\/tags?post=2136"}],"curies":[{"name":"wp","href":"https:\/\/api.w.org\/{rel}","templated":true}]}}