{"id":1419,"date":"2025-10-28T10:00:24","date_gmt":"2025-10-28T08:00:24","guid":{"rendered":"http:\/\/kaliszczasemmalowany.pl\/?p=1419"},"modified":"2025-10-28T11:51:24","modified_gmt":"2025-10-28T09:51:24","slug":"luterska-gorka","status":"publish","type":"post","link":"https:\/\/kaliszczasemmalowany.pl\/index.php\/2025\/luterska-gorka\/","title":{"rendered":"Luterska G\u00f3rka &#8222;Wspomnienia nie jest wart, kto Przodkom ho\u0142du odda\u0107 nie chce, Ty przyjacielu \u015bmia\u0142o wchod\u017a&#8230;&#8221;"},"content":{"rendered":"<p><strong>Luterska G\u00f3rka czyli cmentarz ewangelicko-augsburski w Kaliszu. <\/strong>Na \u0142agodnych wzg\u00f3rzach rozlokowa\u0142y si\u0119 stare cmentarze. G\u00f3rka Luterska \u2013 Cmentarz ewangelicko-augsburski za\u0142o\u017cony przed 1689; jeden z najstarszych polskich cmentarzy i najstarsza zachowana nekropolia w Kaliszu, Grecka G\u00f3rka \u2013 Cmentarz grecko-prawos\u0142awny za\u0142o\u017cony w 1786 oraz rzymsko-katolicki Cmentarz Miejski za\u0142o\u017cony w 1807.<\/p>\n<p><!--more--><\/p>\n<p><img fetchpriority=\"high\" decoding=\"async\" class=\"alignnone size-large wp-image-1416\" src=\"http:\/\/kaliszczasemmalowany.pl\/wp-content\/uploads\/2017\/10\/luterskagorka-23-1024x767.jpg\" alt=\"\" width=\"840\" height=\"629\" srcset=\"https:\/\/kaliszczasemmalowany.pl\/wp-content\/uploads\/2017\/10\/luterskagorka-23-1024x767.jpg 1024w, https:\/\/kaliszczasemmalowany.pl\/wp-content\/uploads\/2017\/10\/luterskagorka-23-300x225.jpg 300w, https:\/\/kaliszczasemmalowany.pl\/wp-content\/uploads\/2017\/10\/luterskagorka-23-768x575.jpg 768w, https:\/\/kaliszczasemmalowany.pl\/wp-content\/uploads\/2017\/10\/luterskagorka-23-1200x898.jpg 1200w\" sizes=\"(max-width: 840px) 100vw, 840px\" \/><\/p>\n<p><img decoding=\"async\" class=\"alignnone wp-image-1415\" src=\"http:\/\/kaliszczasemmalowany.pl\/wp-content\/uploads\/2017\/10\/luterskagorka-22-680x1024.jpg\" alt=\"\" width=\"840\" height=\"1265\" srcset=\"https:\/\/kaliszczasemmalowany.pl\/wp-content\/uploads\/2017\/10\/luterskagorka-22-680x1024.jpg 680w, https:\/\/kaliszczasemmalowany.pl\/wp-content\/uploads\/2017\/10\/luterskagorka-22-199x300.jpg 199w, https:\/\/kaliszczasemmalowany.pl\/wp-content\/uploads\/2017\/10\/luterskagorka-22-768x1157.jpg 768w, https:\/\/kaliszczasemmalowany.pl\/wp-content\/uploads\/2017\/10\/luterskagorka-22-1200x1807.jpg 1200w, https:\/\/kaliszczasemmalowany.pl\/wp-content\/uploads\/2017\/10\/luterskagorka-22.jpg 1700w\" sizes=\"(max-width: 840px) 100vw, 840px\" \/><\/p>\n<p><img decoding=\"async\" class=\"alignnone wp-image-1414\" src=\"http:\/\/kaliszczasemmalowany.pl\/wp-content\/uploads\/2017\/10\/luterskagorka-21-680x1024.jpg\" alt=\"\" width=\"843\" height=\"1269\" srcset=\"https:\/\/kaliszczasemmalowany.pl\/wp-content\/uploads\/2017\/10\/luterskagorka-21-680x1024.jpg 680w, https:\/\/kaliszczasemmalowany.pl\/wp-content\/uploads\/2017\/10\/luterskagorka-21-199x300.jpg 199w, https:\/\/kaliszczasemmalowany.pl\/wp-content\/uploads\/2017\/10\/luterskagorka-21-768x1157.jpg 768w, https:\/\/kaliszczasemmalowany.pl\/wp-content\/uploads\/2017\/10\/luterskagorka-21-1200x1807.jpg 1200w, https:\/\/kaliszczasemmalowany.pl\/wp-content\/uploads\/2017\/10\/luterskagorka-21.jpg 1700w\" sizes=\"(max-width: 843px) 100vw, 843px\" \/><\/p>\n<p><img loading=\"lazy\" decoding=\"async\" class=\"alignnone size-large wp-image-1413\" src=\"http:\/\/kaliszczasemmalowany.pl\/wp-content\/uploads\/2017\/10\/luterskagorka-20-1024x680.jpg\" alt=\"\" width=\"840\" height=\"558\" srcset=\"https:\/\/kaliszczasemmalowany.pl\/wp-content\/uploads\/2017\/10\/luterskagorka-20-1024x680.jpg 1024w, https:\/\/kaliszczasemmalowany.pl\/wp-content\/uploads\/2017\/10\/luterskagorka-20-300x199.jpg 300w, https:\/\/kaliszczasemmalowany.pl\/wp-content\/uploads\/2017\/10\/luterskagorka-20-768x510.jpg 768w, https:\/\/kaliszczasemmalowany.pl\/wp-content\/uploads\/2017\/10\/luterskagorka-20-1200x797.jpg 1200w\" sizes=\"(max-width: 840px) 100vw, 840px\" \/><\/p>\n<p><img loading=\"lazy\" decoding=\"async\" class=\"alignnone wp-image-1411\" src=\"http:\/\/kaliszczasemmalowany.pl\/wp-content\/uploads\/2017\/10\/luterskagorka-18-680x1024.jpg\" alt=\"\" width=\"842\" height=\"1268\" srcset=\"https:\/\/kaliszczasemmalowany.pl\/wp-content\/uploads\/2017\/10\/luterskagorka-18-680x1024.jpg 680w, https:\/\/kaliszczasemmalowany.pl\/wp-content\/uploads\/2017\/10\/luterskagorka-18-199x300.jpg 199w, https:\/\/kaliszczasemmalowany.pl\/wp-content\/uploads\/2017\/10\/luterskagorka-18-768x1157.jpg 768w, https:\/\/kaliszczasemmalowany.pl\/wp-content\/uploads\/2017\/10\/luterskagorka-18-1200x1807.jpg 1200w, https:\/\/kaliszczasemmalowany.pl\/wp-content\/uploads\/2017\/10\/luterskagorka-18.jpg 1700w\" sizes=\"(max-width: 842px) 100vw, 842px\" \/><\/p>\n<p><img loading=\"lazy\" decoding=\"async\" class=\"alignnone wp-image-1410\" src=\"http:\/\/kaliszczasemmalowany.pl\/wp-content\/uploads\/2017\/10\/luterskagorka-17-680x1024.jpg\" alt=\"\" width=\"842\" height=\"1268\" srcset=\"https:\/\/kaliszczasemmalowany.pl\/wp-content\/uploads\/2017\/10\/luterskagorka-17-680x1024.jpg 680w, https:\/\/kaliszczasemmalowany.pl\/wp-content\/uploads\/2017\/10\/luterskagorka-17-199x300.jpg 199w, https:\/\/kaliszczasemmalowany.pl\/wp-content\/uploads\/2017\/10\/luterskagorka-17-768x1157.jpg 768w, https:\/\/kaliszczasemmalowany.pl\/wp-content\/uploads\/2017\/10\/luterskagorka-17-1200x1807.jpg 1200w, https:\/\/kaliszczasemmalowany.pl\/wp-content\/uploads\/2017\/10\/luterskagorka-17.jpg 1700w\" sizes=\"(max-width: 842px) 100vw, 842px\" \/><\/p>\n<p><img loading=\"lazy\" decoding=\"async\" class=\"alignnone size-large wp-image-1412\" src=\"http:\/\/kaliszczasemmalowany.pl\/wp-content\/uploads\/2017\/10\/luterskagorka-19-1024x680.jpg\" alt=\"\" width=\"840\" height=\"558\" srcset=\"https:\/\/kaliszczasemmalowany.pl\/wp-content\/uploads\/2017\/10\/luterskagorka-19-1024x680.jpg 1024w, https:\/\/kaliszczasemmalowany.pl\/wp-content\/uploads\/2017\/10\/luterskagorka-19-300x199.jpg 300w, https:\/\/kaliszczasemmalowany.pl\/wp-content\/uploads\/2017\/10\/luterskagorka-19-768x510.jpg 768w, https:\/\/kaliszczasemmalowany.pl\/wp-content\/uploads\/2017\/10\/luterskagorka-19-1200x797.jpg 1200w\" sizes=\"(max-width: 840px) 100vw, 840px\" \/><\/p>\n<p><img loading=\"lazy\" decoding=\"async\" class=\"alignnone size-large wp-image-1408\" src=\"http:\/\/kaliszczasemmalowany.pl\/wp-content\/uploads\/2017\/10\/luterskagorka-15-1024x680.jpg\" alt=\"\" width=\"840\" height=\"558\" srcset=\"https:\/\/kaliszczasemmalowany.pl\/wp-content\/uploads\/2017\/10\/luterskagorka-15-1024x680.jpg 1024w, https:\/\/kaliszczasemmalowany.pl\/wp-content\/uploads\/2017\/10\/luterskagorka-15-300x199.jpg 300w, https:\/\/kaliszczasemmalowany.pl\/wp-content\/uploads\/2017\/10\/luterskagorka-15-768x510.jpg 768w, https:\/\/kaliszczasemmalowany.pl\/wp-content\/uploads\/2017\/10\/luterskagorka-15-1200x797.jpg 1200w\" sizes=\"(max-width: 840px) 100vw, 840px\" \/><\/p>\n<p>&nbsp;<\/p>\n<p><img loading=\"lazy\" decoding=\"async\" class=\"alignnone size-large wp-image-1406\" src=\"http:\/\/kaliszczasemmalowany.pl\/wp-content\/uploads\/2017\/10\/luterskagorka-13-1024x680.jpg\" alt=\"\" width=\"840\" height=\"558\" srcset=\"https:\/\/kaliszczasemmalowany.pl\/wp-content\/uploads\/2017\/10\/luterskagorka-13-1024x680.jpg 1024w, https:\/\/kaliszczasemmalowany.pl\/wp-content\/uploads\/2017\/10\/luterskagorka-13-300x199.jpg 300w, https:\/\/kaliszczasemmalowany.pl\/wp-content\/uploads\/2017\/10\/luterskagorka-13-768x510.jpg 768w, https:\/\/kaliszczasemmalowany.pl\/wp-content\/uploads\/2017\/10\/luterskagorka-13-1200x797.jpg 1200w\" sizes=\"(max-width: 840px) 100vw, 840px\" \/><\/p>\n<p><img loading=\"lazy\" decoding=\"async\" class=\"alignnone size-large wp-image-1405\" src=\"http:\/\/kaliszczasemmalowany.pl\/wp-content\/uploads\/2017\/10\/luterskagorka-12-1024x680.jpg\" alt=\"\" width=\"840\" height=\"558\" srcset=\"https:\/\/kaliszczasemmalowany.pl\/wp-content\/uploads\/2017\/10\/luterskagorka-12-1024x680.jpg 1024w, https:\/\/kaliszczasemmalowany.pl\/wp-content\/uploads\/2017\/10\/luterskagorka-12-300x199.jpg 300w, https:\/\/kaliszczasemmalowany.pl\/wp-content\/uploads\/2017\/10\/luterskagorka-12-768x510.jpg 768w, https:\/\/kaliszczasemmalowany.pl\/wp-content\/uploads\/2017\/10\/luterskagorka-12-1200x797.jpg 1200w\" sizes=\"(max-width: 840px) 100vw, 840px\" \/><\/p>\n<p><img loading=\"lazy\" decoding=\"async\" class=\"alignnone wp-image-1418\" src=\"http:\/\/kaliszczasemmalowany.pl\/wp-content\/uploads\/2017\/10\/luterskagorka-25-767x1024.jpg\" alt=\"\" width=\"840\" height=\"1121\" srcset=\"https:\/\/kaliszczasemmalowany.pl\/wp-content\/uploads\/2017\/10\/luterskagorka-25-767x1024.jpg 767w, https:\/\/kaliszczasemmalowany.pl\/wp-content\/uploads\/2017\/10\/luterskagorka-25-225x300.jpg 225w, https:\/\/kaliszczasemmalowany.pl\/wp-content\/uploads\/2017\/10\/luterskagorka-25-768x1026.jpg 768w, https:\/\/kaliszczasemmalowany.pl\/wp-content\/uploads\/2017\/10\/luterskagorka-25-1200x1603.jpg 1200w, https:\/\/kaliszczasemmalowany.pl\/wp-content\/uploads\/2017\/10\/luterskagorka-25.jpg 1706w\" sizes=\"(max-width: 840px) 100vw, 840px\" \/><\/p>\n<p><img loading=\"lazy\" decoding=\"async\" class=\"alignnone size-large wp-image-1403\" src=\"http:\/\/kaliszczasemmalowany.pl\/wp-content\/uploads\/2017\/10\/luterskagorka-10-1024x680.jpg\" alt=\"\" width=\"840\" height=\"558\" srcset=\"https:\/\/kaliszczasemmalowany.pl\/wp-content\/uploads\/2017\/10\/luterskagorka-10-1024x680.jpg 1024w, https:\/\/kaliszczasemmalowany.pl\/wp-content\/uploads\/2017\/10\/luterskagorka-10-300x199.jpg 300w, https:\/\/kaliszczasemmalowany.pl\/wp-content\/uploads\/2017\/10\/luterskagorka-10-768x510.jpg 768w, https:\/\/kaliszczasemmalowany.pl\/wp-content\/uploads\/2017\/10\/luterskagorka-10-1200x797.jpg 1200w\" sizes=\"(max-width: 840px) 100vw, 840px\" \/><\/p>\n<p><img loading=\"lazy\" decoding=\"async\" class=\"alignnone size-large wp-image-1402\" src=\"http:\/\/kaliszczasemmalowany.pl\/wp-content\/uploads\/2017\/10\/luterskagorka-09-1024x680.jpg\" alt=\"\" width=\"840\" height=\"558\" srcset=\"https:\/\/kaliszczasemmalowany.pl\/wp-content\/uploads\/2017\/10\/luterskagorka-09-1024x680.jpg 1024w, https:\/\/kaliszczasemmalowany.pl\/wp-content\/uploads\/2017\/10\/luterskagorka-09-300x199.jpg 300w, https:\/\/kaliszczasemmalowany.pl\/wp-content\/uploads\/2017\/10\/luterskagorka-09-768x510.jpg 768w, https:\/\/kaliszczasemmalowany.pl\/wp-content\/uploads\/2017\/10\/luterskagorka-09-1200x797.jpg 1200w\" sizes=\"(max-width: 840px) 100vw, 840px\" \/><\/p>\n<p><img loading=\"lazy\" decoding=\"async\" class=\"alignnone size-large wp-image-1400\" src=\"http:\/\/kaliszczasemmalowany.pl\/wp-content\/uploads\/2017\/10\/luterskagorka-07-962x1024.jpg\" alt=\"\" width=\"840\" height=\"894\" srcset=\"https:\/\/kaliszczasemmalowany.pl\/wp-content\/uploads\/2017\/10\/luterskagorka-07-962x1024.jpg 962w, https:\/\/kaliszczasemmalowany.pl\/wp-content\/uploads\/2017\/10\/luterskagorka-07-282x300.jpg 282w, https:\/\/kaliszczasemmalowany.pl\/wp-content\/uploads\/2017\/10\/luterskagorka-07-768x818.jpg 768w, https:\/\/kaliszczasemmalowany.pl\/wp-content\/uploads\/2017\/10\/luterskagorka-07-1200x1277.jpg 1200w, https:\/\/kaliszczasemmalowany.pl\/wp-content\/uploads\/2017\/10\/luterskagorka-07.jpg 1706w\" sizes=\"(max-width: 840px) 100vw, 840px\" \/><\/p>\n<p><img loading=\"lazy\" decoding=\"async\" class=\"alignnone size-large wp-image-1399\" src=\"http:\/\/kaliszczasemmalowany.pl\/wp-content\/uploads\/2017\/10\/luterskagorka-06-826x1024.jpg\" alt=\"\" width=\"826\" height=\"1024\" srcset=\"https:\/\/kaliszczasemmalowany.pl\/wp-content\/uploads\/2017\/10\/luterskagorka-06-826x1024.jpg 826w, https:\/\/kaliszczasemmalowany.pl\/wp-content\/uploads\/2017\/10\/luterskagorka-06-242x300.jpg 242w, https:\/\/kaliszczasemmalowany.pl\/wp-content\/uploads\/2017\/10\/luterskagorka-06-768x952.jpg 768w, https:\/\/kaliszczasemmalowany.pl\/wp-content\/uploads\/2017\/10\/luterskagorka-06-1200x1488.jpg 1200w, https:\/\/kaliszczasemmalowany.pl\/wp-content\/uploads\/2017\/10\/luterskagorka-06.jpg 1706w\" sizes=\"(max-width: 826px) 100vw, 826px\" \/><\/p>\n<p><img loading=\"lazy\" decoding=\"async\" class=\"alignnone size-large wp-image-1394\" src=\"http:\/\/kaliszczasemmalowany.pl\/wp-content\/uploads\/2017\/10\/luterskagorka-01-1024x680.jpg\" alt=\"\" width=\"840\" height=\"558\" srcset=\"https:\/\/kaliszczasemmalowany.pl\/wp-content\/uploads\/2017\/10\/luterskagorka-01-1024x680.jpg 1024w, https:\/\/kaliszczasemmalowany.pl\/wp-content\/uploads\/2017\/10\/luterskagorka-01-300x199.jpg 300w, https:\/\/kaliszczasemmalowany.pl\/wp-content\/uploads\/2017\/10\/luterskagorka-01-768x510.jpg 768w, https:\/\/kaliszczasemmalowany.pl\/wp-content\/uploads\/2017\/10\/luterskagorka-01-1200x797.jpg 1200w\" sizes=\"(max-width: 840px) 100vw, 840px\" \/><\/p>\n<p><img loading=\"lazy\" decoding=\"async\" class=\"alignnone size-large wp-image-1395\" src=\"http:\/\/kaliszczasemmalowany.pl\/wp-content\/uploads\/2017\/10\/luterskagorka-02-1024x680.jpg\" alt=\"\" width=\"840\" height=\"558\" srcset=\"https:\/\/kaliszczasemmalowany.pl\/wp-content\/uploads\/2017\/10\/luterskagorka-02-1024x680.jpg 1024w, https:\/\/kaliszczasemmalowany.pl\/wp-content\/uploads\/2017\/10\/luterskagorka-02-300x199.jpg 300w, https:\/\/kaliszczasemmalowany.pl\/wp-content\/uploads\/2017\/10\/luterskagorka-02-768x510.jpg 768w, https:\/\/kaliszczasemmalowany.pl\/wp-content\/uploads\/2017\/10\/luterskagorka-02-1200x797.jpg 1200w\" sizes=\"(max-width: 840px) 100vw, 840px\" \/><\/p>\n<p><img loading=\"lazy\" decoding=\"async\" class=\"alignnone size-large wp-image-1396\" src=\"http:\/\/kaliszczasemmalowany.pl\/wp-content\/uploads\/2017\/10\/luterskagorka-03-1024x680.jpg\" alt=\"\" width=\"840\" height=\"558\" srcset=\"https:\/\/kaliszczasemmalowany.pl\/wp-content\/uploads\/2017\/10\/luterskagorka-03-1024x680.jpg 1024w, https:\/\/kaliszczasemmalowany.pl\/wp-content\/uploads\/2017\/10\/luterskagorka-03-300x199.jpg 300w, https:\/\/kaliszczasemmalowany.pl\/wp-content\/uploads\/2017\/10\/luterskagorka-03-768x510.jpg 768w, https:\/\/kaliszczasemmalowany.pl\/wp-content\/uploads\/2017\/10\/luterskagorka-03-1200x797.jpg 1200w\" sizes=\"(max-width: 840px) 100vw, 840px\" \/><\/p>\n<p><img loading=\"lazy\" decoding=\"async\" class=\"alignnone size-large wp-image-1397\" src=\"http:\/\/kaliszczasemmalowany.pl\/wp-content\/uploads\/2017\/10\/luterskagorka-04-1024x680.jpg\" alt=\"\" width=\"840\" height=\"558\" srcset=\"https:\/\/kaliszczasemmalowany.pl\/wp-content\/uploads\/2017\/10\/luterskagorka-04-1024x680.jpg 1024w, https:\/\/kaliszczasemmalowany.pl\/wp-content\/uploads\/2017\/10\/luterskagorka-04-300x199.jpg 300w, https:\/\/kaliszczasemmalowany.pl\/wp-content\/uploads\/2017\/10\/luterskagorka-04-768x510.jpg 768w, https:\/\/kaliszczasemmalowany.pl\/wp-content\/uploads\/2017\/10\/luterskagorka-04-1200x797.jpg 1200w\" sizes=\"(max-width: 840px) 100vw, 840px\" \/><\/p>\n<p><img loading=\"lazy\" decoding=\"async\" class=\"alignnone wp-image-1398\" src=\"http:\/\/kaliszczasemmalowany.pl\/wp-content\/uploads\/2017\/10\/luterskagorka-05-680x1024.jpg\" alt=\"\" width=\"841\" height=\"1266\" srcset=\"https:\/\/kaliszczasemmalowany.pl\/wp-content\/uploads\/2017\/10\/luterskagorka-05-680x1024.jpg 680w, https:\/\/kaliszczasemmalowany.pl\/wp-content\/uploads\/2017\/10\/luterskagorka-05-199x300.jpg 199w, https:\/\/kaliszczasemmalowany.pl\/wp-content\/uploads\/2017\/10\/luterskagorka-05-768x1157.jpg 768w, https:\/\/kaliszczasemmalowany.pl\/wp-content\/uploads\/2017\/10\/luterskagorka-05-1200x1807.jpg 1200w, https:\/\/kaliszczasemmalowany.pl\/wp-content\/uploads\/2017\/10\/luterskagorka-05.jpg 1700w\" sizes=\"(max-width: 841px) 100vw, 841px\" \/><\/p>\n<p><span style=\"font-size: 12pt;\">Rogatka kaliska jest miejscem po\u0142o\u017conym na skrzy\u017cowaniu trzech kultur, kt\u00f3re historia bardzo \u015bci\u015ble ze sob\u0105 po\u0142\u0105czy\u0142a. Tutaj spotyka si\u0119 tradycja duchowa Wschodu i Zachodu. Na \u0142agodnych wzg\u00f3rzach rozlokowa\u0142y si\u0119 stare cmentarze. G\u00f3rka Luterska \u2013 Cmentarz ewangelicko-augsburski za\u0142o\u017cony przed 1689; jeden<br \/>\nz najstarszych polskich cmentarzy i najstarsza zachowana nekropolia w Kaliszu, Grecka G\u00f3rka \u2013 Cmentarz grecko-prawos\u0142awny za\u0142o\u017cony w 1786 oraz rzymsko-katolicki Cmentarz Miejski za\u0142o\u017cony w 1807. Kalisz w swej ponad 1850-letniej historii by\u0142 miastem wielu narodowo\u015bci, kultur i religii. \u015alady tej r\u00f3\u017cnorodno\u015bci widoczne s\u0105 na ka\u017cdym kroku.<\/span><\/p>\n<p><span style=\"font-size: 12pt;\"><em>cytat wzi\u0119ty z ksi\u0105\u017cki Stanis\u0142awa Ma\u0142yszki Zabytkowe cmentarze przy Rogatce w Kaliszu wydanej w 2012 roku przez Kaliskie Towarzystwo Przyjaci\u00f3\u0142 Nauk. \u00a0<\/em><\/span><\/p>\n","protected":false},"excerpt":{"rendered":"<p>Luterska G\u00f3rka Cmentarz ewangelicko-augsburski za\u0142o\u017cony przed 1689; jeden z najstarszych polskich cmentarzy i najstarsza zachowana nekropolia w Kaliszu,<\/p>\n","protected":false},"author":2,"featured_media":1417,"comment_status":"open","ping_status":"open","sticky":false,"template":"","format":"standard","meta":{"_monsterinsights_skip_tracking":false,"_monsterinsights_sitenote_active":false,"_monsterinsights_sitenote_note":"","_monsterinsights_sitenote_category":0,"footnotes":""},"categories":[4,2],"tags":[157,152,13,242,154],"class_list":["post-1419","post","type-post","status-publish","format-standard","has-post-thumbnail","hentry","category-cmentarze","category-o-kaliszu","tag-cmentarz-ewangelicko-augsburski","tag-cmentarze","tag-kalisz","tag-malyszko","tag-rogatka"],"aioseo_notices":[],"aioseo_head":"\n\t\t<!-- All in One SEO Pro 4.9.0 - aioseo.com -->\n\t<meta name=\"description\" content=\"Luterska G\u00f3rka Cmentarz ewangelicko-augsburski za\u0142o\u017cony przed 1689; jeden z najstarszych polskich cmentarzy i najstarsza zachowana nekropolia w Kaliszu,\" \/>\n\t<meta name=\"robots\" content=\"max-image-preview:large\" \/>\n\t<meta name=\"author\" content=\"PiK\"\/>\n\t<meta name=\"keywords\" content=\"cmentarz ewangelicko-augsburski,cmentarze,kalisz,ma\u0142yszko,rogatka,o kaliszu\" \/>\n\t<link rel=\"canonical\" href=\"https:\/\/kaliszczasemmalowany.pl\/index.php\/2025\/luterska-gorka\/\" \/>\n\t<meta name=\"generator\" content=\"All in One SEO Pro (AIOSEO) 4.9.0\" \/>\n\t\t<meta property=\"og:locale\" content=\"pl_PL\" \/>\n\t\t<meta property=\"og:site_name\" content=\"Kalisz Czasem Malowany - Fotoblog subiektywny\" \/>\n\t\t<meta property=\"og:type\" content=\"activity\" \/>\n\t\t<meta property=\"og:title\" content=\"Luterska G\u00f3rka cmentarz ewangelicko-augsburski w Kaliszu\" \/>\n\t\t<meta property=\"og:description\" content=\"Luterska G\u00f3rka Cmentarz ewangelicko-augsburski za\u0142o\u017cony przed 1689; jeden z najstarszych polskich cmentarzy i najstarsza zachowana nekropolia w Kaliszu,\" \/>\n\t\t<meta property=\"og:url\" content=\"https:\/\/kaliszczasemmalowany.pl\/index.php\/2025\/luterska-gorka\/\" \/>\n\t\t<meta property=\"fb:app_id\" content=\"1247192616682170\" \/>\n\t\t<meta property=\"fb:admins\" content=\"100003136013596,100070523616841,100004477359982\" \/>\n\t\t<meta property=\"og:image\" content=\"https:\/\/kaliszczasemmalowany.pl\/wp-content\/uploads\/2017\/10\/luterskagorka-24-e1761645067614.jpg\" \/>\n\t\t<meta property=\"og:image:secure_url\" content=\"https:\/\/kaliszczasemmalowany.pl\/wp-content\/uploads\/2017\/10\/luterskagorka-24-e1761645067614.jpg\" \/>\n\t\t<meta property=\"og:image:width\" content=\"1705\" \/>\n\t\t<meta property=\"og:image:height\" content=\"1134\" \/>\n\t\t<meta name=\"twitter:card\" content=\"summary_large_image\" \/>\n\t\t<meta name=\"twitter:site\" content=\"@pik1982dil\" \/>\n\t\t<meta name=\"twitter:title\" content=\"Luterska G\u00f3rka cmentarz ewangelicko-augsburski w Kaliszu\" \/>\n\t\t<meta name=\"twitter:description\" content=\"Luterska G\u00f3rka Cmentarz ewangelicko-augsburski za\u0142o\u017cony przed 1689; jeden z najstarszych polskich cmentarzy i najstarsza zachowana nekropolia w Kaliszu,\" \/>\n\t\t<meta name=\"twitter:creator\" content=\"@pik1982dil\" \/>\n\t\t<meta name=\"twitter:image\" content=\"https:\/\/kaliszczasemmalowany.pl\/wp-content\/uploads\/2017\/10\/luterskagorka-24-e1761645067614.jpg\" \/>\n\t\t<meta name=\"twitter:label1\" content=\"Autor\" \/>\n\t\t<meta name=\"twitter:data1\" content=\"PiK\" \/>\n\t\t<meta name=\"twitter:label2\" content=\"Szac. czas czytania\" \/>\n\t\t<meta name=\"twitter:data2\" content=\"1 minuta\" \/>\n\t\t<script type=\"application\/ld+json\" class=\"aioseo-schema\">\n\t\t\t{\"@context\":\"https:\\\/\\\/schema.org\",\"@graph\":[{\"@type\":\"BlogPosting\",\"@id\":\"https:\\\/\\\/kaliszczasemmalowany.pl\\\/index.php\\\/2025\\\/luterska-gorka\\\/#blogposting\",\"name\":\"Luterska G\\u00f3rka cmentarz ewangelicko-augsburski w Kaliszu\",\"headline\":\"Luterska G\\u00f3rka &#8222;Wspomnienia nie jest wart, kto Przodkom ho\\u0142du odda\\u0107 nie chce, Ty przyjacielu \\u015bmia\\u0142o wchod\\u017a&#8230;&#8221;\",\"author\":{\"@id\":\"https:\\\/\\\/kaliszczasemmalowany.pl\\\/index.php\\\/author\\\/krysia\\\/#author\"},\"publisher\":{\"@id\":\"https:\\\/\\\/kaliszczasemmalowany.pl\\\/#person\"},\"image\":{\"@type\":\"ImageObject\",\"url\":\"https:\\\/\\\/kaliszczasemmalowany.pl\\\/wp-content\\\/uploads\\\/2017\\\/10\\\/luterskagorka-24-e1761645067614.jpg\",\"width\":1705,\"height\":1134},\"datePublished\":\"2025-10-28T10:00:24+02:00\",\"dateModified\":\"2025-10-28T11:51:24+02:00\",\"inLanguage\":\"pl-PL\",\"mainEntityOfPage\":{\"@id\":\"https:\\\/\\\/kaliszczasemmalowany.pl\\\/index.php\\\/2025\\\/luterska-gorka\\\/#webpage\"},\"isPartOf\":{\"@id\":\"https:\\\/\\\/kaliszczasemmalowany.pl\\\/index.php\\\/2025\\\/luterska-gorka\\\/#webpage\"},\"articleSection\":\"cmentarze, O Kaliszu, cmentarz ewangelicko-augsburski, cmentarze, Kalisz, Ma\\u0142yszko, Rogatka\"},{\"@type\":\"BreadcrumbList\",\"@id\":\"https:\\\/\\\/kaliszczasemmalowany.pl\\\/index.php\\\/2025\\\/luterska-gorka\\\/#breadcrumblist\",\"itemListElement\":[{\"@type\":\"ListItem\",\"@id\":\"https:\\\/\\\/kaliszczasemmalowany.pl#listItem\",\"position\":1,\"name\":\"Strona g\\u0142\\u00f3wna\",\"item\":\"https:\\\/\\\/kaliszczasemmalowany.pl\",\"nextItem\":{\"@type\":\"ListItem\",\"@id\":\"https:\\\/\\\/kaliszczasemmalowany.pl\\\/index.php\\\/category\\\/o-kaliszu\\\/#listItem\",\"name\":\"O Kaliszu\"}},{\"@type\":\"ListItem\",\"@id\":\"https:\\\/\\\/kaliszczasemmalowany.pl\\\/index.php\\\/category\\\/o-kaliszu\\\/#listItem\",\"position\":2,\"name\":\"O Kaliszu\",\"item\":\"https:\\\/\\\/kaliszczasemmalowany.pl\\\/index.php\\\/category\\\/o-kaliszu\\\/\",\"nextItem\":{\"@type\":\"ListItem\",\"@id\":\"https:\\\/\\\/kaliszczasemmalowany.pl\\\/index.php\\\/category\\\/o-kaliszu\\\/cmentarze\\\/#listItem\",\"name\":\"cmentarze\"},\"previousItem\":{\"@type\":\"ListItem\",\"@id\":\"https:\\\/\\\/kaliszczasemmalowany.pl#listItem\",\"name\":\"Strona g\\u0142\\u00f3wna\"}},{\"@type\":\"ListItem\",\"@id\":\"https:\\\/\\\/kaliszczasemmalowany.pl\\\/index.php\\\/category\\\/o-kaliszu\\\/cmentarze\\\/#listItem\",\"position\":3,\"name\":\"cmentarze\",\"item\":\"https:\\\/\\\/kaliszczasemmalowany.pl\\\/index.php\\\/category\\\/o-kaliszu\\\/cmentarze\\\/\",\"nextItem\":{\"@type\":\"ListItem\",\"@id\":\"https:\\\/\\\/kaliszczasemmalowany.pl\\\/index.php\\\/2025\\\/luterska-gorka\\\/#listItem\",\"name\":\"Luterska G\\u00f3rka &#8222;Wspomnienia nie jest wart, kto Przodkom ho\\u0142du odda\\u0107 nie chce, Ty przyjacielu \\u015bmia\\u0142o wchod\\u017a&#8230;&#8221;\"},\"previousItem\":{\"@type\":\"ListItem\",\"@id\":\"https:\\\/\\\/kaliszczasemmalowany.pl\\\/index.php\\\/category\\\/o-kaliszu\\\/#listItem\",\"name\":\"O Kaliszu\"}},{\"@type\":\"ListItem\",\"@id\":\"https:\\\/\\\/kaliszczasemmalowany.pl\\\/index.php\\\/2025\\\/luterska-gorka\\\/#listItem\",\"position\":4,\"name\":\"Luterska G\\u00f3rka &#8222;Wspomnienia nie jest wart, kto Przodkom ho\\u0142du odda\\u0107 nie chce, Ty przyjacielu \\u015bmia\\u0142o wchod\\u017a&#8230;&#8221;\",\"previousItem\":{\"@type\":\"ListItem\",\"@id\":\"https:\\\/\\\/kaliszczasemmalowany.pl\\\/index.php\\\/category\\\/o-kaliszu\\\/cmentarze\\\/#listItem\",\"name\":\"cmentarze\"}}]},{\"@type\":\"Person\",\"@id\":\"https:\\\/\\\/kaliszczasemmalowany.pl\\\/#person\",\"name\":\"Pawe\\u0142 Liszewski\",\"image\":{\"@type\":\"ImageObject\",\"@id\":\"https:\\\/\\\/kaliszczasemmalowany.pl\\\/index.php\\\/2025\\\/luterska-gorka\\\/#personImage\",\"url\":\"https:\\\/\\\/secure.gravatar.com\\\/avatar\\\/5a5afc29e8abe93f415ca15abf21395d6303ab000250220121432e5aab91966e?s=96&d=mm&r=g\",\"width\":96,\"height\":96,\"caption\":\"Pawe\\u0142 Liszewski\"}},{\"@type\":\"Person\",\"@id\":\"https:\\\/\\\/kaliszczasemmalowany.pl\\\/index.php\\\/author\\\/krysia\\\/#author\",\"url\":\"https:\\\/\\\/kaliszczasemmalowany.pl\\\/index.php\\\/author\\\/krysia\\\/\",\"name\":\"PiK\",\"image\":{\"@type\":\"ImageObject\",\"url\":\"https:\\\/\\\/secure.gravatar.com\\\/avatar\\\/a01eefe17b2143fe4c87c80742bc7ae8a193169eeebde9de8373aab5f31e2654?s=96&d=mm&r=g\"}},{\"@type\":\"WebPage\",\"@id\":\"https:\\\/\\\/kaliszczasemmalowany.pl\\\/index.php\\\/2025\\\/luterska-gorka\\\/#webpage\",\"url\":\"https:\\\/\\\/kaliszczasemmalowany.pl\\\/index.php\\\/2025\\\/luterska-gorka\\\/\",\"name\":\"Luterska G\\u00f3rka cmentarz ewangelicko-augsburski w Kaliszu\",\"description\":\"Luterska G\\u00f3rka Cmentarz ewangelicko-augsburski za\\u0142o\\u017cony przed 1689; jeden z najstarszych polskich cmentarzy i najstarsza zachowana nekropolia w Kaliszu,\",\"inLanguage\":\"pl-PL\",\"isPartOf\":{\"@id\":\"https:\\\/\\\/kaliszczasemmalowany.pl\\\/#website\"},\"breadcrumb\":{\"@id\":\"https:\\\/\\\/kaliszczasemmalowany.pl\\\/index.php\\\/2025\\\/luterska-gorka\\\/#breadcrumblist\"},\"author\":{\"@id\":\"https:\\\/\\\/kaliszczasemmalowany.pl\\\/index.php\\\/author\\\/krysia\\\/#author\"},\"creator\":{\"@id\":\"https:\\\/\\\/kaliszczasemmalowany.pl\\\/index.php\\\/author\\\/krysia\\\/#author\"},\"image\":{\"@type\":\"ImageObject\",\"url\":\"https:\\\/\\\/kaliszczasemmalowany.pl\\\/wp-content\\\/uploads\\\/2017\\\/10\\\/luterskagorka-24-e1761645067614.jpg\",\"@id\":\"https:\\\/\\\/kaliszczasemmalowany.pl\\\/index.php\\\/2025\\\/luterska-gorka\\\/#mainImage\",\"width\":1705,\"height\":1134},\"primaryImageOfPage\":{\"@id\":\"https:\\\/\\\/kaliszczasemmalowany.pl\\\/index.php\\\/2025\\\/luterska-gorka\\\/#mainImage\"},\"datePublished\":\"2025-10-28T10:00:24+02:00\",\"dateModified\":\"2025-10-28T11:51:24+02:00\"},{\"@type\":\"WebSite\",\"@id\":\"https:\\\/\\\/kaliszczasemmalowany.pl\\\/#website\",\"url\":\"https:\\\/\\\/kaliszczasemmalowany.pl\\\/\",\"name\":\"Kalisz Czasem Malowany\",\"description\":\"Fotoblog subiektywny\",\"inLanguage\":\"pl-PL\",\"publisher\":{\"@id\":\"https:\\\/\\\/kaliszczasemmalowany.pl\\\/#person\"}}]}\n\t\t<\/script>\n\t\t<!-- All in One SEO Pro -->\r\n\t\t<title>Luterska G\u00f3rka cmentarz ewangelicko-augsburski w Kaliszu<\/title>\n\n","aioseo_head_json":{"title":"Luterska G\u00f3rka cmentarz ewangelicko-augsburski w Kaliszu","description":"Luterska G\u00f3rka Cmentarz ewangelicko-augsburski za\u0142o\u017cony przed 1689; jeden z najstarszych polskich cmentarzy i najstarsza zachowana nekropolia w Kaliszu,","canonical_url":"https:\/\/kaliszczasemmalowany.pl\/index.php\/2025\/luterska-gorka\/","robots":"max-image-preview:large","keywords":"cmentarz ewangelicko-augsburski,cmentarze,kalisz,ma\u0142yszko,rogatka,o kaliszu","webmasterTools":{"miscellaneous":""},"schema":{"@context":"https:\/\/schema.org","@graph":[{"@type":"BlogPosting","@id":"https:\/\/kaliszczasemmalowany.pl\/index.php\/2025\/luterska-gorka\/#blogposting","name":"Luterska G\u00f3rka cmentarz ewangelicko-augsburski w Kaliszu","headline":"Luterska G\u00f3rka &#8222;Wspomnienia nie jest wart, kto Przodkom ho\u0142du odda\u0107 nie chce, Ty przyjacielu \u015bmia\u0142o wchod\u017a&#8230;&#8221;","author":{"@id":"https:\/\/kaliszczasemmalowany.pl\/index.php\/author\/krysia\/#author"},"publisher":{"@id":"https:\/\/kaliszczasemmalowany.pl\/#person"},"image":{"@type":"ImageObject","url":"https:\/\/kaliszczasemmalowany.pl\/wp-content\/uploads\/2017\/10\/luterskagorka-24-e1761645067614.jpg","width":1705,"height":1134},"datePublished":"2025-10-28T10:00:24+02:00","dateModified":"2025-10-28T11:51:24+02:00","inLanguage":"pl-PL","mainEntityOfPage":{"@id":"https:\/\/kaliszczasemmalowany.pl\/index.php\/2025\/luterska-gorka\/#webpage"},"isPartOf":{"@id":"https:\/\/kaliszczasemmalowany.pl\/index.php\/2025\/luterska-gorka\/#webpage"},"articleSection":"cmentarze, O Kaliszu, cmentarz ewangelicko-augsburski, cmentarze, Kalisz, Ma\u0142yszko, Rogatka"},{"@type":"BreadcrumbList","@id":"https:\/\/kaliszczasemmalowany.pl\/index.php\/2025\/luterska-gorka\/#breadcrumblist","itemListElement":[{"@type":"ListItem","@id":"https:\/\/kaliszczasemmalowany.pl#listItem","position":1,"name":"Strona g\u0142\u00f3wna","item":"https:\/\/kaliszczasemmalowany.pl","nextItem":{"@type":"ListItem","@id":"https:\/\/kaliszczasemmalowany.pl\/index.php\/category\/o-kaliszu\/#listItem","name":"O Kaliszu"}},{"@type":"ListItem","@id":"https:\/\/kaliszczasemmalowany.pl\/index.php\/category\/o-kaliszu\/#listItem","position":2,"name":"O Kaliszu","item":"https:\/\/kaliszczasemmalowany.pl\/index.php\/category\/o-kaliszu\/","nextItem":{"@type":"ListItem","@id":"https:\/\/kaliszczasemmalowany.pl\/index.php\/category\/o-kaliszu\/cmentarze\/#listItem","name":"cmentarze"},"previousItem":{"@type":"ListItem","@id":"https:\/\/kaliszczasemmalowany.pl#listItem","name":"Strona g\u0142\u00f3wna"}},{"@type":"ListItem","@id":"https:\/\/kaliszczasemmalowany.pl\/index.php\/category\/o-kaliszu\/cmentarze\/#listItem","position":3,"name":"cmentarze","item":"https:\/\/kaliszczasemmalowany.pl\/index.php\/category\/o-kaliszu\/cmentarze\/","nextItem":{"@type":"ListItem","@id":"https:\/\/kaliszczasemmalowany.pl\/index.php\/2025\/luterska-gorka\/#listItem","name":"Luterska G\u00f3rka &#8222;Wspomnienia nie jest wart, kto Przodkom ho\u0142du odda\u0107 nie chce, Ty przyjacielu \u015bmia\u0142o wchod\u017a&#8230;&#8221;"},"previousItem":{"@type":"ListItem","@id":"https:\/\/kaliszczasemmalowany.pl\/index.php\/category\/o-kaliszu\/#listItem","name":"O Kaliszu"}},{"@type":"ListItem","@id":"https:\/\/kaliszczasemmalowany.pl\/index.php\/2025\/luterska-gorka\/#listItem","position":4,"name":"Luterska G\u00f3rka &#8222;Wspomnienia nie jest wart, kto Przodkom ho\u0142du odda\u0107 nie chce, Ty przyjacielu \u015bmia\u0142o wchod\u017a&#8230;&#8221;","previousItem":{"@type":"ListItem","@id":"https:\/\/kaliszczasemmalowany.pl\/index.php\/category\/o-kaliszu\/cmentarze\/#listItem","name":"cmentarze"}}]},{"@type":"Person","@id":"https:\/\/kaliszczasemmalowany.pl\/#person","name":"Pawe\u0142 Liszewski","image":{"@type":"ImageObject","@id":"https:\/\/kaliszczasemmalowany.pl\/index.php\/2025\/luterska-gorka\/#personImage","url":"https:\/\/secure.gravatar.com\/avatar\/5a5afc29e8abe93f415ca15abf21395d6303ab000250220121432e5aab91966e?s=96&d=mm&r=g","width":96,"height":96,"caption":"Pawe\u0142 Liszewski"}},{"@type":"Person","@id":"https:\/\/kaliszczasemmalowany.pl\/index.php\/author\/krysia\/#author","url":"https:\/\/kaliszczasemmalowany.pl\/index.php\/author\/krysia\/","name":"PiK","image":{"@type":"ImageObject","url":"https:\/\/secure.gravatar.com\/avatar\/a01eefe17b2143fe4c87c80742bc7ae8a193169eeebde9de8373aab5f31e2654?s=96&d=mm&r=g"}},{"@type":"WebPage","@id":"https:\/\/kaliszczasemmalowany.pl\/index.php\/2025\/luterska-gorka\/#webpage","url":"https:\/\/kaliszczasemmalowany.pl\/index.php\/2025\/luterska-gorka\/","name":"Luterska G\u00f3rka cmentarz ewangelicko-augsburski w Kaliszu","description":"Luterska G\u00f3rka Cmentarz ewangelicko-augsburski za\u0142o\u017cony przed 1689; jeden z najstarszych polskich cmentarzy i najstarsza zachowana nekropolia w Kaliszu,","inLanguage":"pl-PL","isPartOf":{"@id":"https:\/\/kaliszczasemmalowany.pl\/#website"},"breadcrumb":{"@id":"https:\/\/kaliszczasemmalowany.pl\/index.php\/2025\/luterska-gorka\/#breadcrumblist"},"author":{"@id":"https:\/\/kaliszczasemmalowany.pl\/index.php\/author\/krysia\/#author"},"creator":{"@id":"https:\/\/kaliszczasemmalowany.pl\/index.php\/author\/krysia\/#author"},"image":{"@type":"ImageObject","url":"https:\/\/kaliszczasemmalowany.pl\/wp-content\/uploads\/2017\/10\/luterskagorka-24-e1761645067614.jpg","@id":"https:\/\/kaliszczasemmalowany.pl\/index.php\/2025\/luterska-gorka\/#mainImage","width":1705,"height":1134},"primaryImageOfPage":{"@id":"https:\/\/kaliszczasemmalowany.pl\/index.php\/2025\/luterska-gorka\/#mainImage"},"datePublished":"2025-10-28T10:00:24+02:00","dateModified":"2025-10-28T11:51:24+02:00"},{"@type":"WebSite","@id":"https:\/\/kaliszczasemmalowany.pl\/#website","url":"https:\/\/kaliszczasemmalowany.pl\/","name":"Kalisz Czasem Malowany","description":"Fotoblog subiektywny","inLanguage":"pl-PL","publisher":{"@id":"https:\/\/kaliszczasemmalowany.pl\/#person"}}]},"og:locale":"pl_PL","og:site_name":"Kalisz Czasem Malowany - Fotoblog subiektywny","og:type":"activity","og:title":"Luterska G\u00f3rka cmentarz ewangelicko-augsburski w Kaliszu","og:description":"Luterska G\u00f3rka Cmentarz ewangelicko-augsburski za\u0142o\u017cony przed 1689; jeden z najstarszych polskich cmentarzy i najstarsza zachowana nekropolia w Kaliszu,","og:url":"https:\/\/kaliszczasemmalowany.pl\/index.php\/2025\/luterska-gorka\/","fb:app_id":"1247192616682170","fb:admins":"100003136013596,100070523616841,100004477359982","og:image":"https:\/\/kaliszczasemmalowany.pl\/wp-content\/uploads\/2017\/10\/luterskagorka-24-e1761645067614.jpg","og:image:secure_url":"https:\/\/kaliszczasemmalowany.pl\/wp-content\/uploads\/2017\/10\/luterskagorka-24-e1761645067614.jpg","og:image:width":1705,"og:image:height":1134,"twitter:card":"summary_large_image","twitter:site":"@pik1982dil","twitter:title":"Luterska G\u00f3rka cmentarz ewangelicko-augsburski w Kaliszu","twitter:description":"Luterska G\u00f3rka Cmentarz ewangelicko-augsburski za\u0142o\u017cony przed 1689; jeden z najstarszych polskich cmentarzy i najstarsza zachowana nekropolia w Kaliszu,","twitter:creator":"@pik1982dil","twitter:image":"https:\/\/kaliszczasemmalowany.pl\/wp-content\/uploads\/2017\/10\/luterskagorka-24-e1761645067614.jpg","twitter:label1":"Autor","twitter:data1":"PiK","twitter:label2":"Szac. czas czytania","twitter:data2":"1 minuta"},"aioseo_meta_data":{"post_id":"1419","title":"Luterska G\u00f3rka cmentarz ewangelicko-augsburski w Kaliszu","description":null,"keywords":null,"keyphrases":{"focus":{"keyphrase":"Luterska G\u00f3rka","score":90,"analysis":{"keyphraseInTitle":{"score":9,"maxScore":9,"error":0},"keyphraseInDescription":{"score":9,"maxScore":9,"error":0},"keyphraseLength":{"score":9,"maxScore":9,"error":0,"length":3},"keyphraseInURL":{"score":5,"maxScore":5,"error":0},"keyphraseInIntroduction":{"score":9,"maxScore":9,"error":0},"keyphraseInSubHeadings":[],"keyphraseInImageAlt":{"score":3,"maxScore":9,"error":1},"keywordDensity":{"type":"best","score":9,"maxScore":9,"error":0}}},"additional":[]},"primary_term":{"category":4},"canonical_url":null,"og_title":null,"og_description":null,"og_object_type":"default","og_image_type":"default","og_image_url":null,"og_image_width":null,"og_image_height":null,"og_image_custom_url":null,"og_image_custom_fields":null,"og_video":"","og_custom_url":null,"og_article_section":null,"og_article_tags":null,"twitter_use_og":true,"twitter_card":"default","twitter_image_type":"default","twitter_image_url":null,"twitter_image_custom_url":null,"twitter_image_custom_fields":null,"twitter_title":null,"twitter_description":null,"schema":{"blockGraphs":[],"customGraphs":[],"default":{"data":{"Article":[],"Course":[],"Dataset":[],"FAQPage":[],"Movie":[],"Person":[],"Product":[],"ProductReview":[],"Car":[],"Recipe":[],"Service":[],"SoftwareApplication":[],"WebPage":[]},"graphName":"BlogPosting","isEnabled":true},"graphs":[]},"schema_type":"default","schema_type_options":null,"pillar_content":false,"robots_default":true,"robots_noindex":false,"robots_noarchive":false,"robots_nosnippet":false,"robots_nofollow":false,"robots_noimageindex":false,"robots_noodp":false,"robots_notranslate":false,"robots_max_snippet":"-1","robots_max_videopreview":"-1","robots_max_imagepreview":"large","priority":null,"frequency":"default","local_seo":null,"seo_analyzer_scan_date":"2025-11-28 15:41:38","breadcrumb_settings":null,"limit_modified_date":false,"reviewed_by":null,"open_ai":"{\"title\":{\"suggestions\":[],\"usage\":0},\"description\":{\"suggestions\":[],\"usage\":0}}","ai":null,"created":"2023-08-16 17:57:57","updated":"2025-11-28 15:41:38"},"aioseo_breadcrumb":"<div class=\"aioseo-breadcrumbs\"><span class=\"aioseo-breadcrumb\">\n\t<a href=\"https:\/\/kaliszczasemmalowany.pl\" title=\"Strona g\u0142\u00f3wna\">Strona g\u0142\u00f3wna<\/a>\n<\/span><span class=\"aioseo-breadcrumb-separator\">\u00bb<\/span><span class=\"aioseo-breadcrumb\">\n\t<a href=\"https:\/\/kaliszczasemmalowany.pl\/index.php\/category\/o-kaliszu\/\" title=\"O Kaliszu\">O Kaliszu<\/a>\n<\/span><span class=\"aioseo-breadcrumb-separator\">\u00bb<\/span><span class=\"aioseo-breadcrumb\">\n\t<a href=\"https:\/\/kaliszczasemmalowany.pl\/index.php\/category\/o-kaliszu\/cmentarze\/\" title=\"cmentarze\">cmentarze<\/a>\n<\/span><span class=\"aioseo-breadcrumb-separator\">\u00bb<\/span><span class=\"aioseo-breadcrumb\">\n\tLuterska G\u00f3rka \u201eWspomnienia nie jest wart, kto Przodkom ho\u0142du odda\u0107 nie chce, Ty przyjacielu \u015bmia\u0142o wchod\u017a\u2026\u201d\n<\/span><\/div>","aioseo_breadcrumb_json":[{"label":"Strona g\u0142\u00f3wna","link":"https:\/\/kaliszczasemmalowany.pl"},{"label":"O Kaliszu","link":"https:\/\/kaliszczasemmalowany.pl\/index.php\/category\/o-kaliszu\/"},{"label":"cmentarze","link":"https:\/\/kaliszczasemmalowany.pl\/index.php\/category\/o-kaliszu\/cmentarze\/"},{"label":"Luterska G\u00f3rka &#8222;Wspomnienia nie jest wart, kto Przodkom ho\u0142du odda\u0107 nie chce, Ty przyjacielu \u015bmia\u0142o wchod\u017a&#8230;&#8221;","link":"https:\/\/kaliszczasemmalowany.pl\/index.php\/2025\/luterska-gorka\/"}],"acf":[],"_links":{"self":[{"href":"https:\/\/kaliszczasemmalowany.pl\/index.php\/wp-json\/wp\/v2\/posts\/1419","targetHints":{"allow":["GET"]}}],"collection":[{"href":"https:\/\/kaliszczasemmalowany.pl\/index.php\/wp-json\/wp\/v2\/posts"}],"about":[{"href":"https:\/\/kaliszczasemmalowany.pl\/index.php\/wp-json\/wp\/v2\/types\/post"}],"author":[{"embeddable":true,"href":"https:\/\/kaliszczasemmalowany.pl\/index.php\/wp-json\/wp\/v2\/users\/2"}],"replies":[{"embeddable":true,"href":"https:\/\/kaliszczasemmalowany.pl\/index.php\/wp-json\/wp\/v2\/comments?post=1419"}],"version-history":[{"count":11,"href":"https:\/\/kaliszczasemmalowany.pl\/index.php\/wp-json\/wp\/v2\/posts\/1419\/revisions"}],"predecessor-version":[{"id":2458,"href":"https:\/\/kaliszczasemmalowany.pl\/index.php\/wp-json\/wp\/v2\/posts\/1419\/revisions\/2458"}],"wp:featuredmedia":[{"embeddable":true,"href":"https:\/\/kaliszczasemmalowany.pl\/index.php\/wp-json\/wp\/v2\/media\/1417"}],"wp:attachment":[{"href":"https:\/\/kaliszczasemmalowany.pl\/index.php\/wp-json\/wp\/v2\/media?parent=1419"}],"wp:term":[{"taxonomy":"category","embeddable":true,"href":"https:\/\/kaliszczasemmalowany.pl\/index.php\/wp-json\/wp\/v2\/categories?post=1419"},{"taxonomy":"post_tag","embeddable":true,"href":"https:\/\/kaliszczasemmalowany.pl\/index.php\/wp-json\/wp\/v2\/tags?post=1419"}],"curies":[{"name":"wp","href":"https:\/\/api.w.org\/{rel}","templated":true}]}}